{"id":398,"date":"2012-10-01T00:00:00","date_gmt":"2012-09-30T22:00:00","guid":{"rendered":"https:\/\/www.monapart.com\/magazine\/?p=398"},"modified":"2025-07-31T11:37:42","modified_gmt":"2025-07-31T09:37:42","slug":"wesco","status":"publish","type":"post","link":"https:\/\/www.monapart.com\/magazine\/ca\/hogar\/wesco","title":{"rendered":"Wesco"},"content":{"rendered":"<h1 class=\"wp-block-heading\">Wesco<\/h1>\n\n\n\n<h2 class=\"wp-block-heading\">Westermann &amp; Co es va fundar el 1867 a Sauerland, Alemanya, com a f\u00e0brica de planxes de metall.<\/h2>\n\n\n<div class='post-info'>1 d&#039;octubre del 2012 per <a href='https:\/\/www.monapart.com\/magazine\/ca\/autor\/monapart'>Monapart<\/a><\/div>\n\n\n\n<figure class=\"wp-block-image\"><img decoding=\"async\" src=\"https:\/\/magazine.monapart.com\/sites\/default\/files\/mediabrowser\/wesco-logo.png\" alt=\"Wesco | Monapart \"\/><\/figure>\n\n\n\n<p>Molt, molt\u00edssim ha plogut des de llavors, perqu\u00e8 al cat\u00e0leg de&nbsp;<a href=\"https:\/\/www.wesco.de\" target=\"_blank\" rel=\"noreferrer noopener\"><strong>Wesco<\/strong><\/a>&nbsp;no hi ha rastre d&#039;aquest univers pesat i gris, sin\u00f3 una infinitat de productes per a la llar plens de color, corbes i alegria de viure.<\/p>\n\n\n\n<figure class=\"wp-block-image\"><img decoding=\"async\" src=\"https:\/\/magazine.monapart.com\/sites\/default\/files\/mediabrowser\/wesco-breadboy.jpg\" alt=\"Wesco | Monapart \"\/><\/figure>\n\n\n\n<figure class=\"wp-block-image\"><img decoding=\"async\" src=\"https:\/\/www.monapart.com\/sites\/default\/files\/styles\/scale_960x960_\/public\/mediabrowser\/wesco-superball.png?itok=ydSmGIC7\" alt=\"Wesco | Monapart \"\/><\/figure>\n\n\n\n<figure class=\"wp-block-image\"><img decoding=\"async\" src=\"https:\/\/magazine.monapart.com\/sites\/default\/files\/mediabrowser\/wesco-breadbox.jpg\" alt=\"Wesco | Monapart \"\/><\/figure>\n\n\n\n<p>Moment clau en la llarga traject\u00f2ria de la companyia va ser quan un jove estudiant alemany, Egbert Neuhaus (actual Director de Wesco), va anar a Texas per estudiar. No s&#039;hauria imaginat mai que en lloc d&#039;enamorar-se d&#039;una texana bella galopant sense cadira, ho faria d&#039;una paperera. Dit aix\u00ed sona brut, per\u00f2 va ser tal qual. <\/p>\n\n\n\n<p>Va ser veure la t\u00edpica paperera americana de 50 l de capacitat amb pedal i tornar-se boig. Els Estats Units s\u00f3n la terra de les infinites possibilitats, per\u00f2 tamb\u00e9 un dels pa\u00efsos que produeix m\u00e9s escombraries del m\u00f3n, aix\u00ed que la paperera, b\u00e9 s&#039;ho mereixia\u2026 Decidit, se la va emportar amb ell a Alemanya i la va presentar a la seva fam\u00edlia. Wesco es va posar fil a l&#039;agulla. Va millorar el disseny, li va donar corbes i colors, i la va catapultar a la fama<\/p>\n\n\n\n<figure class=\"wp-block-image\"><img decoding=\"async\" src=\"https:\/\/magazine.monapart.com\/sites\/default\/files\/mediabrowser\/wesco-spaceboy.png\" alt=\"Wesco | Monapart \"\/><\/figure>\n\n\n\n<p>A ella ja m\u00e9s de vint articles i accessoris per a la cuina, que s\u00f3n avui dia una de les col\u00b7leccions m\u00e9s boniques, desenfadades i funcionals del mercat.<\/p>\n\n\n\n<figure class=\"wp-block-image\"><img decoding=\"async\" src=\"https:\/\/magazine.monapart.com\/sites\/default\/files\/mediabrowser\/wesco-bread-bin.png\" alt=\"Wesco | Monapart \"\/><\/figure>\n\n\n\n<figure class=\"wp-block-image\"><img decoding=\"async\" src=\"https:\/\/magazine.monapart.com\/sites\/default\/files\/mediabrowser\/wesco-spacy-basket.png\" alt=\"Wesco | Monapart \"\/><\/figure>\n\n\n\n<p><\/p>","protected":false},"excerpt":{"rendered":"<p>Wesco. es va fundar el 1867 a Sauerland, Alemanya, com a f\u00e0brica de planxes de metall.<\/p>","protected":false},"author":3,"featured_media":399,"comment_status":"closed","ping_status":"closed","sticky":false,"template":"","format":"standard","meta":{"_acf_changed":false,"footnotes":""},"categories":[2844,2846],"tags":[2889],"class_list":["post-398","post","type-post","status-publish","format-standard","has-post-thumbnail","hentry","category-hogar","category-espacios-y-vida","tag-cocina"],"acf":[],"_links":{"self":[{"href":"https:\/\/www.monapart.com\/magazine\/ca\/wp-json\/wp\/v2\/posts\/398","targetHints":{"allow":["GET"]}}],"collection":[{"href":"https:\/\/www.monapart.com\/magazine\/ca\/wp-json\/wp\/v2\/posts"}],"about":[{"href":"https:\/\/www.monapart.com\/magazine\/ca\/wp-json\/wp\/v2\/types\/post"}],"author":[{"embeddable":true,"href":"https:\/\/www.monapart.com\/magazine\/ca\/wp-json\/wp\/v2\/users\/3"}],"replies":[{"embeddable":true,"href":"https:\/\/www.monapart.com\/magazine\/ca\/wp-json\/wp\/v2\/comments?post=398"}],"version-history":[{"count":3,"href":"https:\/\/www.monapart.com\/magazine\/ca\/wp-json\/wp\/v2\/posts\/398\/revisions"}],"predecessor-version":[{"id":18521,"href":"https:\/\/www.monapart.com\/magazine\/ca\/wp-json\/wp\/v2\/posts\/398\/revisions\/18521"}],"wp:featuredmedia":[{"embeddable":true,"href":"https:\/\/www.monapart.com\/magazine\/ca\/wp-json\/wp\/v2\/media\/399"}],"wp:attachment":[{"href":"https:\/\/www.monapart.com\/magazine\/ca\/wp-json\/wp\/v2\/media?parent=398"}],"wp:term":[{"taxonomy":"category","embeddable":true,"href":"https:\/\/www.monapart.com\/magazine\/ca\/wp-json\/wp\/v2\/categories?post=398"},{"taxonomy":"post_tag","embeddable":true,"href":"https:\/\/www.monapart.com\/magazine\/ca\/wp-json\/wp\/v2\/tags?post=398"}],"curies":[{"name":"wp","href":"https:\/\/api.w.org\/{rel}","templated":true}]}}