{"id":380,"date":"2010-04-19T00:00:00","date_gmt":"2010-04-18T22:00:00","guid":{"rendered":"https:\/\/www.monapart.com\/magazine\/?p=380"},"modified":"2025-08-06T13:04:29","modified_gmt":"2025-08-06T11:04:29","slug":"claus-porto","status":"publish","type":"post","link":"https:\/\/www.monapart.com\/magazine\/ca\/hogar\/claus-porto","title":{"rendered":"Claus Porto"},"content":{"rendered":"<h1 class=\"wp-block-heading\">Claus Porto<\/h1>\n\n\n\n<h2 class=\"wp-block-heading\">Cadasc\u00fa i cada qui t\u00e9 les seves manies amb el sab\u00f3. Hi ha qui prefereix un gel escum\u00f3s i hi ha qui se segueix dutxant amb pastilla com ho feia el seu pare i tamb\u00e9 el seu avi; hi ha qui \u00e9s fidel a una olor de la inf\u00e0ncia i hi ha qui ho \u00e9s a un color; hi ha qui guarda les pastilles de sab\u00f3 dels hotels als calaixos de la roba interior; i hi ha qui no t\u00e9 cap mania en absolut\u2026 I hi ha sabons, i hi ha els Claus Porto. <\/h2>\n\n\n<div class='post-info'>19 d&#039;abril del 2010 per <a href='https:\/\/www.monapart.com\/magazine\/ca\/autor\/monapart'>Monapart<\/a><\/div>\n\n\n\n<figure class=\"wp-block-image\"><img decoding=\"async\" src=\"https:\/\/magazine.monapart.com\/sites\/default\/files\/mediabrowser\/claus-porto-fabrica_1.jpg\" alt=\"Claus Porto | Monapart \"\/><\/figure>\n\n\n\n<p>Dos alemanys, Ferdinand Claus i Georges Ph. Schweder van fundar aquesta primera f\u00e0brica de sabons i perfums a Porto el 188, en una \u00e8poca en qu\u00e8 aquest tipus de productes eren d&#039;importaci\u00f3 i es consideraven un privilegi de les classes acabalades.<\/p>\n\n\n\n<p>La f\u00e0brica va comen\u00e7ar amb bon peu, per\u00f2 la Primera Guerra Mundial va for\u00e7ar l&#039;exili dels dos fundadors i el tancament... Momentani. Doncs el seu aliat portugu\u00e8s, Achilles de Brito, i el seu germ\u00e0, van prendre el relleu i van fundar una nova companyia a les mateixes instal\u00b7lacions, l&#039;Ach. Brito &amp; Co., i van seguir produint sabons sota la mateixa marca \u00ab<strong>Claus Porto<\/strong>\u00bb.<\/p>\n\n\n\n<figure class=\"wp-block-image\"><img decoding=\"async\" src=\"https:\/\/magazine.monapart.com\/sites\/default\/files\/mediabrowser\/claus-porto-fabrica_2.jpg\" alt=\"Claus Porto | Monapart \"\/><\/figure>\n\n\n\n<figure class=\"wp-block-image\"><img decoding=\"async\" src=\"https:\/\/magazine.monapart.com\/sites\/default\/files\/mediabrowser\/claus-porto-fabrica_3.jpg\" alt=\"Claus Porto | Monapart \"\/><\/figure>\n\n\n\n<p>Aquesta nova companyia aviat va cr\u00e9ixer i va guanyar fama per la innovaci\u00f3, la qualitat i el packaging dels seus productes; fins i tot van crear la seva pr\u00f2pia litografia, per poder pintar totes les etiquetes a m\u00e0. Als anys 40 va aconseguir consolidar-se al mercat nacional i estranger, i des d&#039;aleshores, salvant un sotrac als 80, no ha deixat de cr\u00e9ixer i enfortir-se, considerant-se la marca dels \u00abartesans del sab\u00f3\u00bb.<\/p>\n\n\n\n<figure class=\"wp-block-image\"><img decoding=\"async\" src=\"https:\/\/magazine.monapart.com\/sites\/default\/files\/mediabrowser\/claus-porto-jabones.jpg\" alt=\"Claus Porto | Monapart \"\/><\/figure>\n\n\n\n<p>I amb ra\u00f3. Claus Porto produeix els millors sabons que pugueu imaginar, seguint el mateix m\u00e8tode des de fa m\u00e9s de 120 anys i gaireb\u00e9 tot a m\u00e0.<\/p>\n\n\n\n<figure class=\"wp-block-image\"><img decoding=\"async\" src=\"https:\/\/magazine.monapart.com\/sites\/default\/files\/mediabrowser\/claus-porto-embalaje-a-mano_2.jpg\" alt=\"Claus Porto | Monapart \"\/><\/figure>\n\n\n\n<p>La pasta de sab\u00f3 es mol set vegades, ja que aix\u00ed s&#039;elimina tot l&#039;aire i s&#039;aconsegueix una textura cremosa, una aroma duradora i llarga resist\u00e8ncia.<\/p>\n\n\n\n<figure class=\"wp-block-image\"><img decoding=\"async\" src=\"https:\/\/magazine.monapart.com\/sites\/default\/files\/mediabrowser\/claus-porto-jabon-prensado-a-mano_1.jpg\" alt=\"Claus Porto | Monapart \"\/><\/figure>\n\n\n\n<p>Despr\u00e9s les pastilles es laminen i se segellen, una a una, amb les mateixes m\u00e0quines a pedal que es feien servir fa m\u00e9s de 70 anys, i es deixen \u00abmadurar\u00bb durant tres setmanes, per a una millor consist\u00e8ncia.<\/p>\n\n\n\n<figure class=\"wp-block-image\"><img decoding=\"async\" src=\"https:\/\/magazine.monapart.com\/sites\/default\/files\/mediabrowser\/claus-porto-jabon-prensado-a-mano_2.jpg\" alt=\"Claus Porto | Monapart \"\/><\/figure>\n\n\n\n<p>Finalment, cada pastilla de sab\u00f3 s&#039;embolica a m\u00e0, seguint un proc\u00e9s minuci\u00f3s i delicat.<\/p>\n\n\n\n<figure class=\"wp-block-image\"><img decoding=\"async\" src=\"https:\/\/magazine.monapart.com\/sites\/default\/files\/mediabrowser\/claus-porto-embalaje-a-mano_1.jpg\" alt=\"Claus Porto | Monapart \"\/><\/figure>\n\n\n\n<figure class=\"wp-block-image\"><img decoding=\"async\" src=\"https:\/\/magazine.monapart.com\/sites\/default\/files\/mediabrowser\/claus-porto-embalaje-a-mano_3.jpg\" alt=\"Claus Porto | Monapart \"\/><\/figure>\n\n\n\n<p>I el packaging\u2026 \u00e9s la cirereta del past\u00eds. Cada gamma de sabons t\u00e9 la seva pr\u00f2pia marca i embolcall distintiu, i cadascun dels dissenys i etiquetes Art D\u00e9co est\u00e0 inspirat en els models de la litografia que va crear la companyia als anys 50.<\/p>\n\n\n\n<figure class=\"wp-block-image\"><img decoding=\"async\" src=\"https:\/\/magazine.monapart.com\/sites\/default\/files\/mediabrowser\/claus-porto-pakaging.jpg\" alt=\"Claus Porto | Monapart \"\/><\/figure>\n\n\n\n<p>Els Claus Porto s\u00f3n m\u00e9s que sabons, com les Harley Davidson s\u00f3n m\u00e9s que motos\u2026 Petites obres d&#039;art que aporten dosis de luxe a all\u00f2 quotidi\u00e0.<\/p>\n\n\n\n<figure class=\"wp-block-image\"><img decoding=\"async\" src=\"https:\/\/www.monapart.com\/sites\/default\/files\/styles\/scale_960x960_\/public\/mediabrowser\/claus-porto-navy-gift-set.jpg?itok=YX0kt7e0\" alt=\"Claus Porto | Monapart \"\/><\/figure>\n\n\n\n<p><\/p>","protected":false},"excerpt":{"rendered":"<p>Cadasc\u00fa i cada qui t\u00e9 les seves manies amb el sab\u00f3. Hi ha qui prefereix un gel escum\u00f3s i hi ha qui se segueix dutxant amb pastilla com ho feia el seu pare i tamb\u00e9 el seu avi; hi ha qui \u00e9s fidel a una olor de la inf\u00e0ncia i hi ha qui ho \u00e9s a un color; hi ha qui guarda les pastilles de sab\u00f3 dels hotels als calaixos de la roba interior; i hi ha qui no t\u00e9 cap mania en absolut\u2026 I hi ha sabons, i hi ha els Claus Porto. <\/p>","protected":false},"author":3,"featured_media":381,"comment_status":"closed","ping_status":"closed","sticky":false,"template":"","format":"standard","meta":{"_acf_changed":false,"footnotes":""},"categories":[2844,2846],"tags":[3203],"class_list":["post-380","post","type-post","status-publish","format-standard","has-post-thumbnail","hentry","category-hogar","category-espacios-y-vida","tag-consumibles"],"acf":[],"_links":{"self":[{"href":"https:\/\/www.monapart.com\/magazine\/ca\/wp-json\/wp\/v2\/posts\/380","targetHints":{"allow":["GET"]}}],"collection":[{"href":"https:\/\/www.monapart.com\/magazine\/ca\/wp-json\/wp\/v2\/posts"}],"about":[{"href":"https:\/\/www.monapart.com\/magazine\/ca\/wp-json\/wp\/v2\/types\/post"}],"author":[{"embeddable":true,"href":"https:\/\/www.monapart.com\/magazine\/ca\/wp-json\/wp\/v2\/users\/3"}],"replies":[{"embeddable":true,"href":"https:\/\/www.monapart.com\/magazine\/ca\/wp-json\/wp\/v2\/comments?post=380"}],"version-history":[{"count":2,"href":"https:\/\/www.monapart.com\/magazine\/ca\/wp-json\/wp\/v2\/posts\/380\/revisions"}],"predecessor-version":[{"id":18875,"href":"https:\/\/www.monapart.com\/magazine\/ca\/wp-json\/wp\/v2\/posts\/380\/revisions\/18875"}],"wp:featuredmedia":[{"embeddable":true,"href":"https:\/\/www.monapart.com\/magazine\/ca\/wp-json\/wp\/v2\/media\/381"}],"wp:attachment":[{"href":"https:\/\/www.monapart.com\/magazine\/ca\/wp-json\/wp\/v2\/media?parent=380"}],"wp:term":[{"taxonomy":"category","embeddable":true,"href":"https:\/\/www.monapart.com\/magazine\/ca\/wp-json\/wp\/v2\/categories?post=380"},{"taxonomy":"post_tag","embeddable":true,"href":"https:\/\/www.monapart.com\/magazine\/ca\/wp-json\/wp\/v2\/tags?post=380"}],"curies":[{"name":"wp","href":"https:\/\/api.w.org\/{rel}","templated":true}]}}