{"id":362,"date":"2010-03-26T00:00:00","date_gmt":"2010-03-25T23:00:00","guid":{"rendered":"https:\/\/www.monapart.com\/magazine\/?p=362"},"modified":"2025-08-06T13:45:56","modified_gmt":"2025-08-06T11:45:56","slug":"vincon","status":"publish","type":"post","link":"https:\/\/www.monapart.com\/magazine\/ca\/hogar\/vincon","title":{"rendered":"Vin\u00e7on"},"content":{"rendered":"<h1 class=\"wp-block-heading\">Vin\u00e7on<\/h1>\n\n\n\n<h2 class=\"wp-block-heading\">Quantes vegades ens haurem preguntat per qu\u00e8 els 30 primers metres de <strong><a href=\"http:\/\/www.vincon.com\/\" target=\"_blank\" rel=\"noreferrer noopener\">Vin\u00e7on<\/a><\/strong> s\u00f3n el m\u00e9s divertit, entretingut i temptador espai comercial de Barcelona?<\/h2>\n\n\n<div class='post-info'>26 de mar\u00e7 de 2010 per <a href=\"https:\/\/www.monapart.com\/magazine\/ca\/autor\/monapart\">Monapart<\/a><\/div>\n\n\n\n<figure class=\"wp-block-image\"><img decoding=\"async\" src=\"https:\/\/magazine.monapart.com\/sites\/default\/files\/mediabrowser\/vincon-tienda_1.jpg\" alt=\"Vin\u00e7on | Monapart\"\/><\/figure>\n\n\n\n<p>Ser\u00e0 perqu\u00e8 som fans dels objectes-de-decoraci\u00f3-barats-per\u00f2-que-semblen-cars (i bons) que exposen regularment al costat de l&#039;escala de pujada, a l&#039;esquerra del llum el mecanisme d&#039;encesa del qual \u00e9s la pichulina d&#039;un nen amb la pantalla per montera?<\/p>\n\n\n\n<figure class=\"wp-block-image\"><img decoding=\"async\" src=\"https:\/\/magazine.monapart.com\/sites\/default\/files\/mediabrowser\/vincon-productos-colgante-portalamparas.jpg\" alt=\"Vin\u00e7on | Monapart\"\/><\/figure>\n\n\n\n<figure class=\"wp-block-image\"><img decoding=\"async\" src=\"https:\/\/magazine.monapart.com\/sites\/default\/files\/mediabrowser\/vincon-productos-colgador-futbolin.jpg\" alt=\"Vin\u00e7on | Monapart\"\/><\/figure>\n\n\n\n<p>Perqu\u00e8 tenen una secci\u00f3 a la web dels <a href=\"http:\/\/www.vincon.com\/\" target=\"_blank\" rel=\"noreferrer noopener\">objectes menys venuts<\/a>?<\/p>\n\n\n\n<figure class=\"wp-block-image\"><img decoding=\"async\" src=\"https:\/\/magazine.monapart.com\/sites\/default\/files\/mediabrowser\/vincon-productos.jpg\" alt=\"Vin\u00e7on | Monapart\"\/><\/figure>\n\n\n\n<p>O ser\u00e0 perqu\u00e8 ens sentim envoltats de tot all\u00f2 bo, assenyat, imperible i \u00fatil que ha produ\u00eft el disseny industrial en els darrers cinquanta anys?<\/p>\n\n\n\n<figure class=\"wp-block-image\"><img decoding=\"async\" src=\"https:\/\/magazine.monapart.com\/sites\/default\/files\/mediabrowser\/vincon-productos-colgador-eames.jpg\" alt=\"Vin\u00e7on | Monapart\"\/><\/figure>\n\n\n\n<p>Admetem-ho, hi ha altres botigues de disseny a la ciutat, moltes amb m\u00e9s i millors mobles, per\u00f2 qui pensi a Vin\u00e7on com una botiga de mobiliari \u00e9s que no s&#039;ha passat mai pel lloc, perqu\u00e8 si hem de parlar d&#039;alguna especificitat comercial d&#039;aquest espai m\u00edtic, tant podr\u00edem remetre&#039;ns als seus or\u00edgens com a botiga de regals (Regals Hugo). <em>must-have<\/em> del disseny i del regal inclassificable de bon gust.<\/p>\n\n\n<div class=\"wp-block-image\">\n<figure class=\"aligncenter is-resized\"><img decoding=\"async\" src=\"https:\/\/magazine.monapart.com\/sites\/default\/files\/mediabrowser\/vincon-bolsa.jpg\" alt=\"Vin\u00e7on | Monapart\" style=\"width:642px;height:auto\"\/><\/figure>\n<\/div>\n\n\n<p>Per acabar: Si est\u00e0s llegint aix\u00f2 i ets de Barcelona, vull creure que no t&#039;estic descobrint res que no s\u00e0pigues (si no, ser\u00e0s un barcelon\u00ed ins\u00f2lit i digne d&#039;estudi detallat).<\/p>\n\n\n<div class=\"wp-block-image\">\n<figure class=\"aligncenter is-resized\"><img decoding=\"async\" src=\"https:\/\/magazine.monapart.com\/sites\/default\/files\/mediabrowser\/vincon-escaparate.jpg\" alt=\"Vin\u00e7on | Monapart\" style=\"width:651px;height:auto\"\/><\/figure>\n<\/div>","protected":false},"excerpt":{"rendered":"<p>Quantes vegades ens haurem preguntat per qu\u00e8 els 30 primers metres de Vin\u00e7on s\u00f3n el m\u00e9s divertit, entretingut i temptador espai comercial de Barcelona?<\/p>","protected":false},"author":3,"featured_media":363,"comment_status":"closed","ping_status":"closed","sticky":false,"template":"","format":"standard","meta":{"_acf_changed":false,"footnotes":""},"categories":[2844,2846],"tags":[2881],"class_list":["post-362","post","type-post","status-publish","format-standard","has-post-thumbnail","hentry","category-hogar","category-espacios-y-vida","tag-mobiliario"],"acf":[],"_links":{"self":[{"href":"https:\/\/www.monapart.com\/magazine\/ca\/wp-json\/wp\/v2\/posts\/362","targetHints":{"allow":["GET"]}}],"collection":[{"href":"https:\/\/www.monapart.com\/magazine\/ca\/wp-json\/wp\/v2\/posts"}],"about":[{"href":"https:\/\/www.monapart.com\/magazine\/ca\/wp-json\/wp\/v2\/types\/post"}],"author":[{"embeddable":true,"href":"https:\/\/www.monapart.com\/magazine\/ca\/wp-json\/wp\/v2\/users\/3"}],"replies":[{"embeddable":true,"href":"https:\/\/www.monapart.com\/magazine\/ca\/wp-json\/wp\/v2\/comments?post=362"}],"version-history":[{"count":3,"href":"https:\/\/www.monapart.com\/magazine\/ca\/wp-json\/wp\/v2\/posts\/362\/revisions"}],"predecessor-version":[{"id":18895,"href":"https:\/\/www.monapart.com\/magazine\/ca\/wp-json\/wp\/v2\/posts\/362\/revisions\/18895"}],"wp:featuredmedia":[{"embeddable":true,"href":"https:\/\/www.monapart.com\/magazine\/ca\/wp-json\/wp\/v2\/media\/363"}],"wp:attachment":[{"href":"https:\/\/www.monapart.com\/magazine\/ca\/wp-json\/wp\/v2\/media?parent=362"}],"wp:term":[{"taxonomy":"category","embeddable":true,"href":"https:\/\/www.monapart.com\/magazine\/ca\/wp-json\/wp\/v2\/categories?post=362"},{"taxonomy":"post_tag","embeddable":true,"href":"https:\/\/www.monapart.com\/magazine\/ca\/wp-json\/wp\/v2\/tags?post=362"}],"curies":[{"name":"wp","href":"https:\/\/api.w.org\/{rel}","templated":true}]}}