{"id":352,"date":"2013-05-06T00:00:00","date_gmt":"2013-05-05T22:00:00","guid":{"rendered":"https:\/\/www.monapart.com\/magazine\/?p=352"},"modified":"2025-07-30T13:59:28","modified_gmt":"2025-07-30T11:59:28","slug":"caffe-fiore","status":"publish","type":"post","link":"https:\/\/www.monapart.com\/magazine\/ca\/hogar\/caffe-fiore","title":{"rendered":"Caff\u00e8 fiore"},"content":{"rendered":"<h1 class=\"wp-block-heading\">Caff\u00e8 fiore<\/h1>\n\n\n\n<h2 class=\"wp-block-heading\">Amb l&#039;arribada de la primavera i el bon temps tots correm a buscar flors. Volem que la primavera entri tamb\u00e9 a casa! I ens envoltem de colors, bon rollisme i abund\u00e0ncia floral en forma de margarides, pet\u00fanies, tulipes, hort\u00e8nsies, pe\u00f2nies\u2026 <\/h2>\n\n\n<div class='post-info'>6 de maig de 2013 per <a href='https:\/\/www.monapart.com\/magazine\/ca\/autor\/monapart'>Monapart<\/a><\/div>\n\n\n\n<figure class=\"wp-block-image\"><img decoding=\"async\" src=\"https:\/\/magazine.monapart.com\/sites\/default\/files\/mediabrowser\/cafe-fiore_1.jpg\" alt=\"Caff\u00e8 fiore | Monapart \"\/><\/figure>\n\n\n\n<p>Mirem centenars de fotos de gerros i arranjaments florals a Pinterest, per\u00f2 per molt que ens esforcem, el resultat final no sempre \u00e9s el que vol\u00edem.<\/p>\n\n\n\n<p>Per aix\u00f2, ens encanten les propostes com aquesta del <strong>Caff\u00e8 Fiore<\/strong>, pensades per ajudar-nos a treure el m\u00e0xim profit als nostres arranjaments florals casolans amb senzills trucs que deixaran amics i familiars d&#039;esglai.<\/p>\n\n\n\n<figure class=\"wp-block-image\"><img decoding=\"async\" src=\"https:\/\/magazine.monapart.com\/sites\/default\/files\/mediabrowser\/cafe-fiore_2.jpg\" alt=\"Caff\u00e8 fiore | Monapart \"\/><\/figure>\n\n\n\n<p><a href=\"http:\/\/www.vonstrudel.com\/\" target=\"_blank\" rel=\"noreferrer noopener\">Von Str\u00fcdel<\/a>, empresa especialitzada en <strong>decoraci\u00f3 i muntatges florals ef\u00edmers<\/strong>, juntament amb l&#039;espai polivalent Meeatings23, van organitzar el passat 11 de maig aquest curs de gastronomia i decoraci\u00f3 floral, i de la m\u00e0 de Pepe Von Str\u00fcdel, vam descobrir com preparar unes postres amb gelatina i flors comestibles.<\/p>\n\n\n\n<figure class=\"wp-block-image\"><img decoding=\"async\" src=\"https:\/\/magazine.monapart.com\/sites\/default\/files\/mediabrowser\/cafe-fiore_6.jpg\" alt=\"Caff\u00e8 fiore | Monapart \"\/><\/figure>\n\n\n\n<figure class=\"wp-block-image\"><img decoding=\"async\" src=\"https:\/\/magazine.monapart.com\/sites\/default\/files\/mediabrowser\/cafe-fiore_10.jpg\" alt=\"Caff\u00e8 fiore | Monapart \"\/><\/figure>\n\n\n\n<p>Pensaments, flors de borratja, clavells xinesos i roses del Maresme van ser alguns dels ingredients que vam utilitzar.<\/p>\n\n\n\n<figure class=\"wp-block-image\"><img decoding=\"async\" src=\"https:\/\/magazine.monapart.com\/sites\/default\/files\/mediabrowser\/cafe-fiore_3.jpg\" alt=\"Caff\u00e8 fiore | Monapart \"\/><\/figure>\n\n\n\n<figure class=\"wp-block-image\"><img decoding=\"async\" src=\"https:\/\/magazine.monapart.com\/sites\/default\/files\/mediabrowser\/cafe-fiore_4.jpg\" alt=\"Caff\u00e8 fiore | Monapart \"\/><\/figure>\n\n\n\n<figure class=\"wp-block-image\"><img decoding=\"async\" src=\"https:\/\/magazine.monapart.com\/sites\/default\/files\/mediabrowser\/cafe-fiore_8.jpg\" alt=\"Caff\u00e8 fiore | Monapart \"\/><\/figure>\n\n\n\n<figure class=\"wp-block-image\"><img decoding=\"async\" src=\"https:\/\/magazine.monapart.com\/sites\/default\/files\/mediabrowser\/cafe-fiore_7.jpg\" alt=\"Caff\u00e8 fiore | Monapart \"\/><\/figure>\n\n\n\n<p>Per\u00f2 aix\u00f2 no va ser tot, perqu\u00e8 mentre deix\u00e0vem quallar la gelatina als motlles, vam aprendre a crear tamb\u00e9 un centre floral reutilitzant tasses de te de porcellana (<a href=\"\/magazine\/ca\/node\/528\/\" target=\"_blank\" rel=\"noreferrer noopener\">recordeu la de coses que es poden fer amb velles tasses de te?<\/a>) i vells utensilis de cuina.<\/p>\n\n\n\n<figure class=\"wp-block-image\"><img decoding=\"async\" src=\"https:\/\/magazine.monapart.com\/sites\/default\/files\/mediabrowser\/cafe-fiore_13.jpg\" alt=\"Caff\u00e8 fiore | Monapart \"\/><\/figure>\n\n\n\n<figure class=\"wp-block-image\"><img decoding=\"async\" src=\"https:\/\/magazine.monapart.com\/sites\/default\/files\/mediabrowser\/cafe-fiore_12.jpg\" alt=\"Caff\u00e8 fiore | Monapart \"\/><\/figure>\n\n\n\n<p>Un taller molt mol\u00f3, buc\u00f2lic i amb un estil semblant al de la pel\u00b7li <a href=\"https:\/\/www.youtube.com\/watch?v=1WjsqVwWyrI\" target=\"_blank\" rel=\"noreferrer noopener\">Marie Antoinette<\/a> de Sofia Coppola. Tr\u00e8s jolie.<\/p>\n\n\n\n<figure class=\"wp-block-image\"><img decoding=\"async\" src=\"https:\/\/magazine.monapart.com\/sites\/default\/files\/mediabrowser\/cafe-fiore_11.jpg\" alt=\"Caff\u00e8 fiore | Monapart \"\/><\/figure>\n\n\n\n<p>Si vols veure com va ser, d\u00f3na-li al play Monaparter.<\/p>\n\n\n\n<figure class=\"wp-block-embed is-type-video is-provider-youtube wp-block-embed-youtube wp-embed-aspect-16-9 wp-has-aspect-ratio\"><div class=\"wp-block-embed__wrapper\">\n<iframe loading=\"lazy\" title=\"CAFF\u00c8 FIORE\" width=\"500\" height=\"281\" src=\"https:\/\/www.youtube.com\/embed\/aYs2BgiFqsQ?feature=oembed\" frameborder=\"0\" allow=\"accelerometer; autoplay; clipboard-write; encrypted-media; gyroscope; picture-in-picture; web-share\" referrerpolicy=\"strict-origin-when-cross-origin\" allowfullscreen><\/iframe>\n<\/div><\/figure>","protected":false},"excerpt":{"rendered":"<p>Amb l&#039;arribada de la primavera i el bon temps tots correm a buscar flors. Volem que la primavera entri tamb\u00e9 a casa! I ens envoltem de colors, bon rollisme i abund\u00e0ncia floral en forma de margarides, pet\u00fanies, tulipes, hort\u00e8nsies, pe\u00f2nies\u2026 <\/p>","protected":false},"author":3,"featured_media":353,"comment_status":"closed","ping_status":"closed","sticky":false,"template":"","format":"standard","meta":{"_acf_changed":false,"footnotes":""},"categories":[2844,2846],"tags":[3247],"class_list":["post-352","post","type-post","status-publish","format-standard","has-post-thumbnail","hentry","category-hogar","category-espacios-y-vida","tag-flores-y-plantas"],"acf":[],"_links":{"self":[{"href":"https:\/\/www.monapart.com\/magazine\/ca\/wp-json\/wp\/v2\/posts\/352","targetHints":{"allow":["GET"]}}],"collection":[{"href":"https:\/\/www.monapart.com\/magazine\/ca\/wp-json\/wp\/v2\/posts"}],"about":[{"href":"https:\/\/www.monapart.com\/magazine\/ca\/wp-json\/wp\/v2\/types\/post"}],"author":[{"embeddable":true,"href":"https:\/\/www.monapart.com\/magazine\/ca\/wp-json\/wp\/v2\/users\/3"}],"replies":[{"embeddable":true,"href":"https:\/\/www.monapart.com\/magazine\/ca\/wp-json\/wp\/v2\/comments?post=352"}],"version-history":[{"count":3,"href":"https:\/\/www.monapart.com\/magazine\/ca\/wp-json\/wp\/v2\/posts\/352\/revisions"}],"predecessor-version":[{"id":18457,"href":"https:\/\/www.monapart.com\/magazine\/ca\/wp-json\/wp\/v2\/posts\/352\/revisions\/18457"}],"wp:featuredmedia":[{"embeddable":true,"href":"https:\/\/www.monapart.com\/magazine\/ca\/wp-json\/wp\/v2\/media\/353"}],"wp:attachment":[{"href":"https:\/\/www.monapart.com\/magazine\/ca\/wp-json\/wp\/v2\/media?parent=352"}],"wp:term":[{"taxonomy":"category","embeddable":true,"href":"https:\/\/www.monapart.com\/magazine\/ca\/wp-json\/wp\/v2\/categories?post=352"},{"taxonomy":"post_tag","embeddable":true,"href":"https:\/\/www.monapart.com\/magazine\/ca\/wp-json\/wp\/v2\/tags?post=352"}],"curies":[{"name":"wp","href":"https:\/\/api.w.org\/{rel}","templated":true}]}}