{"id":322,"date":"2010-04-03T00:00:00","date_gmt":"2010-04-02T22:00:00","guid":{"rendered":"https:\/\/www.monapart.com\/magazine\/?p=322"},"modified":"2025-08-06T13:40:10","modified_gmt":"2025-08-06T11:40:10","slug":"catifes-digit-cristian-zuzunaga","status":"publish","type":"post","link":"https:\/\/www.monapart.com\/magazine\/ca\/hogar\/alfombras-digit-cristian-zuzunaga","title":{"rendered":"Catifes Digit \u00b7 Cristian Zuzunaga"},"content":{"rendered":"<h1 class=\"wp-block-heading\">Catifes Digit \u00b7 Cristian Zuzunaga<\/h1>\n\n\n\n<h2 class=\"wp-block-heading\"><strong><a href=\"\/magazine\/ca\/node\/586\/\" target=\"_blank\" rel=\"noreferrer noopener\">Cristian Zuzunaga<\/a><\/strong>, nascut a Barcelona per\u00f2 resident a Londres, \u00e9s un dels dissenyadors que m\u00e9s ha fet parlar els \u00faltims anys pel seu particular \u00fas del color i el desenvolupament del concepte <strong>p\u00edxel aplicat sobre teixits<\/strong> en sof\u00e0s, mocadors de seda i coixins. <\/h2>\n\n\n<div class='post-info'>3 d&#039;abril del 2010 per <a href='https:\/\/www.monapart.com\/magazine\/ca\/autor\/monapart'>Monapart<\/a><\/div>\n\n\n<div class=\"wp-block-image\">\n<figure class=\"aligncenter is-resized\"><img decoding=\"async\" src=\"https:\/\/www.monapart.com\/sites\/default\/files\/styles\/scale_960x960_\/public\/mediabrowser\/cristian-zuzunaga_0.jpg?itok=O8VONMf5\" alt=\"Catifes Digit \u00b7 Cristian Zuzunaga | Monapart \" style=\"width:549px;height:auto\"\/><\/figure>\n<\/div>\n\n\n<p>Influenciat per l&#039;arquitectura de ciutats com Barcelona, Londres, Nova York o Xangai, Zuzunaga ha desenvolupat un particular m\u00f3n visual que ens pixela la retina amb molt de gust.<\/p>\n\n\n\n<p>A la passada <strong>Fira Internacional del Moble de Mil\u00e0<\/strong> (14-19 d&#039;abril), va presentar <a href=\"https:\/\/zuzunaga.com\/collections\" target=\"_blank\" rel=\"noreferrer noopener\"><strong>Digit<\/strong><\/a>, la nova <strong>col\u00b7lecci\u00f3 de catifes<\/strong> que ha dissenyat per <strong>Nani Marquina<\/strong>. El p\u00edxel \u00e9s sens dubte el seu segell distintiu i aquesta col\u00b7lecci\u00f3 de catifes aix\u00ed ho ratifica, ja que adquireix un aire tecnol\u00f2gic, modern i digital.<\/p>\n\n\n<div class=\"wp-block-image\">\n<figure class=\"aligncenter\"><img decoding=\"async\" src=\"https:\/\/www.monapart.com\/sites\/default\/files\/styles\/scale_960x960_\/public\/mediabrowser\/cristian-zuzunaga-alfombras-digit_1.jpg?itok=69TexTyP\" alt=\"Catifes Digit \u00b7 Cristian Zuzunaga | Monapart \"\/><\/figure>\n<\/div>\n\n\n<p>No us penseu ni per un segon que la combinaci\u00f3 de colors \u00e9s aleat\u00f2ria. Tot al contrari, Zuzunaga ha treballat minuciosament la combinaci\u00f3 dels vint-i-sis colors que componen cada catifa per obtenir aix\u00ed un resultat sorprenent. Dep\u00e8n de la llum o del moment, la mirada capta la uni\u00f3 aleat\u00f2ria duna part dels colors que formen el tap\u00eds, creant sempre un efecte \u00f2ptic impactant.<\/p>\n\n\n<div class=\"wp-block-image\">\n<figure class=\"aligncenter\"><img decoding=\"async\" src=\"https:\/\/www.monapart.com\/sites\/default\/files\/styles\/scale_960x960_\/public\/mediabrowser\/cristian-zuzunaga-alfombras-digit_2.jpg?itok=lZqafWvd\" alt=\"Catifes Digit \u00b7 Cristian Zuzunaga | Monapart \"\/><\/figure>\n<\/div>\n\n\n<p>La col\u00b7lecci\u00f3, feta amb llana 100% procedent de Nova Zelanda, es compon de dos models, un en colors vius (Digit 1) i un altre en colors m\u00e9s sobris (Digit 2), i es presenta en dues mides (170 x 240 cm i 200 x 300 cm). A m\u00e9s, Digit es fabrica manualment a l&#039;\u00cdndia mitjan\u00e7ant la t\u00e8cnica de m\u00e9s qualitat i resist\u00e8ncia, el <strong><em>hand knotted<\/em><\/strong> (nus a nus). Sabeu en quina densitat? Doncs la barbaritat de 86.000 nusos per metre quadrat. Un flip.<\/p>\n\n\n<div class=\"wp-block-image\">\n<figure class=\"aligncenter\"><img decoding=\"async\" src=\"https:\/\/www.monapart.com\/sites\/default\/files\/styles\/scale_960x960_\/public\/mediabrowser\/cristian-zuzunaga-alfombras-digit_3.jpg?itok=hXSHgQy1\" alt=\"Catifes Digit \u00b7 Cristian Zuzunaga | Monapart \"\/><\/figure>\n<\/div>\n\n\n<p>Zuzunaga va ser a Barcelona i MONAPART va tenir ocasi\u00f3 de parlar amb ell. <a href=\"https:\/\/www.monapart.com\/magazine\/ca\/llar\/cristian-zuzunaga\/\">En aquesta entrevista <\/a>pots saber m\u00e9s sobre el seu m\u00f3n pixelat.<\/p>","protected":false},"excerpt":{"rendered":"<p>Cristian Zuzunaga, nascut a Barcelona per\u00f2 resident a Londres, \u00e9s un dels dissenyadors que m\u00e9s ha fet parlar els \u00faltims anys pel seu particular \u00fas del color i el desenvolupament del concepte p\u00edxel aplicat sobre teixits en sof\u00e0s, mocadors de seda i coixins. <\/p>","protected":false},"author":3,"featured_media":323,"comment_status":"closed","ping_status":"closed","sticky":false,"template":"","format":"standard","meta":{"_acf_changed":false,"footnotes":""},"categories":[2844,2846],"tags":[2870],"class_list":["post-322","post","type-post","status-publish","format-standard","has-post-thumbnail","hentry","category-hogar","category-espacios-y-vida","tag-diseno"],"acf":[],"_links":{"self":[{"href":"https:\/\/www.monapart.com\/magazine\/ca\/wp-json\/wp\/v2\/posts\/322","targetHints":{"allow":["GET"]}}],"collection":[{"href":"https:\/\/www.monapart.com\/magazine\/ca\/wp-json\/wp\/v2\/posts"}],"about":[{"href":"https:\/\/www.monapart.com\/magazine\/ca\/wp-json\/wp\/v2\/types\/post"}],"author":[{"embeddable":true,"href":"https:\/\/www.monapart.com\/magazine\/ca\/wp-json\/wp\/v2\/users\/3"}],"replies":[{"embeddable":true,"href":"https:\/\/www.monapart.com\/magazine\/ca\/wp-json\/wp\/v2\/comments?post=322"}],"version-history":[{"count":3,"href":"https:\/\/www.monapart.com\/magazine\/ca\/wp-json\/wp\/v2\/posts\/322\/revisions"}],"predecessor-version":[{"id":18887,"href":"https:\/\/www.monapart.com\/magazine\/ca\/wp-json\/wp\/v2\/posts\/322\/revisions\/18887"}],"wp:featuredmedia":[{"embeddable":true,"href":"https:\/\/www.monapart.com\/magazine\/ca\/wp-json\/wp\/v2\/media\/323"}],"wp:attachment":[{"href":"https:\/\/www.monapart.com\/magazine\/ca\/wp-json\/wp\/v2\/media?parent=322"}],"wp:term":[{"taxonomy":"category","embeddable":true,"href":"https:\/\/www.monapart.com\/magazine\/ca\/wp-json\/wp\/v2\/categories?post=322"},{"taxonomy":"post_tag","embeddable":true,"href":"https:\/\/www.monapart.com\/magazine\/ca\/wp-json\/wp\/v2\/tags?post=322"}],"curies":[{"name":"wp","href":"https:\/\/api.w.org\/{rel}","templated":true}]}}