{"id":320,"date":"2014-02-24T00:00:00","date_gmt":"2014-02-23T23:00:00","guid":{"rendered":"https:\/\/www.monapart.com\/magazine\/?p=320"},"modified":"2025-07-30T10:43:39","modified_gmt":"2025-07-30T08:43:39","slug":"recuperar-cadires-velles","status":"publish","type":"post","link":"https:\/\/www.monapart.com\/magazine\/ca\/hogar\/recuperar-sillas-viejas","title":{"rendered":"Recuperar cadires velles"},"content":{"rendered":"<h1 class=\"wp-block-heading\">Recuperar cadires velles<\/h1>\n\n\n\n<h2 class=\"wp-block-heading\">Des de fa temps a moltes ciutats es viuen aut\u00e8ntiques conquestes. Sol passar un dia concret de la setmana: el teu barri, un regne pac\u00edfic on cohabites en harmonia al costat dels teus ve\u00efns, pateix una allau de saquejadors armats amb cadires velles, carretons, carretons i bosses del Mercadona. <\/h2>\n\n\n<div class='post-info'>24 de febrer de 2014 per <a href='https:\/\/www.monapart.com\/magazine\/ca\/autor\/monapart'>Monapart<\/a><\/div>\n\n\n\n<p>La seva gesta: agafar mobles i objectes decoratius que els ve\u00efns abandonen als carrers. Hem batejat la pr\u00e0ctica com \u201cLes croades del <strong>mobiliari de carrer<\/strong>&quot;i ho confessem, nosaltres formem part d&#039;algun batall\u00f3. El bot\u00ed varia en funci\u00f3 del dia i de la compet\u00e8ncia de la zona per\u00f2, si tens una mica de sort, pots aconseguir fant\u00e0stiques recompenses: una butaca velleta de pell que ser\u00e0 el protagonista de la teva sala d&#039;audi\u00e8ncies, una calaixera de fusta exquisida on ateses per guardar els teus mil parells de sabates\u2026<\/p>\n\n\n\n<p>Per\u00f2 qu\u00e8 passa quan el bot\u00ed est\u00e0 per a l&#039;arrossegament?<\/p>\n\n\n<div class=\"wp-block-image\">\n<figure class=\"aligncenter is-resized\"><img decoding=\"async\" src=\"https:\/\/www.monapart.com\/sites\/default\/files\/styles\/scale_960x960_\/public\/mediabrowser\/sillon-abandonado.jpg?itok=LwI84uiE\" alt=\"butaca abandonada\" style=\"width:530px;height:auto\"\/><\/figure>\n<\/div>\n\n\n<p>Fa poc en vam ca\u00e7ar quatre <strong>cadires<\/strong> en molt males condicions, per\u00f2 la seva estructura augurava moltes possibilitats. Una cerca r\u00e0pida per la xarxa ens va donar algunes idees i, despr\u00e9s de fer alguns retocs, vam aconseguir donar-los una segona vida al nostre sal\u00f3.<\/p>\n\n\n\n<p>Si com nosaltres, tens alguna cadira vella per casa o n&#039;has ca\u00e7at alguna al carrer, pren nota d&#039;aquests f\u00e0cils consells <strong><a href=\"https:\/\/www.monapart.com\/magazine\/ca\/etiquetes\/diy\/\">DIY<\/a><\/strong> i recupera-la per donar-li una nova vida.<\/p>\n\n\n<div class=\"wp-block-image\">\n<figure class=\"aligncenter is-resized\"><img decoding=\"async\" src=\"https:\/\/www.monapart.com\/sites\/default\/files\/styles\/scale_960x960_\/public\/mediabrowser\/cozy-windsor-chairs.jpg?itok=vlPPRBEW\" alt=\"cadires de fusta\" style=\"width:534px;height:auto\"\/><\/figure>\n<\/div>\n\n\n<p>Doneu-los un toc de color. Si apliques una mica de pintura a la seva superf\u00edcie aconseguir\u00e0s que unes avorrides <a href=\"http:\/\/diyordie.elledecoration.se\/uppdatera-stolar-med-lite-farg\/\" target=\"_blank\" rel=\"noreferrer noopener\">cadires d&#039;escola<\/a> siguin les del\u00edcies del teu menjador.<\/p>\n\n\n<div class=\"wp-block-image\">\n<figure class=\"aligncenter is-resized\"><img decoding=\"async\" src=\"https:\/\/www.monapart.com\/sites\/default\/files\/styles\/scale_960x960_\/public\/mediabrowser\/silla-escuela-restaurada-con-pintura.jpg?itok=UQb5QeF_\" alt=\"cadira d&#039;escola restaurada amb pintura\" style=\"width:630px;height:auto\"\/><\/figure>\n<\/div>\n\n\n<p>Transformant usos: Recicla caixes de cartr\u00f3 i revistes velles, apila-les en cubicles i aconseguir\u00e0s <a href=\"http:\/\/mocoloco.com\/fresh2\/2012\/10\/18\/re-ply-recliner-by-dan-goldstein.php\" target=\"_blank\" rel=\"noreferrer noopener\">butaques<\/a> i pufs fant\u00e0stics.<\/p>\n\n\n<div class=\"wp-block-image\">\n<figure class=\"aligncenter is-resized\"><img decoding=\"async\" src=\"https:\/\/www.monapart.com\/sites\/default\/files\/styles\/scale_960x960_\/public\/mediabrowser\/sillon-moderno-carton.jpg?itok=pv6s2XsC\" alt=\"seient amb cartrons\" style=\"width:533px;height:auto\"\/><\/figure>\n<\/div>\n\n<div class=\"wp-block-image\">\n<figure class=\"aligncenter is-resized\"><img decoding=\"async\" src=\"https:\/\/www.monapart.com\/sites\/default\/files\/styles\/scale_960x960_\/public\/mediabrowser\/taburete-con-revistas.jpg?itok=Y-Sz207b\" alt=\"tamboret amb revistes\" style=\"width:474px;height:auto\"\/><\/figure>\n<\/div>\n\n\n<p>Tamb\u00e9 pots recuperar altres deixalles com llaunes, palets (fixa&#039;t en aquesta xul\u00edssima c\u00f2pia de <a href=\"http:\/\/www.recyclart.org\/2014\/01\/iconic-le-corbusier-chair-made-junk-materials\/\" target=\"_blank\" rel=\"noreferrer noopener\">Le Corbusier<\/a>) o peces d&#039;ordinadors i crear trons tan originals com el que llu\u00efa <a href=\"http:\/\/www.designboom.com\/design\/binary-collection-by-benjamin-rollins-caldwell-at-design-miami-12-13-2013\/\" target=\"_blank\" rel=\"noreferrer noopener\">Lady Gaga<\/a> a la seva Artpop, obra del dissenyador Benjamin Rollins Caldwell.<\/p>\n\n\n<div class=\"wp-block-image\">\n<figure class=\"aligncenter is-resized\"><img decoding=\"async\" src=\"https:\/\/www.monapart.com\/sites\/default\/files\/styles\/scale_960x960_\/public\/mediabrowser\/recycled-re-ply-chair.jpg?itok=4idDvALI\" alt=\"Butterfly chair feta amb cartr\u00f3\" style=\"width:470px;height:auto\"\/><\/figure>\n<\/div>\n\n\n<p>Si tens nens, decora les cadires amb cromos, segells i folres divertits.<\/p>\n\n\n<div class=\"wp-block-image\">\n<figure class=\"aligncenter is-resized\"><img decoding=\"async\" src=\"https:\/\/www.monapart.com\/sites\/default\/files\/styles\/scale_960x960_\/public\/mediabrowser\/silla-reciclada-ninos.jpg?itok=8o21NK89\" alt=\"cadira reciclada nens\" style=\"width:568px;height:auto\"\/><\/figure>\n<\/div>\n\n\n<p>Si tens animals, pots transformar un parell de cadires de fusta en menjadores.<\/p>\n\n\n<div class=\"wp-block-image\">\n<figure class=\"aligncenter is-resized\"><img decoding=\"async\" src=\"https:\/\/www.monapart.com\/sites\/default\/files\/styles\/scale_960x960_\/public\/mediabrowser\/sillas-recuperadas-comedero-animales.jpg?itok=PM3-o2R1\" alt=\"cadires reciclada menjadora animals\" style=\"width:574px;height:auto\"\/><\/figure>\n<\/div>\n\n\n<p>I per als peus, utilitzant teles xules aconseguireu entapissar <a href=\"http:\/\/whipperberry.com\/2013\/06\/drab-to-fab-folding-chairs.html#_a5y_p=616685\" target=\"_blank\" rel=\"noreferrer noopener\">cadires<\/a> i amb cordes podreu teixir <a href=\"http:\/\/smileandwave.typepad.com\/blog\/2013\/07\/40-projects-just-for-fun-woven-stool-diy.html\" target=\"_blank\" rel=\"noopener\">tamborets<\/a>.<\/p>\n\n\n<div class=\"wp-block-image\">\n<figure class=\"aligncenter is-resized\"><img decoding=\"async\" src=\"https:\/\/magazine.monapart.com\/sites\/default\/files\/mediabrowser\/taburete-recuperado.jpg\" alt=\"\" style=\"width:414px;height:auto\"\/><\/figure>\n<\/div>\n\n<div class=\"wp-block-image\">\n<figure class=\"aligncenter is-resized\"><img decoding=\"async\" src=\"https:\/\/magazine.monapart.com\/sites\/default\/files\/mediabrowser\/silla-restaurada-mapa-mundi.jpg\" alt=\"\" style=\"width:411px;height:auto\"\/><\/figure>\n<\/div>\n\n\n<p>Ja tens les t\u00e0ctiques, ara nom\u00e9s has de sortir al carrer a buscar el teu bot\u00ed. T&#039;animes?<\/p>\n\n\n\n<p><\/p>","protected":false},"excerpt":{"rendered":"<p>Des de fa temps a moltes ciutats es viuen aut\u00e8ntiques conquestes. Sol passar un dia concret de la setmana: el teu barri, un regne pac\u00edfic on cohabites en harmonia al costat dels teus ve\u00efns, pateix una allau de saquejadors armats amb cadires velles, carretons, carretons i bosses del Mercadona. <\/p>","protected":false},"author":3,"featured_media":321,"comment_status":"closed","ping_status":"closed","sticky":false,"template":"","format":"standard","meta":{"_acf_changed":false,"footnotes":""},"categories":[2844,2846],"tags":[2881,3142],"class_list":["post-320","post","type-post","status-publish","format-standard","has-post-thumbnail","hentry","category-hogar","category-espacios-y-vida","tag-mobiliario","tag-diy"],"acf":[],"_links":{"self":[{"href":"https:\/\/www.monapart.com\/magazine\/ca\/wp-json\/wp\/v2\/posts\/320","targetHints":{"allow":["GET"]}}],"collection":[{"href":"https:\/\/www.monapart.com\/magazine\/ca\/wp-json\/wp\/v2\/posts"}],"about":[{"href":"https:\/\/www.monapart.com\/magazine\/ca\/wp-json\/wp\/v2\/types\/post"}],"author":[{"embeddable":true,"href":"https:\/\/www.monapart.com\/magazine\/ca\/wp-json\/wp\/v2\/users\/3"}],"replies":[{"embeddable":true,"href":"https:\/\/www.monapart.com\/magazine\/ca\/wp-json\/wp\/v2\/comments?post=320"}],"version-history":[{"count":2,"href":"https:\/\/www.monapart.com\/magazine\/ca\/wp-json\/wp\/v2\/posts\/320\/revisions"}],"predecessor-version":[{"id":18391,"href":"https:\/\/www.monapart.com\/magazine\/ca\/wp-json\/wp\/v2\/posts\/320\/revisions\/18391"}],"wp:featuredmedia":[{"embeddable":true,"href":"https:\/\/www.monapart.com\/magazine\/ca\/wp-json\/wp\/v2\/media\/321"}],"wp:attachment":[{"href":"https:\/\/www.monapart.com\/magazine\/ca\/wp-json\/wp\/v2\/media?parent=320"}],"wp:term":[{"taxonomy":"category","embeddable":true,"href":"https:\/\/www.monapart.com\/magazine\/ca\/wp-json\/wp\/v2\/categories?post=320"},{"taxonomy":"post_tag","embeddable":true,"href":"https:\/\/www.monapart.com\/magazine\/ca\/wp-json\/wp\/v2\/tags?post=320"}],"curies":[{"name":"wp","href":"https:\/\/api.w.org\/{rel}","templated":true}]}}