{"id":32,"date":"2014-06-09T14:38:32","date_gmt":"2014-06-09T12:38:32","guid":{"rendered":"https:\/\/www.monapart.com\/magazine\/?p=32"},"modified":"2025-07-29T13:50:26","modified_gmt":"2025-07-29T11:50:26","slug":"lart-de-contar-histories-dhabitatges","status":"publish","type":"post","link":"https:\/\/www.monapart.com\/magazine\/ca\/noticias\/el-arte-de-contar-historias-de-viviendas","title":{"rendered":"L&#039;art de contar hist\u00f2ries d&#039;habitatges"},"content":{"rendered":"\n<h1 class=\"wp-block-heading\">El arte de contar historias de viviendas<\/h1>\n\n\n\n<p>El pasado 9 de junio <a href=\"http:\/\/www.inmoblog.com\/\" target=\"_blank\" rel=\"noreferrer noopener\">Inmoblog<\/a> -blog de referencia en el <strong>sector inmobiliario<\/strong>&#8211; publicaba una entrevista de C\u00e9sar Villasante a Olga Sala, partner de <strong>Monapart<\/strong>, quien habla del universo inmocional y de la importancia de los valores intangibles en la construcci\u00f3n de la narrativa de todas nuestras <strong>viviendas<\/strong>. A continuaci\u00f3n transcribimos un extracto del texto. <\/p>\n\n\n<div class='post-info'>9 de juny de 2014 por <a href=\"https:\/\/www.monapart.com\/magazine\/ca\/autor\/monapart\">Monapart<\/a><\/div>\n\n\n\n<p><\/p>\n\n\n\n<h5 class=\"wp-block-heading\"><strong>INMOBLOG<\/strong> | 09.06.2014 | C\u00c9SAR VILLASANTE<\/h5>\n\n\n\n<p>[\u2026] O.S.- En <a href=\"https:\/\/www.monapart.com\/\">Monapart,<\/a> creemos que los par\u00e1metros tangibles (superficie, n\u00famero de habitaciones,\u00a0orientaci\u00f3n\u2026) son un primer marco de b\u00fasqueda, pero los intangibles, todo lo que evoca un\u00a0determinado espacio, las emociones que genera, la proyecci\u00f3n a futuro\u2026 Juegan un papel\u00a0decisivo y determinante, y por eso a ellos les hemos dedicado toda nuestra atenci\u00f3n desde\u00a0el 2010.<\/p>\n\n\n\n<blockquote class=\"wp-block-quote is-layout-flow wp-block-quote-is-layout-flow\">\n<p>Los par\u00e1metros tangibles son un primer marco de b\u00fasqueda, pero los intangibles, todo lo que evoca un&nbsp;determinado espacio, las emociones que genera, la proyecci\u00f3n a futuro\u2026 Juegan un papel&nbsp;decisivo y determinante.<\/p>\n<\/blockquote>\n\n\n\n<p>De hecho, esta mirada \u201c<strong>inmocional<\/strong>\u201d forma parte del adn de nuestra empresa y&nbsp;condiciona todo lo que hacemos, tanto a nivel interno como en la orientaci\u00f3n a cliente, el&nbsp;lenguaje y el tono de todos nuestros materiales, la selecci\u00f3n del contenido que compartimos&nbsp;en los distintos canales online\u2026 [\u2026]<\/p>\n\n\n\n<figure class=\"wp-block-embed is-type-video is-provider-youtube wp-block-embed-youtube wp-embed-aspect-16-9 wp-has-aspect-ratio\"><div class=\"wp-block-embed__wrapper\">\n<iframe loading=\"lazy\" title=\"La vida en la Pl. del Ayuntamiento de Alicante\" width=\"500\" height=\"281\" src=\"https:\/\/www.youtube.com\/embed\/qZaSgBzHqnI?feature=oembed\" frameborder=\"0\" allow=\"accelerometer; autoplay; clipboard-write; encrypted-media; gyroscope; picture-in-picture; web-share\" referrerpolicy=\"strict-origin-when-cross-origin\" allowfullscreen><\/iframe>\n<\/div><\/figure>\n\n\n\n<p>[\u2026] C.V.- &nbsp;Siendo tan necesaria, en la profesi\u00f3n del asesor inmobiliario, la empat\u00eda y la psicolog\u00eda, \u00bfpor&nbsp;qu\u00e9 crees que apenas se usan estas cuestiones para iniciar conversaciones y establecer&nbsp;relaciones?<\/p>\n\n\n\n<p>O.S.- El tradicional enfoque a ventas del sector ha ido en detrimento de la relaci\u00f3n agente-cliente:&nbsp;los dos quieren lo mismo: vender una casa, pero agente&nbsp;y cliente lo hacen desde emociones muy dispares. El primero s\u00f3lo quiere cerrar la operaci\u00f3n,&nbsp;el segundo est\u00e1 lleno de dudas, emociones\u2026<\/p>\n\n\n\n<p>Nuestro enfoque es a cliente, y entendemos&nbsp;que como agentes, el know-how se nos presupone, as\u00ed que la excelencia en el servicio la&nbsp;determinar\u00e1 nuestra capacidad de empatizar con el cliente y estar a la altura de la decisi\u00f3n&nbsp;vital que implica un cambio de vivienda. [\u2026]<\/p>\n\n\n\n<p>C\u00e9sar Villasante autor de Inmoblog entrevista a Olga Sala, partner de Monapart, quien habla del universo inmocional y de la importancia de los valores intangibles en la construcci\u00f3n de la narrativa de todas nuestras viviendas.<\/p>\n","protected":false},"excerpt":{"rendered":"<p>El passat 9 de juny Inmoblog -bloc de refer\u00e8ncia al sector immobiliari- publicava una entrevista de C\u00e8sar Villasante a Olga Sala, partner de Monapart, que parla de l&#039;univers immocional i de la import\u00e0ncia dels valors intangibles en la construcci\u00f3 de la narrativa de tots els nostres habitatges. A continuaci\u00f3 transcrivim un extracte del text. <\/p>","protected":false},"author":3,"featured_media":33,"comment_status":"closed","ping_status":"closed","sticky":false,"template":"","format":"standard","meta":{"_acf_changed":false,"footnotes":""},"categories":[2852,2853],"tags":[3284],"class_list":["post-32","post","type-post","status-publish","format-standard","has-post-thumbnail","hentry","category-noticias","category-hablan-de-nosotros","tag-blog"],"acf":[],"_links":{"self":[{"href":"https:\/\/www.monapart.com\/magazine\/ca\/wp-json\/wp\/v2\/posts\/32","targetHints":{"allow":["GET"]}}],"collection":[{"href":"https:\/\/www.monapart.com\/magazine\/ca\/wp-json\/wp\/v2\/posts"}],"about":[{"href":"https:\/\/www.monapart.com\/magazine\/ca\/wp-json\/wp\/v2\/types\/post"}],"author":[{"embeddable":true,"href":"https:\/\/www.monapart.com\/magazine\/ca\/wp-json\/wp\/v2\/users\/3"}],"replies":[{"embeddable":true,"href":"https:\/\/www.monapart.com\/magazine\/ca\/wp-json\/wp\/v2\/comments?post=32"}],"version-history":[{"count":2,"href":"https:\/\/www.monapart.com\/magazine\/ca\/wp-json\/wp\/v2\/posts\/32\/revisions"}],"predecessor-version":[{"id":18335,"href":"https:\/\/www.monapart.com\/magazine\/ca\/wp-json\/wp\/v2\/posts\/32\/revisions\/18335"}],"wp:featuredmedia":[{"embeddable":true,"href":"https:\/\/www.monapart.com\/magazine\/ca\/wp-json\/wp\/v2\/media\/33"}],"wp:attachment":[{"href":"https:\/\/www.monapart.com\/magazine\/ca\/wp-json\/wp\/v2\/media?parent=32"}],"wp:term":[{"taxonomy":"category","embeddable":true,"href":"https:\/\/www.monapart.com\/magazine\/ca\/wp-json\/wp\/v2\/categories?post=32"},{"taxonomy":"post_tag","embeddable":true,"href":"https:\/\/www.monapart.com\/magazine\/ca\/wp-json\/wp\/v2\/tags?post=32"}],"curies":[{"name":"wp","href":"https:\/\/api.w.org\/{rel}","templated":true}]}}