{"id":284,"date":"2010-11-11T00:00:00","date_gmt":"2010-11-10T23:00:00","guid":{"rendered":"https:\/\/www.monapart.com\/magazine\/?p=284"},"modified":"2025-08-06T09:58:56","modified_gmt":"2025-08-06T07:58:56","slug":"a-casa-de-bernard-benbassat","status":"publish","type":"post","link":"https:\/\/www.monapart.com\/magazine\/ca\/hogar\/en-casa-de-bernard-benbassat","title":{"rendered":"A casa de Bernard Benbassat"},"content":{"rendered":"<h1 class=\"wp-block-heading\">A casa de Bernard Benbassat<\/h1>\n\n\n\n<h2 class=\"wp-block-heading\">Bernard Benbassat \u00e9s xef i franc\u00e8s, dos adjectius que s&#039;emporten tan b\u00e9 com l&#039;oli i la sal, amb una passi\u00f3 per l&#039;\u00c0frica i la macrobi\u00f2tica. \u00c9s clar, t\u00e9 molts altres adjectius: professor, amic, passejant, sensible, natural, apassionat, fidel, inquiet, obert\u2026<\/h2>\n\n\n<div class='post-info'>11 de novembre de 2010 per <a href='https:\/\/www.monapart.com\/magazine\/ca\/autor\/monapart'>Monapart<\/a><\/div>\n\n\n\n<p><strong><a href=\"http:\/\/www.bernardbenbassat.com\/\" target=\"_blank\" rel=\"noreferrer noopener\">Bernard Benbassat<\/a><\/strong> \u00e9s xef i franc\u00e8s, dos adjectius que s&#039;emporten tan b\u00e9 com l&#039;oli i la sal, amb una passi\u00f3 per l&#039;\u00c0frica i la <strong>macrobi\u00f2tica<\/strong>. \u00c9s clar, t\u00e9 molts altres adjectius: professor, amic, passejant, sensible, natural, apassionat, fidel, inquiet, obert\u2026<\/p>\n\n\n\n<figure class=\"wp-block-image\"><img decoding=\"async\" src=\"https:\/\/magazine.monapart.com\/sites\/default\/files\/mediabrowser\/bernard-benbassat-receta-macrobiotica.jpg\" alt=\"A casa de Bernard Benbassat | Monapart \"\/><\/figure>\n\n\n\n<p>Va arribar a Espanya fa 27 anys, una mica a contrap\u00e8l, per\u00f2 el pa\u00eds el va anar embriagant a poc a poc fins al punt que avui no s&#039;imagina vivint a cap altre lloc. A Barcelona va trobar un brou de cultiu per a les noves <strong>tend\u00e8ncies gastron\u00f2miques<\/strong>; en aquells anys de Naranjito, la Comtal era una ciutat en plena transformaci\u00f3 i adaptaci\u00f3 a la modernitat europea i Bernard va posar les mans a la massa. Avui li sembla la millor ciutat del m\u00f3n per passejar i en Bernard gaireb\u00e9 sempre posa rumb al Mercat de la Boqueria o al de la Concepci\u00f3, per raons \u00f2bvies.<\/p>\n\n\n\n<figure class=\"wp-block-image\"><img decoding=\"async\" src=\"https:\/\/magazine.monapart.com\/sites\/default\/files\/mediabrowser\/mercat-de-la-concepcio.jpg\" alt=\"A casa de Bernard Benbassat | Monapart \"\/><\/figure>\n\n\n\n<p>Porta 35 anys a la restauraci\u00f3 professional de forma molt intensa, dividint el seu temps entre la <strong>direcci\u00f3 de cuina<\/strong> (Restaurant Duran-Duran, La C\u00fapula, Sal\u00f3 Rosa, Hoffman, Joel Robuchon***, Jamin a Par\u00eds\u2026), el <strong>assessorament a restaurants i escoles<\/strong> (va ser el director de l&#039;Acad\u00e8mia Hoffman durant deu anys), la participaci\u00f3 a <strong>viatges gastron\u00f2mics<\/strong> i <strong>fires d&#039;hostaleria internacionals<\/strong>, la col\u00b7laboraci\u00f3 amb premsa especialitzada i mitjans de comunicaci\u00f3, i des de fa uns anys, l&#039;organitzaci\u00f3 de <strong>tallers de cuina macrobi\u00f2tica<\/strong> mitjan\u00e7ant un m\u00e8tode pedag\u00f2gic revolucionari en aquesta disciplina.<\/p>\n\n\n<div class=\"wp-block-image\">\n<figure class=\"aligncenter\"><img decoding=\"async\" src=\"https:\/\/magazine.monapart.com\/sites\/default\/files\/mediabrowser\/bernard-benbassat-receta-macrobiotica-ensalada.jpg\" alt=\"A casa de Bernard Benbassat | Monapart \"\/><\/figure>\n<\/div>\n\n<div class=\"wp-block-image\">\n<figure class=\"aligncenter\"><img decoding=\"async\" src=\"https:\/\/magazine.monapart.com\/sites\/default\/files\/mediabrowser\/bernard-benbassat-receta-macrobiotica-gelatina-de-frutos-rojos.jpg\" alt=\"A casa de Bernard Benbassat | Monapart \"\/><\/figure>\n<\/div>\n\n<div class=\"wp-block-image\">\n<figure class=\"aligncenter\"><img decoding=\"async\" src=\"https:\/\/magazine.monapart.com\/sites\/default\/files\/mediabrowser\/bernard-benbassat-receta-macrobiotica-emperador-con-verduras.jpg\" alt=\"A casa de Bernard Benbassat | Monapart \"\/><\/figure>\n<\/div>\n\n<div class=\"wp-block-image\">\n<figure class=\"aligncenter\"><img decoding=\"async\" src=\"https:\/\/magazine.monapart.com\/sites\/default\/files\/mediabrowser\/bernard-benbassat-receta-macrobiotica-tres-cremas.jpg\" alt=\"A casa de Bernard Benbassat | Monapart \"\/><\/figure>\n<\/div>\n\n\n<p>Ens obre les portes de casa seva i de seguida veiem com la seva professi\u00f3 es fa evident. No nom\u00e9s pels quadres, els llibres, els elements decoratius\u2026 Sin\u00f3 perqu\u00e8 no t\u00e9 una cuina, com la resta dels mortals, en t\u00e9 dos. Una cuina \u00abnormal\u00bb i un obrador per a rebosteria. Oh.<\/p>\n\n\n\n<figure class=\"wp-block-embed is-type-video is-provider-youtube wp-block-embed-youtube wp-embed-aspect-16-9 wp-has-aspect-ratio\"><div class=\"wp-block-embed__wrapper\">\n<iframe loading=\"lazy\" title=\"A CASA DE BERNARD BENBASSAT\" width=\"500\" height=\"281\" src=\"https:\/\/www.youtube.com\/embed\/VlvcNjCUQkw?feature=oembed\" frameborder=\"0\" allow=\"accelerometer; autoplay; clipboard-write; encrypted-media; gyroscope; picture-in-picture; web-share\" referrerpolicy=\"strict-origin-when-cross-origin\" allowfullscreen><\/iframe>\n<\/div><\/figure>\n\n\n\n<p>Sembla una contradicci\u00f3 que un xef franc\u00e8s es passi a la macrobi\u00f2tica, oi? Per\u00f2 ell assegura amb vehem\u00e8ncia que no ho \u00e9s: \u00abSom el que mengem\u00bb afirma, \u00ab<strong>la macrobi\u00f2tica \u00e9s la forma m\u00e9s intel\u00b7ligent d&#039;alimentar-se<\/strong>\u00bb. I la veritat, si ens parem a pensar, la majoria no tenim ni idea del que mengem, de com ens afecta i m\u00e9s encara, si ens conv\u00e9. Est\u00e0s preparat per caure en la seducci\u00f3 de la macrobi\u00f2tica?<\/p>\n\n\n<div class=\"wp-block-image\">\n<figure class=\"aligncenter is-resized\"><img decoding=\"async\" src=\"https:\/\/magazine.monapart.com\/sites\/default\/files\/mediabrowser\/bernard-benbassat-nueva-gastronomia-macrobiotica_1.jpg\" alt=\"\" style=\"width:465px;height:auto\"\/><\/figure>\n<\/div>\n\n<div class=\"wp-block-image\">\n<figure class=\"aligncenter is-resized\"><img decoding=\"async\" src=\"https:\/\/magazine.monapart.com\/sites\/default\/files\/mediabrowser\/bernard-benbassat-nueva-gastronomia-macrobiotica_2.jpg\" alt=\"\" style=\"width:466px;height:auto\"\/><\/figure>\n<\/div>\n\n\n<p><\/p>","protected":false},"excerpt":{"rendered":"<p>Bernard Benbassat \u00e9s xef i franc\u00e8s, dos adjectius que s&#039;emporten tan b\u00e9 com l&#039;oli i la sal, amb una passi\u00f3 per l&#039;\u00c0frica i la macrobi\u00f2tica. \u00c9s clar, t\u00e9 molts altres adjectius: professor, amic, passejant, sensible, natural, apassionat, fidel, inquiet, obert\u2026<\/p>","protected":false},"author":3,"featured_media":285,"comment_status":"closed","ping_status":"closed","sticky":false,"template":"","format":"standard","meta":{"_acf_changed":false,"footnotes":""},"categories":[2844,2845],"tags":[2889],"class_list":["post-284","post","type-post","status-publish","format-standard","has-post-thumbnail","hentry","category-hogar","category-mi-monapart","tag-cocina"],"acf":[],"_links":{"self":[{"href":"https:\/\/www.monapart.com\/magazine\/ca\/wp-json\/wp\/v2\/posts\/284","targetHints":{"allow":["GET"]}}],"collection":[{"href":"https:\/\/www.monapart.com\/magazine\/ca\/wp-json\/wp\/v2\/posts"}],"about":[{"href":"https:\/\/www.monapart.com\/magazine\/ca\/wp-json\/wp\/v2\/types\/post"}],"author":[{"embeddable":true,"href":"https:\/\/www.monapart.com\/magazine\/ca\/wp-json\/wp\/v2\/users\/3"}],"replies":[{"embeddable":true,"href":"https:\/\/www.monapart.com\/magazine\/ca\/wp-json\/wp\/v2\/comments?post=284"}],"version-history":[{"count":2,"href":"https:\/\/www.monapart.com\/magazine\/ca\/wp-json\/wp\/v2\/posts\/284\/revisions"}],"predecessor-version":[{"id":18803,"href":"https:\/\/www.monapart.com\/magazine\/ca\/wp-json\/wp\/v2\/posts\/284\/revisions\/18803"}],"wp:featuredmedia":[{"embeddable":true,"href":"https:\/\/www.monapart.com\/magazine\/ca\/wp-json\/wp\/v2\/media\/285"}],"wp:attachment":[{"href":"https:\/\/www.monapart.com\/magazine\/ca\/wp-json\/wp\/v2\/media?parent=284"}],"wp:term":[{"taxonomy":"category","embeddable":true,"href":"https:\/\/www.monapart.com\/magazine\/ca\/wp-json\/wp\/v2\/categories?post=284"},{"taxonomy":"post_tag","embeddable":true,"href":"https:\/\/www.monapart.com\/magazine\/ca\/wp-json\/wp\/v2\/tags?post=284"}],"curies":[{"name":"wp","href":"https:\/\/api.w.org\/{rel}","templated":true}]}}