{"id":264,"date":"2011-09-29T00:00:00","date_gmt":"2011-09-28T22:00:00","guid":{"rendered":"https:\/\/www.monapart.com\/magazine\/?p=264"},"modified":"2025-08-05T12:06:50","modified_gmt":"2025-08-05T10:06:50","slug":"amat-sole","status":"publish","type":"post","link":"https:\/\/www.monapart.com\/magazine\/ca\/hogar\/amato-sole","title":{"rendered":"Amat Sole"},"content":{"rendered":"<h1 class=\"wp-block-heading\">Amat Sole<\/h1>\n\n\n\n<h2 class=\"wp-block-heading\">Amato \u00e9s ella, ell \u00e9s un Sole, i el seu treball de restauraci\u00f3 \u00e9s digne de lloan\u00e7a.<\/h2>\n\n\n<div class='post-info'>29 de setembre de 2011 per <a href='https:\/\/www.monapart.com\/magazine\/ca\/autor\/monapart'>Monapart<\/a><\/div>\n\n\n\n<figure class=\"wp-block-embed is-type-video is-provider-youtube wp-block-embed-youtube wp-embed-aspect-16-9 wp-has-aspect-ratio\"><div class=\"wp-block-embed__wrapper\">\n<iframe loading=\"lazy\" title=\"AMAT SOLE\" width=\"500\" height=\"281\" src=\"https:\/\/www.youtube.com\/embed\/CJjTSpoO3bM?feature=oembed\" frameborder=\"0\" allow=\"accelerometer; autoplay; clipboard-write; encrypted-media; gyroscope; picture-in-picture; web-share\" referrerpolicy=\"strict-origin-when-cross-origin\" allowfullscreen><\/iframe>\n<\/div><\/figure>\n\n\n\n<p>No ho diem nosaltres, tamb\u00e9 ho ha dit la prestigiosa <a href=\"http:\/\/www.revistaad.es\" target=\"_blank\" rel=\"noreferrer noopener\">revista AD<\/a> al n\u00famero d&#039;aquest mes.<\/p>\n\n\n\n<figure class=\"wp-block-image\"><img decoding=\"async\" src=\"https:\/\/magazine.monapart.com\/sites\/default\/files\/mediabrowser\/amato-sole-revista-ad.jpg\" alt=\"Amat Sole | Monapart \"\/><\/figure>\n\n\n\n<p>Arribem a la seva botiga-taller al Raval on s&#039;accedeix per un pati molt llumin\u00f3s que fa olor de cigrons amb xori\u00e7o, i sense dilaci\u00f3 ens mostren i descriuen amb afecte tots i cadascun dels objectes restaurats. Una cadira tirada al carrer, un llum oblidat en un magatzem, flascons antics de farm\u00e0cia, miralls plens d&#039;hist\u00f2ries (hi ha, si els miralls parlessin\u2026). Tot est\u00e0 molt cuidat, molt i pensat fins a l&#039;\u00faltim detall.<\/p>\n\n\n\n<figure class=\"wp-block-image\"><img decoding=\"async\" src=\"https:\/\/magazine.monapart.com\/sites\/default\/files\/mediabrowser\/amato-sole_2.jpg\" alt=\"Amat Sole | Monapart \"\/><\/figure>\n\n\n\n<figure class=\"wp-block-image\"><img decoding=\"async\" src=\"https:\/\/magazine.monapart.com\/sites\/default\/files\/mediabrowser\/amato-sole_4.jpg\" alt=\"Amat Sole | Monapart \"\/><\/figure>\n\n\n\n<figure class=\"wp-block-image\"><img decoding=\"async\" src=\"https:\/\/magazine.monapart.com\/sites\/default\/files\/mediabrowser\/amato-sole_12.jpg\" alt=\"Amat Sole | Monapart \"\/><\/figure>\n\n\n\n<p>Els objectes, mobles i l\u00e0mpades que cauen a les mans se salven d&#039;una mort segura.<\/p>\n\n\n\n<figure class=\"wp-block-image\"><img decoding=\"async\" src=\"https:\/\/magazine.monapart.com\/sites\/default\/files\/mediabrowser\/amato-sole_11.jpg\" alt=\"Amat Sole | Monapart \"\/><\/figure>\n\n\n\n<p>\u00c9s m\u00e9s, molts ja havien mort, i quan arriben al seu taller, els mimen, els reinventen i els donen una nova vida, recobren la dignitat que havien perdut (o l&#039;hi havien robat?).<\/p>\n\n\n\n<figure class=\"wp-block-image\"><img decoding=\"async\" src=\"https:\/\/magazine.monapart.com\/sites\/default\/files\/mediabrowser\/amato-sole_1.jpg\" alt=\"Amat Sole | Monapart \"\/><\/figure>\n\n\n\n<figure class=\"wp-block-image\"><img decoding=\"async\" src=\"https:\/\/magazine.monapart.com\/sites\/default\/files\/mediabrowser\/amato-sole_5.jpg\" alt=\"Amat Sole | Monapart \"\/><\/figure>\n\n\n\n<p>\u00c9s curi\u00f3s perqu\u00e8 se&#039;t fa molt evident que conserven el seu car\u00e0cter, per\u00f2 no veus les cicatrius. &nbsp;<\/p>\n\n\n\n<figure class=\"wp-block-image\"><img decoding=\"async\" src=\"https:\/\/magazine.monapart.com\/sites\/default\/files\/mediabrowser\/amato-sole_8.jpg\" alt=\"Amat Sole | Monapart \"\/><\/figure>\n\n\n\n<p>Hi ha molts quilos de creativitat i moltes hores darrere de cada objecte. Ja ho diu en Ramon, \u00abrasca rasca, escata escata, pule pule\u00bb, i aquesta amabilitat amb els seus mobles tamb\u00e9 es tradueix despr\u00e9s en el preu, ja que la teva butxaca no patir\u00e0. \u00c9s m\u00e9s, sortir\u00e0 del pati cantant a pulm\u00f3 <em>&#039;O sole meu\u2026&#039;<\/em><\/p>\n\n\n\n<figure class=\"wp-block-image\"><img decoding=\"async\" src=\"https:\/\/magazine.monapart.com\/sites\/default\/files\/mediabrowser\/ana-amato-ramon-sole.jpg\" alt=\"Amat Sole | Monapart \"\/><\/figure>\n\n\n\n<p><\/p>\n\n\n\n<p><\/p>","protected":false},"excerpt":{"rendered":"<p>Amato \u00e9s ella, ell \u00e9s un Sole, i el seu treball de restauraci\u00f3 \u00e9s digne de lloan\u00e7a.<\/p>","protected":false},"author":3,"featured_media":265,"comment_status":"closed","ping_status":"closed","sticky":false,"template":"","format":"standard","meta":{"_acf_changed":false,"footnotes":""},"categories":[2844,2846],"tags":[3262],"class_list":["post-264","post","type-post","status-publish","format-standard","has-post-thumbnail","hentry","category-hogar","category-espacios-y-vida","tag-upcycling"],"acf":[],"_links":{"self":[{"href":"https:\/\/www.monapart.com\/magazine\/ca\/wp-json\/wp\/v2\/posts\/264","targetHints":{"allow":["GET"]}}],"collection":[{"href":"https:\/\/www.monapart.com\/magazine\/ca\/wp-json\/wp\/v2\/posts"}],"about":[{"href":"https:\/\/www.monapart.com\/magazine\/ca\/wp-json\/wp\/v2\/types\/post"}],"author":[{"embeddable":true,"href":"https:\/\/www.monapart.com\/magazine\/ca\/wp-json\/wp\/v2\/users\/3"}],"replies":[{"embeddable":true,"href":"https:\/\/www.monapart.com\/magazine\/ca\/wp-json\/wp\/v2\/comments?post=264"}],"version-history":[{"count":2,"href":"https:\/\/www.monapart.com\/magazine\/ca\/wp-json\/wp\/v2\/posts\/264\/revisions"}],"predecessor-version":[{"id":18677,"href":"https:\/\/www.monapart.com\/magazine\/ca\/wp-json\/wp\/v2\/posts\/264\/revisions\/18677"}],"wp:featuredmedia":[{"embeddable":true,"href":"https:\/\/www.monapart.com\/magazine\/ca\/wp-json\/wp\/v2\/media\/265"}],"wp:attachment":[{"href":"https:\/\/www.monapart.com\/magazine\/ca\/wp-json\/wp\/v2\/media?parent=264"}],"wp:term":[{"taxonomy":"category","embeddable":true,"href":"https:\/\/www.monapart.com\/magazine\/ca\/wp-json\/wp\/v2\/categories?post=264"},{"taxonomy":"post_tag","embeddable":true,"href":"https:\/\/www.monapart.com\/magazine\/ca\/wp-json\/wp\/v2\/tags?post=264"}],"curies":[{"name":"wp","href":"https:\/\/api.w.org\/{rel}","templated":true}]}}