{"id":254,"date":"2012-05-24T00:00:00","date_gmt":"2012-05-23T22:00:00","guid":{"rendered":"https:\/\/www.monapart.com\/magazine\/?p=254"},"modified":"2025-07-31T16:30:29","modified_gmt":"2025-07-31T14:30:29","slug":"a-casa-de-philippe-boonen","status":"publish","type":"post","link":"https:\/\/www.monapart.com\/magazine\/ca\/hogar\/en-casa-de-philippe-boonen","title":{"rendered":"A casa de Philippe Boonen"},"content":{"rendered":"<h1 class=\"wp-block-heading\">A casa de Philippe Boonen<\/h1>\n\n\n\n<h2 class=\"wp-block-heading\">Philippe Boonen \u00e9s el caos. La dona Claudia, l&#039;ordre. Aquesta \u00e9s la clau de l&#039;equilibri, i aix\u00f2 explica que tot a casa respiri amor. Descobrim una llar m\u00e0gica, on cada cosa t\u00e9 un sentit i un lloc.<\/h2>\n\n\n<div class='post-info'>24 de maig de 2012 per <a href='https:\/\/www.monapart.com\/magazine\/ca\/autor\/monapart'>Monapart<\/a><\/div>\n\n\n\n<p class=\"wp-block-paragraph\"><a href=\"https:\/\/www.instagram.com\/philippeboonen\/\" target=\"_blank\" rel=\"noreferrer noopener\"><strong>Philippe Boonen<\/strong><\/a> \u00e9s el caos. La dona Claudia, l&#039;ordre. Aquesta \u00e9s la clau de l&#039;equilibri, i aix\u00f2 explica que tot a casa respiri amor. Descobrim <strong>una llar m\u00e0gica<\/strong>, on cada cosa t\u00e9 un sentit i un lloc, objectes bells, senzills, trobats a Els Encants o al carrer, que xiuxiuegen \u201cporta'm a casa\u201d nom\u00e9s als qui saben escoltar.<\/p>\n\n\n\n<p class=\"wp-block-paragraph\">Philippe \u00e9s, sobretot, <strong>un gran artista<\/strong> (i no ens referim als quasi 2,02m d&#039;al\u00e7ada). La seva traject\u00f2ria professional \u00e9s tan \u00e0mplia com la imaginaci\u00f3. Philippe ha treballat per a marques de la ind\u00fastria de la moda com Channel, Dior o Andr\u00e9s Sard\u00e1.<\/p>\n\n\n\n<figure class=\"wp-block-image\"><img decoding=\"async\" src=\"https:\/\/magazine.monapart.com\/sites\/default\/files\/mediabrowser\/philippe-boonen-channel.jpg\" alt=\"A casa d&#039;en Philippe Boonen | Monapart \"\/><\/figure>\n\n\n\n<figure class=\"wp-block-image\"><img decoding=\"async\" src=\"https:\/\/magazine.monapart.com\/sites\/default\/files\/mediabrowser\/philippe-boonen-andre-sarda.jpg\" alt=\"A casa d&#039;en Philippe Boonen | Monapart \"\/><\/figure>\n\n\n\n<p class=\"wp-block-paragraph\">Tamb\u00e9 ha il\u00b7lustrat contes per a nens, c\u00f2mics i fins i tot botes!<\/p>\n\n\n\n<figure class=\"wp-block-image\"><img decoding=\"async\" src=\"https:\/\/magazine.monapart.com\/sites\/default\/files\/mediabrowser\/philippe-boonen-cuentos-ninos_2.jpg\" alt=\"A casa d&#039;en Philippe Boonen | Monapart \"\/><\/figure>\n\n\n\n<figure class=\"wp-block-image\"><img decoding=\"async\" src=\"https:\/\/magazine.monapart.com\/sites\/default\/files\/mediabrowser\/philippe-boonen-cuentos-ninos.jpg\" alt=\"A casa d&#039;en Philippe Boonen | Monapart \"\/><\/figure>\n\n\n\n<figure class=\"wp-block-image\"><img decoding=\"async\" src=\"https:\/\/www.monapart.com\/sites\/default\/files\/styles\/scale_960x960_\/public\/mediabrowser\/philippe-boonen-botas.jpg?itok=P5ou7TuU\" alt=\"A casa d&#039;en Philippe Boonen | Monapart \"\/><\/figure>\n\n\n\n<p class=\"wp-block-paragraph\">Per\u00f2 el seu mestratge es reflecteix en els seus <strong>espl\u00e8ndids murals<\/strong>. Flors a botigues, restaurants o perruqueries\u2026<\/p>\n\n\n\n<figure class=\"wp-block-image\"><img decoding=\"async\" src=\"https:\/\/magazine.monapart.com\/sites\/default\/files\/mediabrowser\/philippe-boonen-flowers.jpg\" alt=\"A casa d&#039;en Philippe Boonen | Monapart \"\/><\/figure>\n\n\n\n<figure class=\"wp-block-image\"><img decoding=\"async\" src=\"https:\/\/magazine.monapart.com\/sites\/default\/files\/mediabrowser\/philippe-boonen-bar-frutti-pop.jpg\" alt=\"A casa d&#039;en Philippe Boonen | Monapart \"\/><\/figure>\n\n\n\n<p class=\"wp-block-paragraph\">Personatges imaginaris en estudis de disseny, ninots de Playmobil en hotels, trampantojo en habitatges\u2026 Qualsevol superf\u00edcie \u00e9s apta perqu\u00e8 Philippe doni curs al seu imaginari personal.<\/p>\n\n\n\n<figure class=\"wp-block-image\"><img decoding=\"async\" src=\"https:\/\/magazine.monapart.com\/sites\/default\/files\/mediabrowser\/philippe-boonen-mural-hotel-anova_1.jpg\" alt=\"A casa d&#039;en Philippe Boonen | Monapart \"\/><\/figure>\n\n\n\n<figure class=\"wp-block-image\"><img decoding=\"async\" src=\"https:\/\/magazine.monapart.com\/sites\/default\/files\/mediabrowser\/philippe-boonen-mural-hotel-anova_3.jpg\" alt=\"A casa d&#039;en Philippe Boonen | Monapart \"\/><\/figure>\n\n\n\n<figure class=\"wp-block-image\"><img decoding=\"async\" src=\"https:\/\/magazine.monapart.com\/sites\/default\/files\/mediabrowser\/philippe-boonen-trampantojo.jpg\" alt=\"A casa d&#039;en Philippe Boonen | Monapart \"\/><\/figure>\n\n\n\n<p class=\"wp-block-paragraph\">Casa seva, com no podia ser altrament, reflecteix aquest car\u00e0cter bell, somiador, desenfadat i amb sentit de l&#039;humor.<\/p>\n\n\n\n<figure class=\"wp-block-image\"><img decoding=\"async\" src=\"https:\/\/magazine.monapart.com\/sites\/default\/files\/mediabrowser\/en-casa-de-philippe-boonen_18.jpg\" alt=\"A casa d&#039;en Philippe Boonen | Monapart \"\/><\/figure>\n\n\n\n<figure class=\"wp-block-image\"><img decoding=\"async\" src=\"https:\/\/magazine.monapart.com\/sites\/default\/files\/mediabrowser\/en-casa-de-philippe-boonen_5.jpg\" alt=\"A casa d&#039;en Philippe Boonen | Monapart \"\/><\/figure>\n\n\n\n<figure class=\"wp-block-image\"><img decoding=\"async\" src=\"https:\/\/magazine.monapart.com\/sites\/default\/files\/mediabrowser\/en-casa-de-philippe-boonen_3.jpg\" alt=\"A casa d&#039;en Philippe Boonen | Monapart \"\/><\/figure>\n\n\n\n<figure class=\"wp-block-image\"><img decoding=\"async\" src=\"https:\/\/magazine.monapart.com\/sites\/default\/files\/mediabrowser\/en-casa-de-philippe-boonen_4.jpg\" alt=\"A casa d&#039;en Philippe Boonen | Monapart \"\/><\/figure>\n\n\n\n<p class=\"wp-block-paragraph\">Philippe viu amb el seu pitjor enemic, el <em>gouttelette <\/em>(aprofitem per fer una crida als constructors del m\u00f3n: senyors, si us plau, oblideu-vos del gotel\u00e9!). Tot i aix\u00ed, ha sabut treure profit a les parets, enva\u00efdes de murals i quadres.<\/p>\n\n\n\n<figure class=\"wp-block-image\"><img decoding=\"async\" src=\"https:\/\/magazine.monapart.com\/sites\/default\/files\/mediabrowser\/en-casa-de-philippe-boonen_11.jpg\" alt=\"A casa d&#039;en Philippe Boonen | Monapart \"\/><\/figure>\n\n\n\n<figure class=\"wp-block-image\"><img decoding=\"async\" src=\"https:\/\/magazine.monapart.com\/sites\/default\/files\/mediabrowser\/en-casa-de-philippe-boonen_12.jpg\" alt=\"A casa d&#039;en Philippe Boonen | Monapart \"\/><\/figure>\n\n\n\n<figure class=\"wp-block-image\"><img decoding=\"async\" src=\"https:\/\/magazine.monapart.com\/sites\/default\/files\/mediabrowser\/en-casa-de-philippe-boonen_14.jpg\" alt=\"A casa d&#039;en Philippe Boonen | Monapart \"\/><\/figure>\n\n\n\n<figure class=\"wp-block-image\"><img decoding=\"async\" src=\"https:\/\/magazine.monapart.com\/sites\/default\/files\/mediabrowser\/en-casa-de-philippe-boonen_15.jpg\" alt=\"A casa d&#039;en Philippe Boonen | Monapart \"\/><\/figure>\n\n\n\n<figure class=\"wp-block-image\"><img decoding=\"async\" src=\"https:\/\/magazine.monapart.com\/sites\/default\/files\/mediabrowser\/en-casa-de-philippe-boonen_16.jpg\" alt=\"A casa d&#039;en Philippe Boonen | Monapart \"\/><\/figure>\n\n\n\n<p class=\"wp-block-paragraph\">Claudia s&#039;ocupa de l&#039;ordre i l&#039;estructuraci\u00f3 dels espais mentre que Philippe s&#039;encarrega de tota la decoraci\u00f3. <a href=\"\/magazine\/ca\/node\/459\/\" target=\"_blank\" rel=\"noreferrer noopener\">Joe Colombo<\/a> que li van regalar els pares.<\/p>\n\n\n\n<figure class=\"wp-block-image\"><img decoding=\"async\" src=\"https:\/\/magazine.monapart.com\/sites\/default\/files\/mediabrowser\/en-casa-de-philippe-boonen_8.jpg\" alt=\"A casa d&#039;en Philippe Boonen | Monapart \"\/><\/figure>\n\n\n\n<figure class=\"wp-block-image\"><img decoding=\"async\" src=\"https:\/\/magazine.monapart.com\/sites\/default\/files\/mediabrowser\/en-casa-de-philippe-boonen_9.jpg\" alt=\"A casa d&#039;en Philippe Boonen | Monapart \"\/><\/figure>\n\n\n\n<figure class=\"wp-block-image\"><img decoding=\"async\" src=\"https:\/\/magazine.monapart.com\/sites\/default\/files\/mediabrowser\/en-casa-de-philippe-boonen_7.jpg\" alt=\"A casa d&#039;en Philippe Boonen | Monapart \"\/><\/figure>\n\n\n\n<figure class=\"wp-block-image\"><img decoding=\"async\" src=\"https:\/\/magazine.monapart.com\/sites\/default\/files\/mediabrowser\/en-casa-de-philippe-boonen_10.jpg\" alt=\"A casa d&#039;en Philippe Boonen | Monapart \"\/><\/figure>\n\n\n\n<p class=\"wp-block-paragraph\">L&#039;important, segons ell, no s\u00f3n nom\u00e9s les peces sin\u00f3 el tracte que se&#039;ls donin i en definitiva tenir un gust a la vostra disposici\u00f3. Aix\u00ed, per exemple, un sac de La Poste francesa es transforma en una preciosa banqueta a la sala d&#039;estar, i una farmaciola d&#039;antiquari, en un armari per al bany.<\/p>\n\n\n\n<figure class=\"wp-block-image\"><img decoding=\"async\" src=\"https:\/\/magazine.monapart.com\/sites\/default\/files\/mediabrowser\/en-casa-de-philippe-boonen_17.jpg\" alt=\"A casa d&#039;en Philippe Boonen | Monapart \"\/><\/figure>\n\n\n\n<p class=\"wp-block-paragraph\">La inspiraci\u00f3 \u00e9s una manera de vida. El de Philippe sens dubte. <em>\u201cLa inspiraci\u00f3 no comen\u00e7a i acaba en un moment concret, sin\u00f3 que \u00e9s un flux constant\u201d<\/em> diu. Quan vam arribar a casa seva el vam enxampar pintant petits n\u00favols a l'habitaci\u00f3 de la seva preciosa nena Thelma. Aquesta \u00e9s la consigna, no deixar mai de somiar i observar els n\u00favols...<\/p>\n\n\n\n<figure class=\"wp-block-image\"><img decoding=\"async\" src=\"https:\/\/magazine.monapart.com\/sites\/default\/files\/mediabrowser\/en-casa-de-philippe-boonen_19.jpg\" alt=\"A casa d&#039;en Philippe Boonen | Monapart \"\/><\/figure>\n\n\n\n<figure class=\"wp-block-image\"><img decoding=\"async\" src=\"https:\/\/magazine.monapart.com\/sites\/default\/files\/mediabrowser\/en-casa-de-philippe-boonen_1.jpg\" alt=\"A casa d&#039;en Philippe Boonen | Monapart \"\/><\/figure>\n\n\n\n<p class=\"wp-block-paragraph\"><\/p>","protected":false},"excerpt":{"rendered":"<p>Philippe Boonen \u00e9s el caos. La dona Claudia, l&#039;ordre. Aquesta \u00e9s la clau de l&#039;equilibri, i aix\u00f2 explica que tot a casa respiri amor. Descobrim una llar m\u00e0gica, on cada cosa t\u00e9 un sentit i un lloc.<\/p>","protected":false},"author":3,"featured_media":255,"comment_status":"closed","ping_status":"closed","sticky":false,"template":"","format":"standard","meta":{"_acf_changed":false,"footnotes":""},"categories":[2844,2845],"tags":[2868],"class_list":["post-254","post","type-post","status-publish","format-standard","has-post-thumbnail","hentry","category-hogar","category-mi-monapart","tag-arte"],"acf":[],"_links":{"self":[{"href":"https:\/\/www.monapart.com\/magazine\/ca\/wp-json\/wp\/v2\/posts\/254","targetHints":{"allow":["GET"]}}],"collection":[{"href":"https:\/\/www.monapart.com\/magazine\/ca\/wp-json\/wp\/v2\/posts"}],"about":[{"href":"https:\/\/www.monapart.com\/magazine\/ca\/wp-json\/wp\/v2\/types\/post"}],"author":[{"embeddable":true,"href":"https:\/\/www.monapart.com\/magazine\/ca\/wp-json\/wp\/v2\/users\/3"}],"replies":[{"embeddable":true,"href":"https:\/\/www.monapart.com\/magazine\/ca\/wp-json\/wp\/v2\/comments?post=254"}],"version-history":[{"count":2,"href":"https:\/\/www.monapart.com\/magazine\/ca\/wp-json\/wp\/v2\/posts\/254\/revisions"}],"predecessor-version":[{"id":18543,"href":"https:\/\/www.monapart.com\/magazine\/ca\/wp-json\/wp\/v2\/posts\/254\/revisions\/18543"}],"wp:featuredmedia":[{"embeddable":true,"href":"https:\/\/www.monapart.com\/magazine\/ca\/wp-json\/wp\/v2\/media\/255"}],"wp:attachment":[{"href":"https:\/\/www.monapart.com\/magazine\/ca\/wp-json\/wp\/v2\/media?parent=254"}],"wp:term":[{"taxonomy":"category","embeddable":true,"href":"https:\/\/www.monapart.com\/magazine\/ca\/wp-json\/wp\/v2\/categories?post=254"},{"taxonomy":"post_tag","embeddable":true,"href":"https:\/\/www.monapart.com\/magazine\/ca\/wp-json\/wp\/v2\/tags?post=254"}],"curies":[{"name":"wp","href":"https:\/\/api.w.org\/{rel}","templated":true}]}}