{"id":238,"date":"2014-10-20T00:00:00","date_gmt":"2014-10-19T22:00:00","guid":{"rendered":"https:\/\/www.monapart.com\/magazine\/?p=238"},"modified":"2025-07-29T13:00:32","modified_gmt":"2025-07-29T11:00:32","slug":"a-casa-de-birgit-reinke","status":"publish","type":"post","link":"https:\/\/www.monapart.com\/magazine\/ca\/hogar\/en-casa-de-birgit-reinke","title":{"rendered":"A casa de la Birgit Reinke"},"content":{"rendered":"<h1 class=\"wp-block-heading\">A casa de la Birgit Reinke<\/h1>\n\n\n\n<h2 class=\"wp-block-heading\">La Birgit va arribar des de Mont-real a Barcelona fa 15 anys moguda per la necessitat \u2014compartida per molts alemanys\u2014 d'un clima m\u00e9s c\u00e0lid. El fred canadenc havia minvat la seva salut i buscava un lloc que li aport\u00e9s una qualitat de vida millor.<\/h2>\n\n\n\n<figure class=\"wp-block-image\"><img decoding=\"async\" src=\"https:\/\/www.monapart.com\/sites\/default\/files\/styles\/scale_960x960_\/public\/mediabrowser\/birgit-reinke_1_0.jpg?itok=XBPOk25g\" alt=\"A casa de la Birgit Reinke | Monapart\"\/><\/figure>\n\n\n\n<h3 class=\"wp-block-heading\">En arribar a la ciutat, es va instal\u00b7lar en un petit \u00e0tic al barri d'Horta, per\u00f2 el seu afany cultural i les seves visites constants al centre a causa de la seva feina (la Birgit impartia classes d'alemany a particulars), aviat la van portar al Raval.<\/h3>\n\n\n\n<figure class=\"wp-block-embed is-type-video is-provider-youtube wp-block-embed-youtube wp-embed-aspect-16-9 wp-has-aspect-ratio\"><div class=\"wp-block-embed__wrapper\">\n<iframe loading=\"lazy\" title=\"A CASA DE BIRGIT REINKE\" width=\"500\" height=\"281\" src=\"https:\/\/www.youtube.com\/embed\/y729IbvpTJE?feature=oembed\" frameborder=\"0\" allow=\"accelerometer; autoplay; clipboard-write; encrypted-media; gyroscope; picture-in-picture; web-share\" referrerpolicy=\"strict-origin-when-cross-origin\" allowfullscreen><\/iframe>\n<\/div><\/figure>\n\n\n\n<p class=\"wp-block-paragraph\">El Raval de l'any 1999, res a veure amb el que coneixem ara.<\/p>\n\n\n\n<figure class=\"wp-block-image\"><img decoding=\"async\" src=\"https:\/\/www.monapart.com\/sites\/default\/files\/styles\/scale_960x960_\/public\/mediabrowser\/birgit-reinke_2_0.jpg?itok=deBRUIy0\" alt=\"A casa de la Birgit Reinke | Monapart\"\/><\/figure>\n\n\n\n<p class=\"wp-block-paragraph\">Va descobrir casa seva en un anunci a La Vanguardia i, casaments de la vida, els seus propietaris eren un matrimoni catalanoalemany que vivia al Canad\u00e0. Alemanya, el Canad\u00e0 i Catalunya van formar de nou la constel\u00b7laci\u00f3 perfecta que va facilitar la compravenda de la casa.<\/p>\n\n\n\n<figure class=\"wp-block-image\"><img decoding=\"async\" src=\"https:\/\/www.monapart.com\/sites\/default\/files\/styles\/scale_960x960_\/public\/mediabrowser\/birgit-reinke-casa_9.jpg?itok=j3gVp-j0\" alt=\"A casa de la Birgit Reinke | Monapart\"\/><\/figure>\n\n\n\n<p class=\"wp-block-paragraph\">Hi va haver tanta bona sintonia que els propietaris van regalar a la Birgit dues magn\u00edfiques butaques de v\u00edmet dels anys 30 que encara conserva amb afecte.<\/p>\n\n\n\n<figure class=\"wp-block-image\"><img decoding=\"async\" src=\"https:\/\/magazine.monapart.com\/sites\/default\/files\/mediabrowser\/birgit-reinke-casa_1.jpg\" alt=\"A casa de la Birgit Reinke | Monapart\"\/><\/figure>\n\n\n\n<figure class=\"wp-block-image\"><img decoding=\"async\" src=\"https:\/\/magazine.monapart.com\/sites\/default\/files\/mediabrowser\/birgit-reinke-casa_3.jpg\" alt=\"A casa de la Birgit Reinke | Monapart\"\/><\/figure>\n\n\n\n<p class=\"wp-block-paragraph\">Per\u00f2 les casualitats no s'acaben aqu\u00ed\u2026 La Birgit ens explica que va sentir una sensaci\u00f3 estranya en trepitjar per primera vegada la sala principal. \u201cDe seguida em van venir ganes de ballar,\u201d ens diu.<\/p>\n\n\n\n<figure class=\"wp-block-image\"><img decoding=\"async\" src=\"https:\/\/www.monapart.com\/sites\/default\/files\/styles\/scale_960x960_\/public\/mediabrowser\/birgit-reinke-casa_2.jpg?itok=JvI5uWyI\" alt=\"A casa de la Birgit Reinke | Monapart\"\/><\/figure>\n\n\n\n<p class=\"wp-block-paragraph\">Alguna cosa semblant va sentir <a href=\"https:\/\/twitter.com\/jaimecopon\" target=\"_blank\" rel=\"noreferrer noopener\">Jaume<\/a> \u2013el nostre agent d'aleshores a Ciutat Vella\u2013. Aix\u00ed que no t'imagines la seva cara de sorpresa quan la senyora Pepita, la ve\u00efna nonagen\u00e0ria de la Birgit, ens explica que aquest sal\u00f3 havia estat <strong>l'escola de dansa del Liceu<\/strong>, on la mateixa <a href=\"http:\/\/ca.wikipedia.org\/wiki\/Pauleta_P%C3%A0mies_i_Serra\" target=\"_blank\" rel=\"noreferrer noopener\"><strong>Pauleta P\u00e0mies<\/strong><\/a> Ella havia ensenyat ballet. Incre\u00efble.<\/p>\n\n\n\n<figure class=\"wp-block-image\"><img decoding=\"async\" src=\"https:\/\/magazine.monapart.com\/sites\/default\/files\/mediabrowser\/birgit-reinke-casa_7.jpg\" alt=\"A casa de la Birgit Reinke | Monapart\"\/><\/figure>\n\n\n\n<figure class=\"wp-block-image\"><img decoding=\"async\" src=\"https:\/\/magazine.monapart.com\/sites\/default\/files\/mediabrowser\/birgit-reinke-casa_8.jpg\" alt=\"A casa de la Birgit Reinke | Monapart\"\/><\/figure>\n\n\n\n<figure class=\"wp-block-image\"><img decoding=\"async\" src=\"https:\/\/www.monapart.com\/sites\/default\/files\/styles\/scale_960x960_\/public\/mediabrowser\/birgit-reinke-casa_5.jpg?itok=zJR7wmcT\" alt=\"A casa de la Birgit Reinke | Monapart\"\/><\/figure>\n\n\n\n<p class=\"wp-block-paragraph\"><\/p>","protected":false},"excerpt":{"rendered":"<p>La Birgit va arribar des de Mont-real a Barcelona fa 15 anys moguda per la necessitat \u2014compartida per molts alemanys\u2014 d'un clima m\u00e9s c\u00e0lid. El fred canadenc havia minvat la seva salut i buscava un lloc que li aport\u00e9s una qualitat de vida millor.<\/p>","protected":false},"author":3,"featured_media":239,"comment_status":"closed","ping_status":"closed","sticky":false,"template":"","format":"standard","meta":{"_acf_changed":false,"footnotes":""},"categories":[2844,2845],"tags":[2870],"class_list":["post-238","post","type-post","status-publish","format-standard","has-post-thumbnail","hentry","category-hogar","category-mi-monapart","tag-diseno"],"acf":[],"_links":{"self":[{"href":"https:\/\/www.monapart.com\/magazine\/ca\/wp-json\/wp\/v2\/posts\/238","targetHints":{"allow":["GET"]}}],"collection":[{"href":"https:\/\/www.monapart.com\/magazine\/ca\/wp-json\/wp\/v2\/posts"}],"about":[{"href":"https:\/\/www.monapart.com\/magazine\/ca\/wp-json\/wp\/v2\/types\/post"}],"author":[{"embeddable":true,"href":"https:\/\/www.monapart.com\/magazine\/ca\/wp-json\/wp\/v2\/users\/3"}],"replies":[{"embeddable":true,"href":"https:\/\/www.monapart.com\/magazine\/ca\/wp-json\/wp\/v2\/comments?post=238"}],"version-history":[{"count":3,"href":"https:\/\/www.monapart.com\/magazine\/ca\/wp-json\/wp\/v2\/posts\/238\/revisions"}],"predecessor-version":[{"id":18313,"href":"https:\/\/www.monapart.com\/magazine\/ca\/wp-json\/wp\/v2\/posts\/238\/revisions\/18313"}],"wp:featuredmedia":[{"embeddable":true,"href":"https:\/\/www.monapart.com\/magazine\/ca\/wp-json\/wp\/v2\/media\/239"}],"wp:attachment":[{"href":"https:\/\/www.monapart.com\/magazine\/ca\/wp-json\/wp\/v2\/media?parent=238"}],"wp:term":[{"taxonomy":"category","embeddable":true,"href":"https:\/\/www.monapart.com\/magazine\/ca\/wp-json\/wp\/v2\/categories?post=238"},{"taxonomy":"post_tag","embeddable":true,"href":"https:\/\/www.monapart.com\/magazine\/ca\/wp-json\/wp\/v2\/tags?post=238"}],"curies":[{"name":"wp","href":"https:\/\/api.w.org\/{rel}","templated":true}]}}