{"id":20264,"date":"2025-06-09T13:46:00","date_gmt":"2025-06-09T11:46:00","guid":{"rendered":"https:\/\/www.monapart.com\/magazine\/?p=20264"},"modified":"2026-02-28T17:38:11","modified_gmt":"2026-02-28T16:38:11","slug":"contingut-de-persones-reals-per-a-agents-immobiliaris","status":"publish","type":"post","link":"https:\/\/www.monapart.com\/magazine\/ca\/noticias\/gente-real-contenidos-para-agentes-inmobiliarios","title":{"rendered":"Persones reals: Una altra manera de veure, pensar i parlar sobre la propietat"},"content":{"rendered":"<h1 class=\"wp-block-heading\"><a href=\"https:\/\/www.linkedin.com\/company\/monapart\/\" target=\"_blank\" rel=\"noopener\"><\/a>Persones reals: Una altra manera de veure, pensar i parlar sobre la propietat<\/h1>\n\n\n\n<h2 class=\"wp-block-heading\">A Monapart hem creat Gente Real (Gent Real), la narraci\u00f3 a trav\u00e9s de la qual compartim la nostra visi\u00f3 \u00fanica de la professi\u00f3 immobili\u00e0ria: una nova perspectiva imparcial centrada en l'aprenentatge compartit. <\/h2>\n\n\n\n<figure class=\"wp-block-image size-large\"><img loading=\"lazy\" decoding=\"async\" width=\"1024\" height=\"573\" src=\"https:\/\/www.monapart.com\/magazine\/wp-content\/uploads\/2026\/01\/nuevo-articulo-1024x573.png\" alt=\"Gent real: Una altra manera de veure, pensar i parlar sobre la propietat | Monapart\" class=\"wp-image-20265\" srcset=\"https:\/\/www.monapart.com\/magazine\/wp-content\/uploads\/2026\/01\/nuevo-articulo-1024x573.png 1024w, https:\/\/www.monapart.com\/magazine\/wp-content\/uploads\/2026\/01\/nuevo-articulo-300x168.png 300w, https:\/\/www.monapart.com\/magazine\/wp-content\/uploads\/2026\/01\/nuevo-articulo-768x430.png 768w, https:\/\/www.monapart.com\/magazine\/wp-content\/uploads\/2026\/01\/nuevo-articulo-18x10.png 18w, https:\/\/www.monapart.com\/magazine\/wp-content\/uploads\/2026\/01\/nuevo-articulo.png 1280w\" sizes=\"auto, (max-width: 1024px) 100vw, 1024px\" \/><\/figure>\n\n\n\n<p>El sector immobiliari sovint s'explica amb els mateixos clix\u00e9s. Grans promeses, frases fetes i f\u00f3rmules de soluci\u00f3 r\u00e0pida que no sempre connecten amb la realitat quotidiana dels qui hi treballem.<\/p>\n\n\n\n<p>Des de <a href=\"https:\/\/www.monapart.com\/magazine\/ca\/noticies\/15-anys-de-monapart\/\" data-type=\"post\" data-id=\"19562\" target=\"_blank\" rel=\"noreferrer noopener\">els nostres inicis el 2010<\/a>, Ens mou la inconformitat. Busquem una manera diferent de fer negocis immobiliaris, allunyant-nos del \u00absempre s'ha fet aix\u00ed\u00bb per buscar el \u00abfem-ho millor\u00bb. Quina \u00e9s la millor experi\u00e8ncia de client? Quines eines proporcionem als nostres agents col\u00b7laboradors perqu\u00e8 puguin vendre m\u00e9s i millor? Com podem construir una marca immobili\u00e0ria honesta i, alhora, rendible?<\/p>\n\n\n\n<p>Monapart \u00e9s una\u00a0<em>rara avis\u00a0<\/em>perqu\u00e8 demostrem que es pot fer negoci sense perdre l'ess\u00e8ncia. Sense avorrir. Sense fingir ni caure al cuqui. Sense deixar de ser interessant ni perdre la frescor. Sabem que es pot construir una comunitat de bons agents (els #bonagentt) on els professionals creixen, els clients se senten importants, i on els #habitatgesbonics troben el seu lloc.<\/p>\n\n\n\n<h2 class=\"wp-block-heading\"><strong>Un ecosistema per a agents immobiliaris inconformistes<\/strong><\/h2>\n\n\n\n<p>Real People \u00e9s el concepte global que engloba aquesta perspectiva \u00fanica a tot color. No \u00e9s nom\u00e9s un missatge, \u00e9s una conversa oberta a trav\u00e9s de diferents canals: <\/p>\n\n\n\n<ul class=\"wp-block-list\">\n<li>El butllet\u00ed mensual: Reflexions enviades directament a la teva b\u00fastia d'entrada (o a trav\u00e9s de LinkedIn), al qual et pots subscriure mitjan\u00e7ant aquest enlla\u00e7. <a href=\"https:\/\/apps.clientify.net\/forms\/simpleembed\/#\/forms\/embedform\/225638\/9024\" data-type=\"link\" data-id=\"https:\/\/apps.clientify.net\/forms\/simpleembed\/#\/forms\/embedform\/225638\/9024\" target=\"_blank\" rel=\"noreferrer noopener\">formulari<\/a>.<\/li>\n\n\n\n<li>El <a href=\"https:\/\/www.ivoox.com\/podcast-gente-real-el-podcast-monapart_sq_f12709649_1.html\" data-type=\"link\" data-id=\"https:\/\/www.ivoox.com\/podcast-gente-real-el-podcast-monapart_sq_f12709649_1.html\" target=\"_blank\" rel=\"noreferrer noopener nofollow\">p\u00f2dcast:<\/a> On donem veu als actors clau per debatre els principals reptes que afronta el sector. <\/li>\n\n\n\n<li>El <a href=\"https:\/\/www.monapart.com\/magazine\/ca\/gent-real\/\" data-type=\"category\" data-id=\"2849\" target=\"_blank\" rel=\"noreferrer noopener\">revista<\/a>: una secci\u00f3 dedicada exclusivament a l'an\u00e0lisi en profunditat per a professionals del sector immobiliari. <\/li>\n<\/ul>\n\n\n\n<h2 class=\"wp-block-heading\"><strong>El sector immobiliari no \u00e9s blanc i negre.<\/strong><\/h2>\n\n\n\n<p>Els qui treballen en aquest sector saben que no hi ha dues transaccions id\u00e8ntiques. Cada propietat t\u00e9 el seu propi context i cada propietari t\u00e9 la seva pr\u00f2pia hist\u00f2ria. Tanmateix, el discurs que envolta el sector sovint simplifica excessivament aquesta complexitat.<\/p>\n\n\n\n<p>Es parla poc de la incertesa, de les negociacions que surten malament o de les decisions dif\u00edcils. Per\u00f2 aquesta \u00e9s la realitat quotidiana d'un agent immobiliari. Veure el sector immobiliari en color significa acceptar que no tot \u00e9s perfecte i que el valor del professional rau en saber gestionar all\u00f2 que no \u00e9s visible: interpretar contextos, llegir les persones i acompanyar-les amb discerniment.<\/p>\n\n\n\n<blockquote class=\"wp-block-quote is-layout-flow wp-block-quote-is-layout-flow\">\n<p>Escolta, llegeix i comparteix: tant si premis el bot\u00f3 de reproducci\u00f3 del nostre p\u00f2dcast com si t'endinses en els articles de la revista, Gente Real \u00e9s el teu recurs de refer\u00e8ncia.<\/p>\n<\/blockquote>\n\n\n\n<figure class=\"wp-block-image size-large\"><img loading=\"lazy\" decoding=\"async\" width=\"1024\" height=\"576\" src=\"https:\/\/www.monapart.com\/magazine\/wp-content\/uploads\/2025\/06\/Caratula-apaisada-Gente-Real-2-1024x576.jpg\" alt=\"\" class=\"wp-image-20379\" srcset=\"https:\/\/www.monapart.com\/magazine\/wp-content\/uploads\/2025\/06\/Caratula-apaisada-Gente-Real-2-1024x576.jpg 1024w, https:\/\/www.monapart.com\/magazine\/wp-content\/uploads\/2025\/06\/Caratula-apaisada-Gente-Real-2-300x169.jpg 300w, https:\/\/www.monapart.com\/magazine\/wp-content\/uploads\/2025\/06\/Caratula-apaisada-Gente-Real-2-768x432.jpg 768w, https:\/\/www.monapart.com\/magazine\/wp-content\/uploads\/2025\/06\/Caratula-apaisada-Gente-Real-2-1536x864.jpg 1536w, https:\/\/www.monapart.com\/magazine\/wp-content\/uploads\/2025\/06\/Caratula-apaisada-Gente-Real-2-18x10.jpg 18w, https:\/\/www.monapart.com\/magazine\/wp-content\/uploads\/2025\/06\/Caratula-apaisada-Gente-Real-2.jpg 1920w\" sizes=\"auto, (max-width: 1024px) 100vw, 1024px\" \/><figcaption class=\"wp-element-caption\">Segueix-nos al podcast!<\/figcaption><\/figure>\n\n\n\n<h2 class=\"wp-block-heading\"><strong>La nostra perspectiva: plantejar les preguntes inc\u00f2modes<\/strong><\/h2>\n\n\n\n<p>Mirar les coses de manera diferent significa observar la professi\u00f3 des de dins, amb respecte i un esperit cr\u00edtic. <\/p>\n\n\n\n<ul class=\"wp-block-list\">\n<li>Per qu\u00e8 comuniquem el sector immobiliari com una cosa aliena a la gent?<\/li>\n\n\n\n<li>Per qu\u00e8 \u00e9s tan dif\u00edcil parlar dels errors i de les experi\u00e8ncies d'aprenentatge reals?<\/li>\n\n\n\n<li>Per qu\u00e8 reduir-ho tot a promeses r\u00e0pides quan un bon immoble requereix temps i experi\u00e8ncia?<\/li>\n<\/ul>\n\n\n\n<h2 class=\"wp-block-heading\"><strong>Pensar de manera diferent tamb\u00e9 significa esdevenir m\u00e9s professional.<\/strong><\/h2>\n\n\n\n<p>Pensar de manera diferent no \u00e9s improvisar; \u00e9s entendre com evoluciona el mercat i qu\u00e8 necessita avui un agent immobiliari per fer b\u00e9 la seva feina. En un entorn on la confian\u00e7a \u00e9s l'actiu central, repetir velles f\u00f3rmules ja no funciona. <\/p>\n\n\n\n<p>Estem compromesos amb la formaci\u00f3, el pensament independent i la millora cont\u00ednua. Per\u00f2, sobretot, estem compromesos amb la compartici\u00f3. El coneixement no es refor\u00e7a quan es ret\u00e9 per a un mateix, sin\u00f3 quan circula entre professionals que no tenen por de mostrar-se tal com s\u00f3n. <\/p>\n\n\n\n<h2 class=\"wp-block-heading\"><strong>Una conversa necess\u00e0ria sobre qu\u00e8 significa ser un agent immobiliari avui dia<\/strong><\/h2>\n\n\n\n<p>Gente Real \u00e9s un espai dissenyat per a agents immobiliaris que comparteixen aquestes inquietuds. Professionals que saben que l'aprenentatge veritable prov\u00e9 de la q\u00fcesti\u00f3 i d'una dosi saludable de inconformisme. <\/p>\n\n\n\n<p>Us convidem a participar amb nosaltres en la discussi\u00f3 del sector immobiliari sense pretensions en tots els nostres formats. Cada dos o tres dijous de mes, la conversa s'intensifica al vostre correu electr\u00f2nic i a LinkedIn, per\u00f2 la flama continua ardent cada setmana al nostre p\u00f2dcast i a la nostra revista. <\/p>\n\n\n\n<p>No hi ha f\u00f3rmules m\u00e0giques. Nom\u00e9s reflexions pr\u00e0ctiques, experi\u00e8ncies reals i el desig de continuar aprenent junts.<\/p>\n\n\n\n<p>Vens? Subscriu-te <a href=\"https:\/\/www.linkedin.com\/newsletters\/gente-real-7163593934957486080\/\" target=\"_blank\" rel=\"noopener\">Aqu\u00ed.<\/a><\/p>","protected":false},"excerpt":{"rendered":"<p>Real People \u00e9s la nostra manera de compartir la nostra visi\u00f3 particular de la professi\u00f3 immobili\u00e0ria. Ja sigui en format de butllet\u00ed, p\u00f2dcast o contingut, l'objectiu \u00e9s l'aprenentatge compartit.<\/p>","protected":false},"author":3,"featured_media":20379,"comment_status":"closed","ping_status":"closed","sticky":false,"template":"","format":"standard","meta":{"_acf_changed":false,"footnotes":""},"categories":[2852,2854],"tags":[3240],"class_list":["post-20264","post","type-post","status-publish","format-standard","has-post-thumbnail","hentry","category-noticias","category-actualidad","tag-gentereal"],"acf":[],"_links":{"self":[{"href":"https:\/\/www.monapart.com\/magazine\/ca\/wp-json\/wp\/v2\/posts\/20264","targetHints":{"allow":["GET"]}}],"collection":[{"href":"https:\/\/www.monapart.com\/magazine\/ca\/wp-json\/wp\/v2\/posts"}],"about":[{"href":"https:\/\/www.monapart.com\/magazine\/ca\/wp-json\/wp\/v2\/types\/post"}],"author":[{"embeddable":true,"href":"https:\/\/www.monapart.com\/magazine\/ca\/wp-json\/wp\/v2\/users\/3"}],"replies":[{"embeddable":true,"href":"https:\/\/www.monapart.com\/magazine\/ca\/wp-json\/wp\/v2\/comments?post=20264"}],"version-history":[{"count":16,"href":"https:\/\/www.monapart.com\/magazine\/ca\/wp-json\/wp\/v2\/posts\/20264\/revisions"}],"predecessor-version":[{"id":20398,"href":"https:\/\/www.monapart.com\/magazine\/ca\/wp-json\/wp\/v2\/posts\/20264\/revisions\/20398"}],"wp:featuredmedia":[{"embeddable":true,"href":"https:\/\/www.monapart.com\/magazine\/ca\/wp-json\/wp\/v2\/media\/20379"}],"wp:attachment":[{"href":"https:\/\/www.monapart.com\/magazine\/ca\/wp-json\/wp\/v2\/media?parent=20264"}],"wp:term":[{"taxonomy":"category","embeddable":true,"href":"https:\/\/www.monapart.com\/magazine\/ca\/wp-json\/wp\/v2\/categories?post=20264"},{"taxonomy":"post_tag","embeddable":true,"href":"https:\/\/www.monapart.com\/magazine\/ca\/wp-json\/wp\/v2\/tags?post=20264"}],"curies":[{"name":"wp","href":"https:\/\/api.w.org\/{rel}","templated":true}]}}