{"id":18263,"date":"2025-03-31T10:12:00","date_gmt":"2025-03-31T08:12:00","guid":{"rendered":"https:\/\/www.monapart.com\/magazine\/?p=18263"},"modified":"2025-11-25T13:57:32","modified_gmt":"2025-11-25T12:57:32","slug":"gemma-caballe-academica-sector-immobiliari","status":"publish","type":"post","link":"https:\/\/www.monapart.com\/magazine\/ca\/gente-real\/gemma-caballe-academica-sector-inmobiliario","title":{"rendered":"Gemma Caball\u00e9: La br\u00faixola acad\u00e8mica que guia el sector immobiliari"},"content":{"rendered":"<h1 class=\"wp-block-heading\">Gemma Caball\u00e9: La br\u00faixola acad\u00e8mica que guia el sector immobiliari<\/h1>\n\n\n\n<h2 class=\"wp-block-heading\">La Dra. Gemma Caball\u00e9 desglossa els models d&#039;intermediaci\u00f3, anticipa el futur humanitzat del sector immobiliari i revela la seva innovadora investigaci\u00f3 sobre habitatge i g\u00e8nere.<\/h2>\n\n\n<div class='post-info'>31 de mar\u00e7 de 2025 per <a href='https:\/\/www.monapart.com\/magazine\/ca\/autor\/monapart'>Monapart<\/a><\/div>\n\n\n\n<p><br>A <a href=\"https:\/\/www.monapart.com\/magazine\/ca\/\"><strong>Monapart<\/strong><\/a> sempre busquem les ments m\u00e9s brillants que il\u00b7luminin el complex i, sovint, opac m\u00f3n de l&#039;habitatge. I poques figures brillen amb tanta claredat i rigor com la Dra. Gemma Caball\u00e9.&nbsp;<\/p>\n\n\n\n<p>Aquest article neix, precisament, d&#039;una entrevista enriquidora que vam fer a Gemma, oferint-nos la seva visi\u00f3 privilegiada i profundament informada. Ella \u00e9s una <em>rara avis<\/em> en el panorama acad\u00e8mic espanyol, la dedicaci\u00f3 de la qual a la recerca en l&#039;\u00e0mbit de la intermediaci\u00f3 immobili\u00e0ria i les pol\u00edtiques d&#039;habitatge la converteix en una veu imprescindible per entendre el present i anticipar el futur del sector.<\/p>\n\n\n<div class=\"wp-block-image\">\n<figure class=\"aligncenter size-full is-resized\"><img loading=\"lazy\" decoding=\"async\" width=\"949\" height=\"725\" src=\"https:\/\/www.monapart.com\/magazine\/wp-content\/uploads\/2025\/04\/Gemma-Caballe-Investigadora-postdoctoral-del-sector-de-la-vivienda.png\" alt=\"Gemma Caball\u00e9 - Investigadora postdoctoral del sector de l&#039;habitatge\" class=\"wp-image-19849\" style=\"width:634px;height:auto\" srcset=\"https:\/\/www.monapart.com\/magazine\/wp-content\/uploads\/2025\/04\/Gemma-Caballe-Investigadora-postdoctoral-del-sector-de-la-vivienda.png 949w, https:\/\/www.monapart.com\/magazine\/wp-content\/uploads\/2025\/04\/Gemma-Caballe-Investigadora-postdoctoral-del-sector-de-la-vivienda-300x229.png 300w, https:\/\/www.monapart.com\/magazine\/wp-content\/uploads\/2025\/04\/Gemma-Caballe-Investigadora-postdoctoral-del-sector-de-la-vivienda-768x587.png 768w, https:\/\/www.monapart.com\/magazine\/wp-content\/uploads\/2025\/04\/Gemma-Caballe-Investigadora-postdoctoral-del-sector-de-la-vivienda-16x12.png 16w\" sizes=\"auto, (max-width: 949px) 100vw, 949px\" \/><\/figure>\n<\/div>\n\n\n<p><br>Gemma Caball\u00e9 no \u00e9s una acad\u00e8mica a l&#039;\u00fas. La seva traject\u00f2ria \u00e9s un testimoniatge d&#039;excel\u00b7l\u00e8ncia i comprom\u00eds: Graduada en Dret, M\u00e0ster en Dret d&#039;Empresa de la Contractaci\u00f3 i Doctora en Dret, amb les m\u00e9s altes distincions.&nbsp;<\/p>\n\n\n\n<div class=\"wp-block-media-text is-stacked-on-mobile\" style=\"grid-template-columns:31% auto\"><figure class=\"wp-block-media-text__media\"><img loading=\"lazy\" decoding=\"async\" width=\"413\" height=\"477\" src=\"https:\/\/www.monapart.com\/magazine\/wp-content\/uploads\/2025\/07\/Portada-llibre.png\" alt=\"\" class=\"wp-image-18266 size-full\" srcset=\"https:\/\/www.monapart.com\/magazine\/wp-content\/uploads\/2025\/07\/Portada-llibre.png 413w, https:\/\/www.monapart.com\/magazine\/wp-content\/uploads\/2025\/07\/Portada-llibre-260x300.png 260w, https:\/\/www.monapart.com\/magazine\/wp-content\/uploads\/2025\/07\/Portada-llibre-10x12.png 10w\" sizes=\"auto, (max-width: 413px) 100vw, 413px\" \/><\/figure><div class=\"wp-block-media-text__content\">\n<p>En un camp on la literatura acad\u00e8mica escasseja, la investigaci\u00f3 de Gemma no nom\u00e9s \u00e9s pionera, sin\u00f3 que la posiciona com un referent amb la seva tesi doctoral:<em> \u201c&quot;La Intermediaci\u00f3 immobili\u00e0ria davant dels nous reptes de la vivenda&quot;.<\/em><\/p>\n\n\n\n<p>La seva profunda connexi\u00f3 amb el m\u00f3n de l&#039;habitatge es manifesta tamb\u00e9 en el seu rol a la <strong>C\u00e0tedra UNESCO d&#039;Habitatge de la Universitat Rovira i Virgili<\/strong>. All\u00ed, Gemma \u00e9s investigadora postdoctoral i exerceix un paper fonamental com a docent en programes de postgrau tan rellevants com \u00abAgent Immobiliari i Gesti\u00f3 de la Propietat\u00bb i \u00abPol\u00edtiques P\u00fabliques d&#039;Habitatge\u00bb.&nbsp;<\/p>\n<\/div><\/div>\n\n\n\n<p><\/p>\n\n\n\n<p>A m\u00e9s, comparteix el seu coneixement com <strong>professora de Dret Civil<\/strong> tant a la URV com a la Universitat Oberta de Catalunya (UOC), consolidant el seu perfil com una acad\u00e8mica <em>full time<\/em> dedicada a la vivenda i la intermediaci\u00f3.<\/p>\n\n\n\n<h2 class=\"wp-block-heading\"><strong>Desentranyant els models d&#039;intermediaci\u00f3 immobili\u00e0ria:\u00a0<\/strong><\/h2>\n\n\n<div class=\"wp-block-image\">\n<figure class=\"alignleft size-full is-resized\"><img loading=\"lazy\" decoding=\"async\" width=\"804\" height=\"675\" src=\"https:\/\/www.monapart.com\/magazine\/wp-content\/uploads\/2025\/07\/vivienda-1-804x675-1.jpg\" alt=\"Gemma Caball\u00e9: La br\u00faixola acad\u00e8mica que guia el sector immobiliari | Monapart  \" class=\"wp-image-18273\" style=\"width:358px;height:auto\" srcset=\"https:\/\/www.monapart.com\/magazine\/wp-content\/uploads\/2025\/07\/vivienda-1-804x675-1.jpg 804w, https:\/\/www.monapart.com\/magazine\/wp-content\/uploads\/2025\/07\/vivienda-1-804x675-1-300x252.jpg 300w, https:\/\/www.monapart.com\/magazine\/wp-content\/uploads\/2025\/07\/vivienda-1-804x675-1-768x645.jpg 768w, https:\/\/www.monapart.com\/magazine\/wp-content\/uploads\/2025\/07\/vivienda-1-804x675-1-14x12.jpg 14w\" sizes=\"auto, (max-width: 804px) 100vw, 804px\" \/><\/figure>\n<\/div>\n\n\n<p>Un dels punts m\u00e9s rellevants que Gemma aborda a les seves investigacions \u00e9s <strong>la necessitat imperiosa d&#039;un<\/strong> <strong>marc legal que reconegui expl\u00edcitament els diferents models d&#039;intermediaci\u00f3 immobili\u00e0ria<\/strong> que operen a la realitat.<\/p>\n\n\n\n<p>En un sector en constant evoluci\u00f3, la normativa actual, de vegades, no reflecteix la diversitat de pr\u00e0ctiques i rols. Gemma identifica i analitza en profunditat quatre formes principals d&#039;exercir la professi\u00f3, cadascuna amb les particularitats, els avantatges i els inconvenients.<\/p>\n\n\n<style>.wp-block-kadence-iconlist.kt-svg-icon-list-items18263_a9c6fe-08:not(.this-stops-third-party-issues){margin-top:0px;margin-bottom:0px;}.wp-block-kadence-iconlist.kt-svg-icon-list-items18263_a9c6fe-08 ul.kt-svg-icon-list:not(.this-prevents-issues):not(.this-stops-third-party-issues):not(.tijsloc){margin-top:0px;margin-right:0px;margin-bottom:var(--global-kb-spacing-sm, 1.5rem);margin-left:0px;}.wp-block-kadence-iconlist.kt-svg-icon-list-items18263_a9c6fe-08 ul.kt-svg-icon-list{grid-row-gap:5px;}.wp-block-kadence-iconlist.kt-svg-icon-list-items18263_a9c6fe-08 ul.kt-svg-icon-list .kt-svg-icon-list-item-wrap .kt-svg-icon-list-single{margin-right:10px;}.kt-svg-icon-list-items18263_a9c6fe-08 ul.kt-svg-icon-list .kt-svg-icon-list-level-0 .kt-svg-icon-list-single svg{font-size:20px;}<\/style>\n<div class=\"wp-block-kadence-iconlist kt-svg-icon-list-items kt-svg-icon-list-items18263_a9c6fe-08 kt-svg-icon-list-columns-1 alignnone\"><ul class=\"kt-svg-icon-list\"><style>.kt-svg-icon-list-item-18263_e07563-8e .kt-svg-icon-list-text mark.kt-highlight{background-color:unset;font-style:normal;color:#f76a0c;-webkit-box-decoration-break:clone;box-decoration-break:clone;padding-top:0px;padding-right:0px;padding-bottom:0px;padding-left:0px;}<\/style>\n<li class=\"wp-block-kadence-listitem kt-svg-icon-list-item-wrap kt-svg-icon-list-item-18263_e07563-8e\"><span class=\"kb-svg-icon-wrap kb-svg-icon-fe_checkCircle kt-svg-icon-list-single\"><svg viewbox=\"0 0 24 24\"  fill=\"none\" stroke=\"currentColor\" stroke-width=\"2\" stroke-linecap=\"round\" stroke-linejoin=\"round\" xmlns=\"http:\/\/www.w3.org\/2000\/svg\"  aria-hidden=\"true\"><path d=\"M22 11.08V12a10 10 0 1 1-5.93-9.14\"\/><polyline points=\"22 4 12 14.01 9 11.01\"\/><\/svg><\/span><span class=\"kt-svg-icon-list-text\"><strong>El model dagent per cada part <\/strong>(t\u00edpic als Estats Units): En aquest esquema, tant el venedor com el comprador contracten el seu propi agent immobiliari. Aquest model, habitual als Estats Units, \u00e9s el que genera menys friccions jur\u00eddiques, ja que la funci\u00f3 de cada agent \u00e9s clara: defensar exclusivament els interessos del seu client.&nbsp;<\/span><\/li>\n<\/ul><\/div>\n\n\n\n<p>S&#039;assembla a un litigi judicial on cada part compta amb el seu advocat, negociant entre ells per arribar a un acord. Aqu\u00ed, cada part s&#039;encarrega de la retribuci\u00f3 del seu respectiu agent, cosa que simplifica l&#039;estructura contractual.&nbsp;<\/p>\n\n\n<style>.wp-block-kadence-iconlist.kt-svg-icon-list-items18263_3a8697-70:not(.this-stops-third-party-issues){margin-top:0px;margin-bottom:0px;}.wp-block-kadence-iconlist.kt-svg-icon-list-items18263_3a8697-70 ul.kt-svg-icon-list:not(.this-prevents-issues):not(.this-stops-third-party-issues):not(.tijsloc){margin-top:0px;margin-right:0px;margin-bottom:var(--global-kb-spacing-sm, 1.5rem);margin-left:0px;}.wp-block-kadence-iconlist.kt-svg-icon-list-items18263_3a8697-70 ul.kt-svg-icon-list{grid-row-gap:5px;}.wp-block-kadence-iconlist.kt-svg-icon-list-items18263_3a8697-70 ul.kt-svg-icon-list .kt-svg-icon-list-item-wrap .kt-svg-icon-list-single{margin-right:10px;}.kt-svg-icon-list-items18263_3a8697-70 ul.kt-svg-icon-list .kt-svg-icon-list-level-0 .kt-svg-icon-list-single svg{font-size:20px;}<\/style>\n<div class=\"wp-block-kadence-iconlist kt-svg-icon-list-items kt-svg-icon-list-items18263_3a8697-70 kt-svg-icon-list-columns-1 alignnone\"><ul class=\"kt-svg-icon-list\"><style>.kt-svg-icon-list-item-18263_f9ef67-36 .kt-svg-icon-list-text mark.kt-highlight{background-color:unset;font-style:normal;color:#f76a0c;-webkit-box-decoration-break:clone;box-decoration-break:clone;padding-top:0px;padding-right:0px;padding-bottom:0px;padding-left:0px;}<\/style>\n<li class=\"wp-block-kadence-listitem kt-svg-icon-list-item-wrap kt-svg-icon-list-item-18263_f9ef67-36\"><span class=\"kb-svg-icon-wrap kb-svg-icon-fe_checkCircle kt-svg-icon-list-single\"><svg viewbox=\"0 0 24 24\"  fill=\"none\" stroke=\"currentColor\" stroke-width=\"2\" stroke-linecap=\"round\" stroke-linejoin=\"round\" xmlns=\"http:\/\/www.w3.org\/2000\/svg\"  aria-hidden=\"true\"><path d=\"M22 11.08V12a10 10 0 1 1-5.93-9.14\"\/><polyline points=\"22 4 12 14.01 9 11.01\"\/><\/svg><\/span><span class=\"kt-svg-icon-list-text\"><strong>El model tradicional espanyol: nom\u00e9s el venedor contracta l&#039;agent:<\/strong> Aquesta \u00e9s, potser, la manera m\u00e9s estesa i tradicional a Espanya. L&#039;agent \u00e9s contractat exclusivament pel venedor o arrendador. Aqu\u00ed sorgeix una q\u00fcesti\u00f3 fonamental: quines obligacions t\u00e9 l&#039;agent cap al comprador, amb qui no hi ha un vincle contractual directe?<\/span><\/li>\n<\/ul><\/div>\n\n\n\n<p>Gemma emfatitza que, encara que el comprador no sigui el client en el sentit estricte, l&#039;agent ha d&#039;actuar amb total transpar\u00e8ncia. Aix\u00f2 implica deixar clar al comprador que el client i qui sufraga els honoraris \u00e9s el venedor.&nbsp;<\/p>\n\n\n\n<p>Aix\u00f2 no obstant, l&#039;agent est\u00e0 obligat a complir les exig\u00e8ncies d&#039;informaci\u00f3 precontractual que imposen normatives com l&#039;article 31 de la Llei estatal d&#039;habitatge i, si el comprador t\u00e9 la consideraci\u00f3 de consumidor, tota la normativa de protecci\u00f3 al consumidor. \u00c9s vital per a l&#039;agent con\u00e8ixer aquests l\u00edmits i drets per evitar malentesos i reclamacions futures.&nbsp;<\/p>\n\n\n<style>.wp-block-kadence-iconlist.kt-svg-icon-list-items18263_700576-8a:not(.this-stops-third-party-issues){margin-top:0px;margin-bottom:0px;}.wp-block-kadence-iconlist.kt-svg-icon-list-items18263_700576-8a ul.kt-svg-icon-list:not(.this-prevents-issues):not(.this-stops-third-party-issues):not(.tijsloc){margin-top:0px;margin-right:0px;margin-bottom:var(--global-kb-spacing-sm, 1.5rem);margin-left:0px;}.wp-block-kadence-iconlist.kt-svg-icon-list-items18263_700576-8a ul.kt-svg-icon-list{grid-row-gap:5px;}.wp-block-kadence-iconlist.kt-svg-icon-list-items18263_700576-8a ul.kt-svg-icon-list .kt-svg-icon-list-item-wrap .kt-svg-icon-list-single{margin-right:10px;}.kt-svg-icon-list-items18263_700576-8a ul.kt-svg-icon-list .kt-svg-icon-list-level-0 .kt-svg-icon-list-single svg{font-size:20px;}<\/style>\n<div class=\"wp-block-kadence-iconlist kt-svg-icon-list-items kt-svg-icon-list-items18263_700576-8a kt-svg-icon-list-columns-1 alignnone\"><ul class=\"kt-svg-icon-list\"><style>.kt-svg-icon-list-item-18263_3978c2-bb .kt-svg-icon-list-text mark.kt-highlight{background-color:unset;font-style:normal;color:#f76a0c;-webkit-box-decoration-break:clone;box-decoration-break:clone;padding-top:0px;padding-right:0px;padding-bottom:0px;padding-left:0px;}<\/style>\n<li class=\"wp-block-kadence-listitem kt-svg-icon-list-item-wrap kt-svg-icon-list-item-18263_3978c2-bb\"><span class=\"kb-svg-icon-wrap kb-svg-icon-fe_checkCircle kt-svg-icon-list-single\"><svg viewbox=\"0 0 24 24\"  fill=\"none\" stroke=\"currentColor\" stroke-width=\"2\" stroke-linecap=\"round\" stroke-linejoin=\"round\" xmlns=\"http:\/\/www.w3.org\/2000\/svg\"  aria-hidden=\"true\"><path d=\"M22 11.08V12a10 10 0 1 1-5.93-9.14\"\/><polyline points=\"22 4 12 14.01 9 11.01\"\/><\/svg><\/span><span class=\"kt-svg-icon-list-text\"><strong>El personal shopper immobiliari: nom\u00e9s el comprador contracta l&#039;agent:<\/strong> En aquest model, l&#039;agent actua en inter\u00e8s exclusiu del comprador, que \u00e9s l&#039;\u00fanic que el contracta i paga. El venedor, en aquest cas, opera de manera independent. Aquest enfocament ofereix al comprador un nivell de protecci\u00f3 i un assessorament molt m\u00e9s profund i personalitzat, que va m\u00e9s enll\u00e0 de la mera informaci\u00f3 m\u00ednima legal.<\/span><\/li>\n<\/ul><\/div>\n\n\n\n<p>L&#039;agent, en ser contractat pel comprador, pot vetllar pels seus interessos de manera proactiva, investigant aspectes com l&#039;orientaci\u00f3 de l&#039;habitatge, la proximitat de serveis essencials (hospitals, escoles) i fins i tot q\u00fcestionant detalls que la normativa no exigeix, justificant aix\u00ed una retribuci\u00f3 per un servei de valor afegit.<\/p>\n\n\n<style>.wp-block-kadence-iconlist.kt-svg-icon-list-items18263_b9d1e4-05:not(.this-stops-third-party-issues){margin-top:0px;margin-bottom:0px;}.wp-block-kadence-iconlist.kt-svg-icon-list-items18263_b9d1e4-05 ul.kt-svg-icon-list:not(.this-prevents-issues):not(.this-stops-third-party-issues):not(.tijsloc){margin-top:0px;margin-right:0px;margin-bottom:var(--global-kb-spacing-sm, 1.5rem);margin-left:0px;}.wp-block-kadence-iconlist.kt-svg-icon-list-items18263_b9d1e4-05 ul.kt-svg-icon-list{grid-row-gap:5px;}.wp-block-kadence-iconlist.kt-svg-icon-list-items18263_b9d1e4-05 ul.kt-svg-icon-list .kt-svg-icon-list-item-wrap .kt-svg-icon-list-single{margin-right:10px;}.kt-svg-icon-list-items18263_b9d1e4-05 ul.kt-svg-icon-list .kt-svg-icon-list-level-0 .kt-svg-icon-list-single svg{font-size:20px;}<\/style>\n<div class=\"wp-block-kadence-iconlist kt-svg-icon-list-items kt-svg-icon-list-items18263_b9d1e4-05 kt-svg-icon-list-columns-1 alignnone\"><ul class=\"kt-svg-icon-list\"><style>.kt-svg-icon-list-item-18263_911a89-f5 .kt-svg-icon-list-text mark.kt-highlight{background-color:unset;font-style:normal;color:#f76a0c;-webkit-box-decoration-break:clone;box-decoration-break:clone;padding-top:0px;padding-right:0px;padding-bottom:0px;padding-left:0px;}<\/style>\n<li class=\"wp-block-kadence-listitem kt-svg-icon-list-item-wrap kt-svg-icon-list-item-18263_911a89-f5\"><span class=\"kb-svg-icon-wrap kb-svg-icon-fe_checkCircle kt-svg-icon-list-single\"><svg viewbox=\"0 0 24 24\"  fill=\"none\" stroke=\"currentColor\" stroke-width=\"2\" stroke-linecap=\"round\" stroke-linejoin=\"round\" xmlns=\"http:\/\/www.w3.org\/2000\/svg\"  aria-hidden=\"true\"><path d=\"M22 11.08V12a10 10 0 1 1-5.93-9.14\"\/><polyline points=\"22 4 12 14.01 9 11.01\"\/><\/svg><\/span><span class=\"kt-svg-icon-list-text\"><strong>L&#039;agent contractat per ambdues parts (doble mandat):<\/strong> Aquesta \u00e9s, des del punt de vista jur\u00eddic, la situaci\u00f3 que m\u00e9s complexitats pot comportar. El mateix agent immobiliari estableix un contracte tant amb el venedor com amb el comprador. La discussi\u00f3 doctrinal se centra en el possible conflicte d\u201finteressos, ja que el venedor busca el preu m\u00e9s alt i el comprador el m\u00e9s baix.<\/span><\/li>\n<\/ul><\/div>\n\n\n\n<p>Gemma assenyala que el Codi Civil de Catalunya, en regular el mandat, ja preveu aquesta situaci\u00f3 del \u00abdoble mandat\u00bb, exigint al mandatari (l&#039;agent) imparcialitat i l&#039;obligaci\u00f3 de comunicar-ho a les dues parts. Per garantir aquesta imparcialitat a la pr\u00e0ctica, Gemma suggereix una delimitaci\u00f3 molt clara i transparent dels serveis que es prestaran a cada part.&nbsp;<\/p>\n\n\n\n<p>Si b\u00e9 alguns agents poden sentir-se inc\u00f2modes amb aquest model, altres hi troben una forma efica\u00e7 de treball, cobrant retribuci\u00f3 d&#039;ambdues parts i oferint serveis espec\u00edfics per a cadascuna.<\/p>\n\n\n\n<p>Gemma subratlla amb insist\u00e8ncia que <strong>no hi ha un model \u00abmillor\u00bb o \u00abpitjor\u00bb<\/strong>. Tots s\u00f3n v\u00e0lids i poden funcionar efica\u00e7ment. <strong>La clau, en qualsevol dels quatre casos, rau en la transpar\u00e8ncia.&nbsp;<\/strong><\/p>\n\n\n\n<p><strong>\u00c9s fonamental que l&#039;agent expliqui des del primer moment per a qui treballa, quins serveis ofereix a cada part i qui paga. Aquesta claredat no nom\u00e9s evita confusions, sin\u00f3 que tamb\u00e9 assegura la seguretat jur\u00eddica i la confian\u00e7a dels clients.&nbsp;<\/strong><\/p>\n\n\n\n<p>La seva proposta, i una de les conclusions de la seva tesi, \u00e9s clara: el primer pas per millorar el sector \u00e9s que la legislaci\u00f3 reconegui i empari aquestes quatre situacions, oferint un marc legal clar que defineixi qu\u00e8 s&#039;espera d&#039;un agent immobiliari a cadascuna.<\/p>\n\n\n\n<h2 class=\"wp-block-heading\"><strong>Humanitzaci\u00f3 vs. digitalitzaci\u00f3 i la urg\u00e8ncia de la formaci\u00f3<\/strong><\/h2>\n\n\n\n<p>Pel que fa al futur de la intermediaci\u00f3 immobili\u00e0ria, Gemma mant\u00e9 una visi\u00f3 clara que ja avan\u00e7ava en la seva tesi del 2019. En un moment en qu\u00e8 el <em>boom<\/em> de les ag\u00e8ncies <em>en l\u00ednia<\/em> semblava redefinir el sector, i ara amb la irrupci\u00f3 de la <strong><a href=\"https:\/\/www.monapart.com\/magazine\/ca\/gent-real\/ia-per-a-lagent-immobiliari\/\" data-type=\"post\" data-id=\"18224\">intel\u00b7lig\u00e8ncia artificial<\/a><\/strong>, la pregunta sobre el rol de l&#039;agent immobiliari \u00e9s m\u00e9s pertinent que mai. Gemma, per\u00f2, \u00e9s ferma en la seva convicci\u00f3.<\/p>\n\n\n\n<blockquote class=\"wp-block-quote is-layout-flow wp-block-quote-is-layout-flow\">\n<p><em>\u201cEl tracte hum\u00e0 no nom\u00e9s es mantindr\u00e0, sin\u00f3 que es revalorar\u00e0, convertint-se en un \u00abluxe\u00bb amb un preu m\u00e9s elevat\u201d.<\/em><\/p>\n<\/blockquote>\n\n\n\n<p>El contacte hum\u00e0, l&#039;empatia, la <a href=\"https:\/\/www.monapart.com\/magazine\/ca\/gent-real\/comunicar-des-de-lemocion-clau-per-a-lexit-immobiliari\/\" data-type=\"post\" data-id=\"15501\">escolta activa<\/a> i la <a href=\"https:\/\/www.monapart.com\/magazine\/ca\/consell-immobiliari\/factors-clau-per-fixar-el-preu-de-venda-de-casa-teva\/\" data-type=\"post\" data-id=\"1343\">capacitat negociadora<\/a> s\u00f3n habilitats toves que cap m\u00e0quina podr\u00e0 substituir i que, paradoxalment, guanyaran un valor incalculable. La compra d&#039;un habitatge \u00e9s una de les decisions m\u00e9s importants a la vida d&#039;una persona (s&#039;estima que es compra una o dues vegades), i la necessitat d&#039;assessorament personalitzat, confian\u00e7a i acompanyament continuar\u00e0 sent un motor clau.&nbsp;<\/p>\n\n\n\n<p>Les noves tecnologies, lluny de reempla\u00e7ar l&#039;agent, es convertiran en eines que en potenciaran i en milloraran les funcions, per\u00f2 <a href=\"https:\/\/www.monapart.com\/magazine\/ca\/gent-real\/el-poder-de-lexperiencia-del-client-al-sector-immobiliari\/\" data-type=\"post\" data-id=\"15472\">l&#039;element personal i experiencial<\/a> seguir\u00e0 sent insubstitu\u00efble.<\/p>\n\n\n\n<p>D&#039;altra banda, la comparaci\u00f3 que Gemma va fer amb altres pa\u00efsos europeus en la seva investigaci\u00f3, especialment aquells amb sistemes notarials llatins com Fran\u00e7a, B\u00e8lgica, It\u00e0lia o Alemanya, revela una gran assignatura pendent a Espanya: la <strong>formaci\u00f3 obligat\u00f2ria<\/strong> i una <strong>supervisi\u00f3 institucional<\/strong> de la professi\u00f3.&nbsp;<\/p>\n\n\n\n<p>\u00c9s vist\u00f3s que, sent l&#039;habitatge una de les principals preocupacions dels espanyols, no hi hagi una titulaci\u00f3 universit\u00e0ria oficial en la mat\u00e8ria que asseguri unes compet\u00e8ncies m\u00ednimes per a tots els professionals del sector. A altres pa\u00efsos, \u00e9s obligatori acreditar una formaci\u00f3 espec\u00edfica per exercir.&nbsp;<\/p>\n\n\n\n<blockquote class=\"wp-block-quote is-layout-flow wp-block-quote-is-layout-flow\">\n<p><em>\u201c&quot;\u00c9s fonamental garantir que els qui es dediquen al sector immobiliari tinguin els coneixements i les compet\u00e8ncies adequades, m\u00e9s enll\u00e0 de la vocaci\u00f3 o l&#039;experi\u00e8ncia emp\u00edrica&quot;.<\/em><\/p>\n<\/blockquote>\n\n\n\n<h4 class=\"wp-block-heading\"><strong>L&#039;habitatge amb perspectiva de g\u00e8nere<\/strong><\/h4>\n\n\n\n<p><a href=\"https:\/\/www.gemmacaballe.com\/\" target=\"_blank\" data-type=\"link\" data-id=\"https:\/\/www.gemmacaballe.com\/\" rel=\"noreferrer noopener nofollow\">Gemma Caball\u00e9<\/a> ens va donar un aven\u00e7 exclusiu de la seva nova i fascinant l\u00ednia de recerca: la perspectiva de g\u00e8nere en l&#039;\u00e0mbit de l&#039;habitatge.&nbsp;<\/p>\n\n\n\n<p>Es tracta d&#039;un estudi en fase inicial que cerca analitzar <strong>com el g\u00e8nere afecta i repercuteix a les diferents fases del cicle de l&#039;habitatge.<\/strong> Des del disseny arquitect\u00f2nic \u2014per exemple, com la ubicaci\u00f3 de la cuina pot influir en la participaci\u00f3 dels membres de la llar\u2014 fins a accedir a l&#039;habitatge i la resid\u00e8ncia.<\/p>\n\n\n\n<p>Aquesta investigaci\u00f3, que inclour\u00e0 entrevistes amb professionals del sector (agents immobiliaris, administradors de finques, arquitectes) i enquestes a nivell nacional, explorar\u00e0 com les darreres reformes legislatives destinades a protegir col\u00b7lectius vulnerables (com dones o fam\u00edlies monoparentals amb fills) realment impacten en l&#039;acc\u00e9s a l&#039;habitatge. L&#039;objectiu \u00e9s determinar si aquestes mesures aconsegueixen protegir-les o si, per contra, generen discriminaci\u00f3 o efectes no desitjats. A m\u00e9s, s&#039;analitzaran dades sobre la soledat, un problema creixent que afecta principalment dones grans que viuen soles, i com l&#039;habitatge pot ser un factor determinant en aquesta problem\u00e0tica.<\/p>\n\n\n\n<p>Gemma emfatitza la import\u00e0ncia que aquesta investigaci\u00f3 es base en dades, estad\u00edstiques i informes rigorosos, per evitar que el debat es politici o es base en ideologies. El seu objectiu \u00e9s aportar una visi\u00f3 fonamentada que permeti proposar solucions a llarg termini per a un problema tan complex com el de l&#039;habitatge, que, com b\u00e9 assenyala, est\u00e0 connectat intr\u00ednsecament amb la salut, l&#039;ocupaci\u00f3, la cohesi\u00f3 territorial i la mobilitat.<\/p>\n\n\n\n<h3 class=\"wp-block-heading\">A Monapart, celebrem la visi\u00f3, el rigor i la dedicaci\u00f3 de professionals com Gemma Caball\u00e9. El seu treball incansable no nom\u00e9s ens aporta coneixement essencial, sin\u00f3 que ens convida a reflexionar ia actuar per construir un futur m\u00e9s transparent, equitatiu i hum\u00e0 en l&#039;\u00e0mbit de l&#039;habitatge.<\/h3>","protected":false},"excerpt":{"rendered":"<p>La Dra. Gemma Caball\u00e9 desglossa els models d&#039;intermediaci\u00f3, anticipa el futur humanitzat del sector immobiliari i revela la seva innovadora investigaci\u00f3 sobre habitatge i g\u00e8nere.<\/p>","protected":false},"author":3,"featured_media":19852,"comment_status":"closed","ping_status":"closed","sticky":false,"template":"","format":"standard","meta":{"_acf_changed":false,"footnotes":""},"categories":[2849,2851],"tags":[3240],"class_list":["post-18263","post","type-post","status-publish","format-standard","has-post-thumbnail","hentry","category-gente-real","category-perfiles","tag-gentereal"],"acf":[],"_links":{"self":[{"href":"https:\/\/www.monapart.com\/magazine\/ca\/wp-json\/wp\/v2\/posts\/18263","targetHints":{"allow":["GET"]}}],"collection":[{"href":"https:\/\/www.monapart.com\/magazine\/ca\/wp-json\/wp\/v2\/posts"}],"about":[{"href":"https:\/\/www.monapart.com\/magazine\/ca\/wp-json\/wp\/v2\/types\/post"}],"author":[{"embeddable":true,"href":"https:\/\/www.monapart.com\/magazine\/ca\/wp-json\/wp\/v2\/users\/3"}],"replies":[{"embeddable":true,"href":"https:\/\/www.monapart.com\/magazine\/ca\/wp-json\/wp\/v2\/comments?post=18263"}],"version-history":[{"count":46,"href":"https:\/\/www.monapart.com\/magazine\/ca\/wp-json\/wp\/v2\/posts\/18263\/revisions"}],"predecessor-version":[{"id":19965,"href":"https:\/\/www.monapart.com\/magazine\/ca\/wp-json\/wp\/v2\/posts\/18263\/revisions\/19965"}],"wp:featuredmedia":[{"embeddable":true,"href":"https:\/\/www.monapart.com\/magazine\/ca\/wp-json\/wp\/v2\/media\/19852"}],"wp:attachment":[{"href":"https:\/\/www.monapart.com\/magazine\/ca\/wp-json\/wp\/v2\/media?parent=18263"}],"wp:term":[{"taxonomy":"category","embeddable":true,"href":"https:\/\/www.monapart.com\/magazine\/ca\/wp-json\/wp\/v2\/categories?post=18263"},{"taxonomy":"post_tag","embeddable":true,"href":"https:\/\/www.monapart.com\/magazine\/ca\/wp-json\/wp\/v2\/tags?post=18263"}],"curies":[{"name":"wp","href":"https:\/\/api.w.org\/{rel}","templated":true}]}}