{"id":18170,"date":"2025-04-07T13:20:00","date_gmt":"2025-04-07T11:20:00","guid":{"rendered":"https:\/\/www.monapart.com\/magazine\/?p=18170"},"modified":"2026-01-29T16:19:15","modified_gmt":"2026-01-29T15:19:15","slug":"nia-delfau-lart-dhabitar-la-mirada","status":"publish","type":"post","link":"https:\/\/www.monapart.com\/magazine\/ca\/hogar\/nia-delfau-el-arte-de-habitar-la-mirada","title":{"rendered":"Nia Delfau, entre imatges, sentit de la llar i el mar"},"content":{"rendered":"<h1 class=\"wp-block-heading\"><strong>Nia Delfau: l&#039;art d&#039;habitar la mirada<\/strong><\/h1>\n\n\n\n<h2 class=\"wp-block-heading\">Entre l&#039;Empord\u00e0 i Barcelona, la fot\u00f2grafa Nia Delfau construeix una est\u00e8tica \u00edntima i po\u00e8tica que travessa casa seva, objectes i cadascuna de les imatges.<\/h2>\n\n\n<div class='post-info'>7 d&#039;abril del 2025 per <a href='https:\/\/www.monapart.com\/magazine\/ca\/autor\/claudia-romero'>Claudia Romero<\/a><\/div>\n\n\n\n<figure class=\"wp-block-image size-large\"><img loading=\"lazy\" decoding=\"async\" width=\"1024\" height=\"705\" src=\"https:\/\/www.monapart.com\/magazine\/wp-content\/uploads\/2025\/07\/autoretrato-1024x705.jpg\" alt=\"Nia Delfau, entre imatges, sentit de la llar i el mar | Monapart \" class=\"wp-image-18201\" srcset=\"https:\/\/www.monapart.com\/magazine\/wp-content\/uploads\/2025\/07\/autoretrato-1024x705.jpg 1024w, https:\/\/www.monapart.com\/magazine\/wp-content\/uploads\/2025\/07\/autoretrato-300x206.jpg 300w, https:\/\/www.monapart.com\/magazine\/wp-content\/uploads\/2025\/07\/autoretrato-768x528.jpg 768w, https:\/\/www.monapart.com\/magazine\/wp-content\/uploads\/2025\/07\/autoretrato-1536x1057.jpg 1536w, https:\/\/www.monapart.com\/magazine\/wp-content\/uploads\/2025\/07\/autoretrato-2048x1409.jpg 2048w, https:\/\/www.monapart.com\/magazine\/wp-content\/uploads\/2025\/07\/autoretrato-18x12.jpg 18w\" sizes=\"auto, (max-width: 1024px) 100vw, 1024px\" \/><\/figure>\n\n\n\n<h3 class=\"wp-block-heading\"><em><span class=\"class-h3\">Entre la ciutat i el mar, entre la imatge i la mem\u00f2ria, la fot\u00f2grafa i l&#039;artista visual Nia Delfau cultiva una est\u00e8tica \u00edntima, lluminosa i profundament sensible. El seu univers visual \u2014on convergeixen objectes trobats, detalls dom\u00e8stics i atmosferes mediterr\u00e0nies\u2014 tamb\u00e9 \u00e9s el mirall d&#039;una manera d&#039;habitar el m\u00f3n: pausada, conscient, carregada de significat. Des de casa compartida entre Barcelona i l&#039;Empord\u00e0, Nia construeix relats visuals que combinen intu\u00efci\u00f3, mem\u00f2ria i bellesa quotidiana.<\/span><\/em><\/h3>\n\n\n\n<h2 class=\"wp-block-heading\"><strong>Parla&#039;ns de tu i de la teva feina. On va n\u00e9ixer la teva vocaci\u00f3? Algun primer record?<\/strong><\/h2>\n\n\n\n<p>S\u00f3c Nia Delfau, fot\u00f2grafa i artista visual, nascuda el 1983 a Barcelona. Actualment visc entre la ciutat i un petit poble de l&#039;Empord\u00e0. Des de ben petita m&#039;agradava dibuixar i crear imatges. Aquesta passi\u00f3 per capturar moments i construir noves mirades visuals em va portar amb els anys a convertir la meva intu\u00efci\u00f3 art\u00edstica en professi\u00f3, tot explorant constantment nous llenguatges visuals.<\/p>\n\n\n<div class=\"wp-block-image\">\n<figure class=\"aligncenter size-large is-resized\"><img loading=\"lazy\" decoding=\"async\" width=\"819\" height=\"1024\" src=\"https:\/\/www.monapart.com\/magazine\/wp-content\/uploads\/2025\/07\/retrato_niadelfaubyshoichi-819x1024.jpeg\" alt=\"Nia Delfau, entre imatges, sentit de la llar i el mar | Monapart \" class=\"wp-image-18202\" style=\"width:430px;height:auto\" srcset=\"https:\/\/www.monapart.com\/magazine\/wp-content\/uploads\/2025\/07\/retrato_niadelfaubyshoichi-819x1024.jpeg 819w, https:\/\/www.monapart.com\/magazine\/wp-content\/uploads\/2025\/07\/retrato_niadelfaubyshoichi-240x300.jpeg 240w, https:\/\/www.monapart.com\/magazine\/wp-content\/uploads\/2025\/07\/retrato_niadelfaubyshoichi-768x961.jpeg 768w, https:\/\/www.monapart.com\/magazine\/wp-content\/uploads\/2025\/07\/retrato_niadelfaubyshoichi-1228x1536.jpeg 1228w, https:\/\/www.monapart.com\/magazine\/wp-content\/uploads\/2025\/07\/retrato_niadelfaubyshoichi-1637x2048.jpeg 1637w, https:\/\/www.monapart.com\/magazine\/wp-content\/uploads\/2025\/07\/retrato_niadelfaubyshoichi-10x12.jpeg 10w, https:\/\/www.monapart.com\/magazine\/wp-content\/uploads\/2025\/07\/retrato_niadelfaubyshoichi-scaled.jpeg 2047w\" sizes=\"auto, (max-width: 819px) 100vw, 819px\" \/><\/figure>\n<\/div>\n\n\n<p><\/p>\n\n\n\n<h2 class=\"wp-block-heading\"><strong>Qu\u00e8 \u00e9s el que m\u00e9s et satisf\u00e0 de la teva feina? Alg\u00fa del que et sentis especialment orgull\u00f3s?<\/strong><\/h2>\n\n\n\n<p>M&#039;encanta col\u00b7laborar amb persones que admiro. Actualment estic desenvolupant un projecte amb un altre fot\u00f2graf: un di\u00e0leg visual entre dues cultures. No puc anticipar gaire, per\u00f2 l&#039;experi\u00e8ncia ha estat reveladora en termes d&#039;obertura creativa i estic molt orgullosa de com va prenent forma.<\/p>\n\n\n<div class=\"wp-block-image\">\n<figure class=\"aligncenter size-large is-resized\"><img loading=\"lazy\" decoding=\"async\" width=\"1024\" height=\"819\" src=\"https:\/\/www.monapart.com\/magazine\/wp-content\/uploads\/2025\/04\/Copia-de-Fotos-Magazine-1024x819.png\" alt=\"\" class=\"wp-image-18220\" style=\"width:633px;height:auto\" srcset=\"https:\/\/www.monapart.com\/magazine\/wp-content\/uploads\/2025\/04\/Copia-de-Fotos-Magazine-1024x819.png 1024w, https:\/\/www.monapart.com\/magazine\/wp-content\/uploads\/2025\/04\/Copia-de-Fotos-Magazine-300x240.png 300w, https:\/\/www.monapart.com\/magazine\/wp-content\/uploads\/2025\/04\/Copia-de-Fotos-Magazine-768x614.png 768w, https:\/\/www.monapart.com\/magazine\/wp-content\/uploads\/2025\/04\/Copia-de-Fotos-Magazine-15x12.png 15w, https:\/\/www.monapart.com\/magazine\/wp-content\/uploads\/2025\/04\/Copia-de-Fotos-Magazine.png 1350w\" sizes=\"auto, (max-width: 1024px) 100vw, 1024px\" \/><\/figure>\n<\/div>\n\n\n<p><\/p>\n\n\n\n<h2 class=\"wp-block-heading\"><strong>Com \u00e9s el teu proc\u00e9s creatiu? Quines s\u00f3n les fonts d&#039;inspiraci\u00f3? Alguna m\u00fasica especialment mentre treballes?<\/strong><\/h2>\n\n\n\n<p>El meu proc\u00e9s creatiu flueix en converses i en silencis a parts iguals. M&#039;inspira molt escoltar la meva amiga Marta Cascales Alimbau \u2014les reflexions sobre art i cultura em nodreixen profundament. Aix\u00ed mateix, m&#039;agrada pensar que les meves imatges neixen d&#039;espais compartits i d&#039;emocions comunes.<\/p>\n\n\n<div class=\"wp-block-image\">\n<figure class=\"aligncenter size-large is-resized\"><img loading=\"lazy\" decoding=\"async\" width=\"1024\" height=\"819\" src=\"https:\/\/www.monapart.com\/magazine\/wp-content\/uploads\/2025\/07\/1-3-1024x819.png\" alt=\"Nia Delfau, entre imatges, sentit de la llar i el mar | Monapart \" class=\"wp-image-18205\" style=\"width:616px;height:auto\" srcset=\"https:\/\/www.monapart.com\/magazine\/wp-content\/uploads\/2025\/07\/1-3-1024x819.png 1024w, https:\/\/www.monapart.com\/magazine\/wp-content\/uploads\/2025\/07\/1-3-300x240.png 300w, https:\/\/www.monapart.com\/magazine\/wp-content\/uploads\/2025\/07\/1-3-768x614.png 768w, https:\/\/www.monapart.com\/magazine\/wp-content\/uploads\/2025\/07\/1-3-15x12.png 15w, https:\/\/www.monapart.com\/magazine\/wp-content\/uploads\/2025\/07\/1-3.png 1350w\" sizes=\"auto, (max-width: 1024px) 100vw, 1024px\" \/><\/figure>\n<\/div>\n\n\n<p><\/p>\n\n\n\n<h2 class=\"wp-block-heading\"><strong>Color, pel\u00b7li i disc favorits. Per aquest ordre! ;D<\/strong><\/h2>\n\n\n<div class=\"wp-block-image\">\n<figure class=\"aligncenter size-large is-resized\"><img loading=\"lazy\" decoding=\"async\" width=\"1024\" height=\"819\" src=\"https:\/\/www.monapart.com\/magazine\/wp-content\/uploads\/2025\/07\/1-2-1024x819.png\" alt=\"Nia Delfau, entre imatges, sentit de la llar i el mar | Monapart\" class=\"wp-image-18176\" style=\"width:558px;height:auto\" srcset=\"https:\/\/www.monapart.com\/magazine\/wp-content\/uploads\/2025\/07\/1-2-1024x819.png 1024w, https:\/\/www.monapart.com\/magazine\/wp-content\/uploads\/2025\/07\/1-2-300x240.png 300w, https:\/\/www.monapart.com\/magazine\/wp-content\/uploads\/2025\/07\/1-2-768x614.png 768w, https:\/\/www.monapart.com\/magazine\/wp-content\/uploads\/2025\/07\/1-2-15x12.png 15w, https:\/\/www.monapart.com\/magazine\/wp-content\/uploads\/2025\/07\/1-2.png 1350w\" sizes=\"auto, (max-width: 1024px) 100vw, 1024px\" \/><\/figure>\n<\/div>\n\n\n<h2 class=\"wp-block-heading\"><strong><br>\u00c9s casa teva reflex de qui ets?\u2026 rac\u00f3 favorit, objectes, col\u00b7lecci\u00f3, mascota\u2026<\/strong><\/h2>\n\n\n\n<p>La meva casa fa olor de figa, caf\u00e8 o les buguenv\u00edl\u00b7lies que floreixen a l&#039;entrada. El meu escriptori \u00e9s el meu refugi creatiu \u2014rodejat de bols de cer\u00e0mica recuperats de mercats de segona m\u00e0 a T\u00f2quio, culleres \u00faniques i tovallons de roba que col\u00b7lecciono.<\/p>\n\n\n\n<p>Tenim prestatgeries de fusta dissenyades per Jordi Casanovas que, en mudar-nos, van resultar tan especials com dif\u00edcils de reubicar. Tamb\u00e9 m&#039;acompanyen els taps de fusta de Klas al costat d&#039;Apartament, per a vins o aigua, objectes simples que transformen el ritual quotidi\u00e0.<\/p>\n\n\n\n<p>I, per descomptat, la Leia, la gosseta de la meva parella, que sento tamb\u00e9 meva: afectuosa, social i sempre a punt per compartir el tra\u00e7 final d&#039;una sessi\u00f3 de fotos casolana.<\/p>\n\n\n\n<h2 class=\"wp-block-heading\"><strong>Si poguessis comprar-te qualsevol cosa ara mateix i emportar-te-la a casa, quina seria?<\/strong><\/h2>\n\n\n\n<p>Llibres. Com m\u00e9s, millor. Ara mateix m&#039;encantaria portar els nous t\u00edtols de Carmen Winant per a la meva llibreria personal.<\/p>\n\n\n\n<h2 class=\"wp-block-heading\"><strong>Un pla a casa sempre inclou\u2026<\/strong><\/h2>\n\n\n\n<p>Amics, vi natural de Rafa i un bany al mar proper.<\/p>\n\n\n\n<h2 class=\"wp-block-heading\"><strong>Tens algun plat estrella?<\/strong><\/h2>\n\n\n\n<p>Cada cop cuino menys, per\u00f2 en els meus somnis esbarjo els nyoquis que feia el meu pare. Li dic a Klas: \u201cAlgun dia et cuinar\u00e9 nyoquis com els seus\u201d.<\/p>\n\n\n<div class=\"wp-block-image\">\n<figure class=\"aligncenter size-large is-resized\"><img loading=\"lazy\" decoding=\"async\" width=\"1024\" height=\"819\" src=\"https:\/\/www.monapart.com\/magazine\/wp-content\/uploads\/2025\/07\/2-2-1024x819.png\" alt=\"Nia Delfau, entre imatges, sentit de la llar i el mar | Monapart \" class=\"wp-image-18206\" style=\"width:608px;height:auto\" srcset=\"https:\/\/www.monapart.com\/magazine\/wp-content\/uploads\/2025\/07\/2-2-1024x819.png 1024w, https:\/\/www.monapart.com\/magazine\/wp-content\/uploads\/2025\/07\/2-2-300x240.png 300w, https:\/\/www.monapart.com\/magazine\/wp-content\/uploads\/2025\/07\/2-2-768x614.png 768w, https:\/\/www.monapart.com\/magazine\/wp-content\/uploads\/2025\/07\/2-2-15x12.png 15w, https:\/\/www.monapart.com\/magazine\/wp-content\/uploads\/2025\/07\/2-2.png 1350w\" sizes=\"auto, (max-width: 1024px) 100vw, 1024px\" \/><\/figure>\n<\/div>\n\n\n<p><\/p>\n\n\n\n<h2 class=\"wp-block-heading\"><strong>Quin \u00e9s el teu lloc preferit a la teva ciutat? I a l&#039;estranger?<\/strong><\/h2>\n\n\n\n<p>El mar \u00e9s el meu refugi: sempre el trio per reconnectar. Tant se val la ciutat, sempre busco una platja, un port o un moll per escoltar les onades.<\/p>\n\n\n\n<h2 class=\"wp-block-heading\"><strong>Cosa que ens vulguis explicar i que no t&#039;haguem preguntat.<\/strong><\/h2>\n\n\n\n<p>Estic buscant un estudi per <a href=\"https:\/\/www.monapart.com\/magazine\/ca\/viviendas-barcelona-compra\/\" target=\"_blank\" data-type=\"link\" data-id=\"https:\/\/www.monapart.com\/viviendas-barcelona-compra\" rel=\"noreferrer noopener\">comprar a Barcelona<\/a>\u2026per\u00f2 \u00e9s gaireb\u00e9 una missi\u00f3 impossible. Quina frustraci\u00f3!<\/p>\n\n\n\n<h2 class=\"wp-block-heading\"><strong>On podem seguir la teva feina?<\/strong><\/h2>\n\n\n\n<p>Instagram:<a href=\"https:\/\/www.instagram.com\/niadelfau\" target=\"_blank\" rel=\"noreferrer noopener nofollow\"> @niadelfau<br><\/a>Web:<a href=\"https:\/\/www.niadelfau.com\" target=\"_blank\" rel=\"noreferrer noopener nofollow\"> niadelfau.com<\/a><\/p>\n\n\n\n<h3 class=\"wp-block-heading\"><span class=\"class-h3\">Nia Delfau no nom\u00e9s fotografia all\u00f2 visible, sin\u00f3 all\u00f2 que s&#039;intueix: el gest lleu, la textura que evoca, la llum que travessa una emoci\u00f3. Casa seva \u2014com la seva obra\u2014 est\u00e0 habitada per objectes que expliquen hist\u00f2ries, per silencis que conviden a mirar amb atenci\u00f3 i per una sensibilitat que troba bellesa com a m\u00ednim. A les seves imatges, la vida dom\u00e8stica, el mar, l&#039;amistat o l&#039;artesania es converteixen en mat\u00e8ria po\u00e8tica. Una mirada c\u00e0lida i delicada que ens recorda que all\u00f2 personal tamb\u00e9 pot ser universal.<\/span><\/h3>\n\n\n\n<p><\/p>","protected":false},"excerpt":{"rendered":"<p>Entre l&#039;Empord\u00e0 i la ciutat, la fot\u00f2grafa Nia Delfau construeix una est\u00e8tica \u00edntima i po\u00e8tica que travessa casa seva, objectes i cadascuna de les imatges.<\/p>","protected":false},"author":11,"featured_media":18201,"comment_status":"closed","ping_status":"closed","sticky":false,"template":"","format":"standard","meta":{"_acf_changed":false,"footnotes":""},"categories":[2844,2845],"tags":[3224,2868],"class_list":["post-18170","post","type-post","status-publish","format-standard","has-post-thumbnail","hentry","category-hogar","category-mi-monapart","tag-fotografia","tag-arte"],"acf":[],"_links":{"self":[{"href":"https:\/\/www.monapart.com\/magazine\/ca\/wp-json\/wp\/v2\/posts\/18170","targetHints":{"allow":["GET"]}}],"collection":[{"href":"https:\/\/www.monapart.com\/magazine\/ca\/wp-json\/wp\/v2\/posts"}],"about":[{"href":"https:\/\/www.monapart.com\/magazine\/ca\/wp-json\/wp\/v2\/types\/post"}],"author":[{"embeddable":true,"href":"https:\/\/www.monapart.com\/magazine\/ca\/wp-json\/wp\/v2\/users\/11"}],"replies":[{"embeddable":true,"href":"https:\/\/www.monapart.com\/magazine\/ca\/wp-json\/wp\/v2\/comments?post=18170"}],"version-history":[{"count":22,"href":"https:\/\/www.monapart.com\/magazine\/ca\/wp-json\/wp\/v2\/posts\/18170\/revisions"}],"predecessor-version":[{"id":20297,"href":"https:\/\/www.monapart.com\/magazine\/ca\/wp-json\/wp\/v2\/posts\/18170\/revisions\/20297"}],"wp:featuredmedia":[{"embeddable":true,"href":"https:\/\/www.monapart.com\/magazine\/ca\/wp-json\/wp\/v2\/media\/18201"}],"wp:attachment":[{"href":"https:\/\/www.monapart.com\/magazine\/ca\/wp-json\/wp\/v2\/media?parent=18170"}],"wp:term":[{"taxonomy":"category","embeddable":true,"href":"https:\/\/www.monapart.com\/magazine\/ca\/wp-json\/wp\/v2\/categories?post=18170"},{"taxonomy":"post_tag","embeddable":true,"href":"https:\/\/www.monapart.com\/magazine\/ca\/wp-json\/wp\/v2\/tags?post=18170"}],"curies":[{"name":"wp","href":"https:\/\/api.w.org\/{rel}","templated":true}]}}