{"id":18031,"date":"2025-02-17T12:20:00","date_gmt":"2025-02-17T11:20:00","guid":{"rendered":"https:\/\/www.monapart.com\/magazine\/?p=18031"},"modified":"2025-09-09T10:07:19","modified_gmt":"2025-09-09T08:07:19","slug":"slow-studio-arquitectura","status":"publish","type":"post","link":"https:\/\/www.monapart.com\/magazine\/ca\/hogar\/slow-studio-arquitectura","title":{"rendered":"Arquitectura slow per a vides que volen respirar"},"content":{"rendered":"<h1 class=\"wp-block-heading\"><strong>Arquitectura <em>slow<\/em> per a vides que volen respirar<\/strong><\/h1>\n\n\n\n<h2 class=\"wp-block-heading\">En un m\u00f3n que corre sense mirar, tu sospites que hi ha una altra manera de viure: m\u00e9s conscient, m\u00e9s bella, m\u00e9s teva. Slow Studio defensa una arquitectura <em>slow<\/em> que combina benestar, salut i naturalesa per dissenyar llars que baixen revolucions i augmenten qualitat de vida.<\/h2>\n\n\n<div class='post-info'>17 de febrer de 2025 per <a href='https:\/\/www.monapart.com\/magazine\/ca\/autor\/claudia-romero'>Claudia Romero<\/a><\/div>\n\n\n\n<h3 class=\"wp-block-heading\"><\/h3>\n\n\n\n<figure class=\"wp-block-image size-large\"><img loading=\"lazy\" decoding=\"async\" width=\"1024\" height=\"683\" src=\"https:\/\/www.monapart.com\/magazine\/wp-content\/uploads\/2025\/07\/Casa-en-Massis-del-Garraf-2-1024x683.jpg\" alt=\"Arquitectura slow per a vides que volen respirar | Slow Studio | Monapart \" class=\"wp-image-18032\" srcset=\"https:\/\/www.monapart.com\/magazine\/wp-content\/uploads\/2025\/07\/Casa-en-Massis-del-Garraf-2-1024x683.jpg 1024w, https:\/\/www.monapart.com\/magazine\/wp-content\/uploads\/2025\/07\/Casa-en-Massis-del-Garraf-2-300x200.jpg 300w, https:\/\/www.monapart.com\/magazine\/wp-content\/uploads\/2025\/07\/Casa-en-Massis-del-Garraf-2-768x512.jpg 768w, https:\/\/www.monapart.com\/magazine\/wp-content\/uploads\/2025\/07\/Casa-en-Massis-del-Garraf-2-1536x1024.jpg 1536w, https:\/\/www.monapart.com\/magazine\/wp-content\/uploads\/2025\/07\/Casa-en-Massis-del-Garraf-2-18x12.jpg 18w, https:\/\/www.monapart.com\/magazine\/wp-content\/uploads\/2025\/07\/Casa-en-Massis-del-Garraf-2-1200x800.jpg 1200w, https:\/\/www.monapart.com\/magazine\/wp-content\/uploads\/2025\/07\/Casa-en-Massis-del-Garraf-2.jpg 2048w\" sizes=\"auto, (max-width: 1024px) 100vw, 1024px\" \/><\/figure>\n\n\n\n<p>V\u00edctor Verg\u00e9s i Jade Serra van fundar Slow Studio i, juntament amb ells, creix un equip mixt d&#039;arquitectes s\u00e8nior i project managers que aterren les idees en obra amb rigor i cura. Tamb\u00e9 col\u00b7laboren amb experts en gesti\u00f3 i comunicaci\u00f3 i una xarxa d&#039;especialistes \u2013efici\u00e8ncia energ\u00e8tica, ac\u00fastica, aigua, biohabitabilitat\u2013 que s&#039;activa segons ho requereix cada projecte.<\/p>\n\n\n\n<p>Treballen a Barcelona, Madrid i Palma de Mallorca, i comparteixen alguna cosa m\u00e9s que un m\u00e8tode: una manera de ser al m\u00f3n. S\u00f3n pares i mares, ve\u00efns i lectores; gent que escolta abans de dibuixar, que prefereix materials honestos i que mesura el confort en hores ben viscudes.<\/p>\n\n\n\n<div class=\"wp-block-columns is-layout-flex wp-container-core-columns-is-layout-9d6595d7 wp-block-columns-is-layout-flex\">\n<div class=\"wp-block-column is-layout-flow wp-block-column-is-layout-flow\">\n<figure class=\"wp-block-image size-large\"><img loading=\"lazy\" decoding=\"async\" width=\"1024\" height=\"819\" src=\"https:\/\/www.monapart.com\/magazine\/wp-content\/uploads\/2025\/02\/1-1-1024x819.png\" alt=\"Arquitectura slow per a vides que volen respirar | Slow Studio | Monapart \" class=\"wp-image-19047\" srcset=\"https:\/\/www.monapart.com\/magazine\/wp-content\/uploads\/2025\/02\/1-1-1024x819.png 1024w, https:\/\/www.monapart.com\/magazine\/wp-content\/uploads\/2025\/02\/1-1-300x240.png 300w, https:\/\/www.monapart.com\/magazine\/wp-content\/uploads\/2025\/02\/1-1-768x614.png 768w, https:\/\/www.monapart.com\/magazine\/wp-content\/uploads\/2025\/02\/1-1-15x12.png 15w, https:\/\/www.monapart.com\/magazine\/wp-content\/uploads\/2025\/02\/1-1.png 1350w\" sizes=\"auto, (max-width: 1024px) 100vw, 1024px\" \/><\/figure>\n<\/div>\n<\/div>\n\n\n\n<p>El seu nom <em>Slow<\/em> \u00e9s una declaraci\u00f3 de principis, una manera de mirar el m\u00f3n, d&#039;habitar-lo i de relacionar-se amb els altres i amb l&#039;entorn, amb la ferma voluntat de <strong>millorar la vida de les persones a trav\u00e9s de larquitectura<\/strong>, el projecte parteix d&#039;una vocaci\u00f3 compartida i d&#039;un fort comprom\u00eds amb la <a href=\"https:\/\/www.monapart.com\/magazine\/ca\/etiquetes\/sostenibilitat\/\">sostenibilitat<\/a>, la salut i el benestar. El seu enfocament no \u00e9s nom\u00e9s est\u00e8tic ni t\u00e8cnic, sin\u00f3 profundament hum\u00e0.<\/p>\n\n\n\n<blockquote class=\"wp-block-quote is-layout-flow wp-block-quote-is-layout-flow\">\n<p>\u201cEl terme <em>slow<\/em> a qu\u00e8 fa refer\u00e8ncia el nostre nom \u00e9s una declaraci\u00f3 d&#039;intencions, per\u00f2 tamb\u00e9 una lluita di\u00e0ria per estar presents i connectar\u201d.<\/p>\n<\/blockquote>\n\n\n\n<p>Connectar amb els ritmes naturals, amb la crian\u00e7a dels fills, amb l&#039;entorn que habitem, amb all\u00f2 que realment importa. <strong>Enfront de la velocitat, el soroll i la hiperproductivitat que dominen el nostre dia a dia, <a href=\"https:\/\/www.slowstudio.es\/\" target=\"_blank\" rel=\"noopener\">Slow Studio<\/a> proposa aturar, observar i dissenyar des de l&#039;escolta.<\/strong><\/p>\n\n\n\n<h5 class=\"wp-block-heading\"><strong>Arquitectura com a forma de vida<\/strong><\/h5>\n\n\n\n<p>El que m\u00e9s els satisf\u00e0 com a arquitectes no \u00e9s nom\u00e9s el resultat final, sin\u00f3 saber que els seus projectes transformen la manera de viure dels qui els habiten. <em>\u201cEns enorgulleix contribuir a una arquitectura amb impacte positiu, no nom\u00e9s en termes mediambientals, sin\u00f3 tamb\u00e9 emocionals i socials.\u201d <\/em>La seva manera de treballar va molt m\u00e9s enll\u00e0 del disseny despais. \u00c9s una invitaci\u00f3 a repensar com constru\u00efm i com vivim.<\/p>\n\n\n\n<blockquote class=\"wp-block-quote is-layout-flow wp-block-quote-is-layout-flow\">\n<p>\u00abUna arquitectura realment transformadora ha de sumar solucions col\u00b7lectives.\u00bb<\/p>\n<\/blockquote>\n\n\n\n<p>Per aix\u00f2 van crear <em>Slow Research<\/em>, una l\u00ednia de recerca interna que els permet continuar aprenent i, alhora, compartir coneixement amb una comunitat cada cop m\u00e9s conscient. El seu objectiu \u00e9s clar: avan\u00e7ar junts cap a una manera de construir m\u00e9s respectuosa i regenerativa.<\/p>\n\n\n\n<figure class=\"wp-block-image size-large\"><img loading=\"lazy\" decoding=\"async\" width=\"1024\" height=\"819\" src=\"https:\/\/www.monapart.com\/magazine\/wp-content\/uploads\/2025\/03\/2-1024x819.png\" alt=\"Arquitectura slow per a vides que volen respirar | Slow Studio | Monapart \" class=\"wp-image-18039\" srcset=\"https:\/\/www.monapart.com\/magazine\/wp-content\/uploads\/2025\/03\/2-1024x819.png 1024w, https:\/\/www.monapart.com\/magazine\/wp-content\/uploads\/2025\/03\/2-300x240.png 300w, https:\/\/www.monapart.com\/magazine\/wp-content\/uploads\/2025\/03\/2-768x614.png 768w, https:\/\/www.monapart.com\/magazine\/wp-content\/uploads\/2025\/03\/2-15x12.png 15w, https:\/\/www.monapart.com\/magazine\/wp-content\/uploads\/2025\/03\/2.png 1350w\" sizes=\"auto, (max-width: 1024px) 100vw, 1024px\" \/><\/figure>\n\n\n\n<h5 class=\"wp-block-heading\"><strong>Un proc\u00e9s que comen\u00e7a per escoltar<\/strong><\/h5>\n\n\n\n<p>Cada projecte de Slow Studio comen\u00e7a amb un proc\u00e9s descolta activa. A la persona que ho encarregar\u00e0, al terreny, al clima, a l&#039;entorn. <em>&quot;Cada client i cada context ens plantegen preguntes diferents. La nostra feina consisteix a buscar respostes que siguin alhora t\u00e8cniques i po\u00e8tiques.&quot;<\/em> Aquesta cerca d\u00f3na lloc a una arquitectura serena, conscient i profundament connectada amb all\u00f2 que l&#039;envolta.<\/p>\n\n\n\n<p>Les fonts d&#039;inspiraci\u00f3 s\u00f3n tan variades com coherents: l&#039;arquitectura vernacla, la ci\u00e8ncia de l&#039;efici\u00e8ncia energ\u00e8tica, la saviesa de la natura o les tradicions populars. El seu proc\u00e9s creatiu tamb\u00e9 t\u00e9 una banda sonora: folk rock calmat. Una m\u00fasica d&#039;arrel, amb un ritme alentit, que evoca tradici\u00f3 i present alhora, al ritme de la seva pr\u00f2pia arquitectura.<\/p>\n\n\n<div class=\"wp-block-image\">\n<figure class=\"aligncenter size-large\"><img loading=\"lazy\" decoding=\"async\" width=\"1024\" height=\"768\" src=\"https:\/\/www.monapart.com\/magazine\/wp-content\/uploads\/2025\/03\/image-3-1024x768.png\" alt=\"Arquitectura slow per a vides que volen respirar | Slow Studio | Monapart \" class=\"wp-image-18981\" srcset=\"https:\/\/www.monapart.com\/magazine\/wp-content\/uploads\/2025\/03\/image-3-1024x768.png 1024w, https:\/\/www.monapart.com\/magazine\/wp-content\/uploads\/2025\/03\/image-3-300x225.png 300w, https:\/\/www.monapart.com\/magazine\/wp-content\/uploads\/2025\/03\/image-3-768x576.png 768w, https:\/\/www.monapart.com\/magazine\/wp-content\/uploads\/2025\/03\/image-3-1536x1152.png 1536w, https:\/\/www.monapart.com\/magazine\/wp-content\/uploads\/2025\/03\/image-3-16x12.png 16w, https:\/\/www.monapart.com\/magazine\/wp-content\/uploads\/2025\/03\/image-3.png 1600w\" sizes=\"auto, (max-width: 1024px) 100vw, 1024px\" \/><\/figure>\n<\/div>\n\n<div class=\"wp-block-image\">\n<figure class=\"aligncenter size-large\"><img loading=\"lazy\" decoding=\"async\" width=\"1024\" height=\"683\" src=\"https:\/\/www.monapart.com\/magazine\/wp-content\/uploads\/2025\/03\/Casa-en-Massis-del-Garraf-1-1024x683.jpg\" alt=\"Arquitectura slow per a vides que volen respirar | Slow Studio | Monapart \" class=\"wp-image-19022\" srcset=\"https:\/\/www.monapart.com\/magazine\/wp-content\/uploads\/2025\/03\/Casa-en-Massis-del-Garraf-1-1024x683.jpg 1024w, https:\/\/www.monapart.com\/magazine\/wp-content\/uploads\/2025\/03\/Casa-en-Massis-del-Garraf-1-300x200.jpg 300w, https:\/\/www.monapart.com\/magazine\/wp-content\/uploads\/2025\/03\/Casa-en-Massis-del-Garraf-1-768x512.jpg 768w, https:\/\/www.monapart.com\/magazine\/wp-content\/uploads\/2025\/03\/Casa-en-Massis-del-Garraf-1-1536x1024.jpg 1536w, https:\/\/www.monapart.com\/magazine\/wp-content\/uploads\/2025\/03\/Casa-en-Massis-del-Garraf-1-18x12.jpg 18w, https:\/\/www.monapart.com\/magazine\/wp-content\/uploads\/2025\/03\/Casa-en-Massis-del-Garraf-1-1200x800.jpg 1200w, https:\/\/www.monapart.com\/magazine\/wp-content\/uploads\/2025\/03\/Casa-en-Massis-del-Garraf-1.jpg 2048w\" sizes=\"auto, (max-width: 1024px) 100vw, 1024px\" \/><\/figure>\n<\/div>\n\n\n<h5 class=\"wp-block-heading\">La casa de V\u00edctor i Jade: <strong>Viure el que es projecta<\/strong><\/h5>\n\n\n\n<p>La casa de V\u00edctor i Jade \u00e9s un reflex fidel de la seva filosofia: naturalesa, senzillesa, comunitat. Viuen envoltats de verd, amb un hort, gallines, ocells corrent al clarejar i ve\u00efns amb els quals compartir temps i cures.<\/p>\n\n\n\n<blockquote class=\"wp-block-quote is-layout-flow wp-block-quote-is-layout-flow\">\n<p>\u201cNo podr\u00edem viure altrament que no fos estretament connectats amb la natura, amb el clima i amb les persones.\u201d<\/p>\n<\/blockquote>\n\n\n\n<p>Tamb\u00e9 la cuina parla de la seva manera d&#039;estar al m\u00f3n: productes ecol\u00f2gics de proximitat, un rebost ple de fruites i verdures, i la convicci\u00f3 que el benestar comen\u00e7a pel que cultivem \u2014literalment i metaf\u00f2ricament\u2014 cada dia.<\/p>\n\n\n\n<p>Quan imaginen un pla perfecte a casa, sempre inclou temps en fam\u00edlia i contacte amb la natura. I si se&#039;ls pregunta quin objecte s&#039;endurien a casa ara mateix, la resposta \u00e9s clara: temps. Temps de qualitat. Temps per estar, per compartir, per descansar. Per a ells, all\u00f2 essencial ja no passa per adquirir coses, sin\u00f3 per recuperar el ritme que hem perdut.<\/p>\n\n\n\n<h5 class=\"wp-block-heading\"><strong>Decorar amb consci\u00e8ncia<\/strong><\/h5>\n\n\n\n<p>A l&#039;univers de Slow Studio, la decoraci\u00f3 no \u00e9s un adorn, sin\u00f3 una prolongaci\u00f3 de l&#039;habitar. Cada objecte, cada textura i cada material parlen de la cura i de l&#039;enlla\u00e7 amb all\u00f2 natural. Els tons terra s\u00f3n els seus colors fetitxe, i entre els seus referents hi ha el llibre <em>Regeneration<\/em> de Paul Hawken, la pel\u00b7l\u00edcula <em>Tomorrow<\/em> de Cyril Dion i M\u00e9lanie Laurent i la m\u00fasica de John Mayer. Les eleccions transmeten un equilibri entre coneixement, comprom\u00eds i sensibilitat.<\/p>\n\n\n\n<p>Els racons preferits no s\u00f3n espais d&#039;exhibici\u00f3, sin\u00f3 llocs que conviden al recolliment. Un moble estimat, una olor que reconforta, un llum que acompanya. Decorar, per ells, \u00e9s construir atmosferes on es pugui viure amb sentit.<\/p>\n\n\n<div class=\"wp-block-image\">\n<figure class=\"aligncenter size-large is-resized\"><img loading=\"lazy\" decoding=\"async\" width=\"768\" height=\"1024\" src=\"https:\/\/www.monapart.com\/magazine\/wp-content\/uploads\/2025\/03\/image-2-768x1024.png\" alt=\"Arquitectura slow per a vides que volen respirar | Slow Studio | Monapart \" class=\"wp-image-18980\" style=\"width:519px;height:auto\" srcset=\"https:\/\/www.monapart.com\/magazine\/wp-content\/uploads\/2025\/03\/image-2-768x1024.png 768w, https:\/\/www.monapart.com\/magazine\/wp-content\/uploads\/2025\/03\/image-2-225x300.png 225w, https:\/\/www.monapart.com\/magazine\/wp-content\/uploads\/2025\/03\/image-2-1152x1536.png 1152w, https:\/\/www.monapart.com\/magazine\/wp-content\/uploads\/2025\/03\/image-2-9x12.png 9w, https:\/\/www.monapart.com\/magazine\/wp-content\/uploads\/2025\/03\/image-2.png 1200w\" sizes=\"auto, (max-width: 768px) 100vw, 768px\" \/><\/figure>\n<\/div>\n\n\n<figure class=\"wp-block-image size-large\"><img loading=\"lazy\" decoding=\"async\" width=\"1024\" height=\"819\" src=\"https:\/\/www.monapart.com\/magazine\/wp-content\/uploads\/2025\/03\/1-1024x819.png\" alt=\"Arquitectura slow per a vides que volen respirar | Slow Studio | Monapart \" class=\"wp-image-18038\" srcset=\"https:\/\/www.monapart.com\/magazine\/wp-content\/uploads\/2025\/03\/1-1024x819.png 1024w, https:\/\/www.monapart.com\/magazine\/wp-content\/uploads\/2025\/03\/1-300x240.png 300w, https:\/\/www.monapart.com\/magazine\/wp-content\/uploads\/2025\/03\/1-768x614.png 768w, https:\/\/www.monapart.com\/magazine\/wp-content\/uploads\/2025\/03\/1-15x12.png 15w, https:\/\/www.monapart.com\/magazine\/wp-content\/uploads\/2025\/03\/1.png 1350w\" sizes=\"auto, (max-width: 1024px) 100vw, 1024px\" \/><\/figure>\n\n\n\n<h5 class=\"wp-block-heading\"><strong>Biblioteques i altres refugis<\/strong><\/h5>\n\n\n\n<p>A la pregunta sobre el lloc favorit, responen sense dubtar: les biblioteques. <em>&quot;All\u00e0 s&#039;uneix la m\u00e0gia de la transmissi\u00f3 del coneixement amb la de compartir un b\u00e9 com\u00fa. Llegim, aprenem, el cuidem i el tornem perqu\u00e8 alg\u00fa m\u00e9s pugui cr\u00e9ixer amb ell.&quot; <\/em>Tamb\u00e9 reflexionen sobre els viatges, cada cop m\u00e9s cr\u00edtics amb el turisme de consum: <em>\u201cSi els 8.000 milions de persones que som hagu\u00e9ssim de rec\u00f3rrer tots els racons del planeta per plaer, acabar\u00edem destruint aquests racons.\u201d<\/em><\/p>\n\n\n\n<div class=\"wp-block-columns is-layout-flex wp-container-core-columns-is-layout-9d6595d7 wp-block-columns-is-layout-flex\">\n<div class=\"wp-block-column is-layout-flow wp-block-column-is-layout-flow\">\n<figure class=\"wp-block-image size-large\"><img loading=\"lazy\" decoding=\"async\" width=\"1024\" height=\"819\" src=\"https:\/\/www.monapart.com\/magazine\/wp-content\/uploads\/2025\/02\/2-1-1024x819.png\" alt=\"Arquitectura slow per a vides que volen respirar | Slow Studio | Monapart \" class=\"wp-image-19048\" srcset=\"https:\/\/www.monapart.com\/magazine\/wp-content\/uploads\/2025\/02\/2-1-1024x819.png 1024w, https:\/\/www.monapart.com\/magazine\/wp-content\/uploads\/2025\/02\/2-1-300x240.png 300w, https:\/\/www.monapart.com\/magazine\/wp-content\/uploads\/2025\/02\/2-1-768x614.png 768w, https:\/\/www.monapart.com\/magazine\/wp-content\/uploads\/2025\/02\/2-1-15x12.png 15w, https:\/\/www.monapart.com\/magazine\/wp-content\/uploads\/2025\/02\/2-1.png 1350w\" sizes=\"auto, (max-width: 1024px) 100vw, 1024px\" \/><\/figure>\n<\/div>\n<\/div>\n\n\n\n<h5 class=\"wp-block-heading\"><strong>Transformar el sistema des de dins<\/strong><\/h5>\n\n\n\n<p>La seva mirada va m\u00e9s enll\u00e0 de l&#039;individual. Saben que els canvis reals requereixen acci\u00f3 col\u00b7lectiva, i per aix\u00f2 s&#039;impliquen tamb\u00e9 en diverses accions fora de l&#039;estudi. Fa anys van entendre que no n&#039;hi havia prou de dissenyar habitatges responsables des del seu despatx, tamb\u00e9 calia transformar el marc que regula l&#039;arquitectura. Per aix\u00f2 formen part activa de l\u201fAgrupaci\u00f3 d\u201fArquitectura i Sostenibilitat (AUS) del Col\u00b7legi d\u201fArquitectes de Catalunya. Des d&#039;all\u00e0 impulsen canvis normatius, promouen el debat p\u00fablic i treballen per la descarbonitzaci\u00f3 del sector.<\/p>\n\n\n\n<p>Ho fan amb una visi\u00f3 profundament \u00e8tica, sabent que l&#039;impacte real nom\u00e9s arriba quan les bones pr\u00e0ctiques deixen de ser l&#039;excepci\u00f3 i es converteixen en norma.<\/p>\n\n\n\n<h3 class=\"wp-block-heading\">En un m\u00f3n saturat d?est\u00edmuls, productes i solucions prefabricades, Slow Studio aposta per una arquitectura que respira. Una arquitectura que escolta, que acompanya i transforma. Els seus projectes no busquen enlluernar, sin\u00f3 perdurar. No es guien per tend\u00e8ncies, sin\u00f3 per valors. I aquesta, potser, sigui la veritable revoluci\u00f3 en el m\u00f3n del disseny i la decoraci\u00f3: tornar a all\u00f2 essencial, i fer-ho bonic.&nbsp;<\/h3>\n\n\n\n<p><\/p>","protected":false},"excerpt":{"rendered":"<p>Slow Studio aposta per una arquitectura conscient, connectada amb la natura i orientada al benestar de les persones. Una manera de viure i habitar des del que \u00e9s essencial.<\/p>","protected":false},"author":11,"featured_media":18032,"comment_status":"closed","ping_status":"closed","sticky":false,"template":"","format":"standard","meta":{"_acf_changed":false,"footnotes":""},"categories":[2844,2846],"tags":[3290,2885,3008],"class_list":["post-18031","post","type-post","status-publish","format-standard","has-post-thumbnail","hentry","category-hogar","category-espacios-y-vida","tag-ahorro-energetico","tag-arquitectura","tag-sostenibilidad"],"acf":[],"_links":{"self":[{"href":"https:\/\/www.monapart.com\/magazine\/ca\/wp-json\/wp\/v2\/posts\/18031","targetHints":{"allow":["GET"]}}],"collection":[{"href":"https:\/\/www.monapart.com\/magazine\/ca\/wp-json\/wp\/v2\/posts"}],"about":[{"href":"https:\/\/www.monapart.com\/magazine\/ca\/wp-json\/wp\/v2\/types\/post"}],"author":[{"embeddable":true,"href":"https:\/\/www.monapart.com\/magazine\/ca\/wp-json\/wp\/v2\/users\/11"}],"replies":[{"embeddable":true,"href":"https:\/\/www.monapart.com\/magazine\/ca\/wp-json\/wp\/v2\/comments?post=18031"}],"version-history":[{"count":36,"href":"https:\/\/www.monapart.com\/magazine\/ca\/wp-json\/wp\/v2\/posts\/18031\/revisions"}],"predecessor-version":[{"id":19150,"href":"https:\/\/www.monapart.com\/magazine\/ca\/wp-json\/wp\/v2\/posts\/18031\/revisions\/19150"}],"wp:featuredmedia":[{"embeddable":true,"href":"https:\/\/www.monapart.com\/magazine\/ca\/wp-json\/wp\/v2\/media\/18032"}],"wp:attachment":[{"href":"https:\/\/www.monapart.com\/magazine\/ca\/wp-json\/wp\/v2\/media?parent=18031"}],"wp:term":[{"taxonomy":"category","embeddable":true,"href":"https:\/\/www.monapart.com\/magazine\/ca\/wp-json\/wp\/v2\/categories?post=18031"},{"taxonomy":"post_tag","embeddable":true,"href":"https:\/\/www.monapart.com\/magazine\/ca\/wp-json\/wp\/v2\/tags?post=18031"}],"curies":[{"name":"wp","href":"https:\/\/api.w.org\/{rel}","templated":true}]}}