{"id":18016,"date":"2025-03-10T10:31:00","date_gmt":"2025-03-10T09:31:00","guid":{"rendered":"https:\/\/www.monapart.com\/magazine\/?p=18016"},"modified":"2025-11-05T16:36:47","modified_gmt":"2025-11-05T15:36:47","slug":"ariadna-belver-lider-real-estate","status":"publish","type":"post","link":"https:\/\/www.monapart.com\/magazine\/ca\/gente-real\/ariadna-belver-lider-real-estate","title":{"rendered":"Ariadna Belver: una l\u00edder que transforma el Real Estate"},"content":{"rendered":"<h1 class=\"wp-block-heading\">Ariadna Belver: una l\u00edder que transforma el Real Estate<\/h1>\n\n\n\n<h2 class=\"wp-block-heading\">Conversem amb <strong>Ariadna Belver<\/strong>, economista, periodista i una de les veus m\u00e9s influents del sector immobiliari a Espanya. En aquesta entrevista comparteix la seva traject\u00f2ria, la seva visi\u00f3 sobre els reptes actuals del Real Estate i el comprom\u00eds amb el lideratge femen\u00ed i la comunicaci\u00f3 amb prop\u00f2sit.\u00a0<\/h2>\n\n\n<div class='post-info'>10 de mar\u00e7 de 2025 per <a href='https:\/\/www.monapart.com\/magazine\/ca\/autor\/monapart'>Monapart<\/a><\/div>\n\n\n\n<div class=\"wp-block-columns is-layout-flex wp-container-core-columns-is-layout-9d6595d7 wp-block-columns-is-layout-flex\">\n<div class=\"wp-block-column is-layout-flow wp-block-column-is-layout-flow\"><style>.kb-image18016_fbf1ef-02.kb-image-is-ratio-size, .kb-image18016_fbf1ef-02 .kb-image-is-ratio-size{max-width:840px;width:100%;}.wp-block-kadence-column > .kt-inside-inner-col > .kb-image18016_fbf1ef-02.kb-image-is-ratio-size, .wp-block-kadence-column > .kt-inside-inner-col > .kb-image18016_fbf1ef-02 .kb-image-is-ratio-size{align-self:unset;}.kb-image18016_fbf1ef-02{max-width:840px;}.image-is-svg.kb-image18016_fbf1ef-02{-webkit-flex:0 1 100%;flex:0 1 100%;}.image-is-svg.kb-image18016_fbf1ef-02 img{width:100%;}.kb-image18016_fbf1ef-02 .kb-image-has-overlay:after{opacity:0.3;}<\/style>\n<figure class=\"wp-block-kadence-image kb-image18016_fbf1ef-02 size-large\"><img loading=\"lazy\" decoding=\"async\" width=\"1024\" height=\"683\" src=\"https:\/\/www.monapart.com\/magazine\/wp-content\/uploads\/2025\/03\/Ariadna-Belver_perfil-1024x683.jpg\" alt=\"&quot;Retrat d&#039;Ariadna Belver, economista i periodista experta en real estate&quot;.\" class=\"kb-img wp-image-19326\" srcset=\"https:\/\/www.monapart.com\/magazine\/wp-content\/uploads\/2025\/03\/Ariadna-Belver_perfil-1024x683.jpg 1024w, https:\/\/www.monapart.com\/magazine\/wp-content\/uploads\/2025\/03\/Ariadna-Belver_perfil-300x200.jpg 300w, https:\/\/www.monapart.com\/magazine\/wp-content\/uploads\/2025\/03\/Ariadna-Belver_perfil-768x512.jpg 768w, https:\/\/www.monapart.com\/magazine\/wp-content\/uploads\/2025\/03\/Ariadna-Belver_perfil-1536x1024.jpg 1536w, https:\/\/www.monapart.com\/magazine\/wp-content\/uploads\/2025\/03\/Ariadna-Belver_perfil-2048x1365.jpg 2048w, https:\/\/www.monapart.com\/magazine\/wp-content\/uploads\/2025\/03\/Ariadna-Belver_perfil-18x12.jpg 18w, https:\/\/www.monapart.com\/magazine\/wp-content\/uploads\/2025\/03\/Ariadna-Belver_perfil-1200x800.jpg 1200w\" sizes=\"auto, (max-width: 1024px) 100vw, 1024px\" \/><figcaption>\u00a9Carolina Kovarick<\/figcaption><\/figure>\n\n\n\n<p><strong>Una traject\u00f2ria marcada per l&#039;aprenentatge i la perseveran\u00e7a<\/strong><\/p>\n\n\n\n<p>La carrera d&#039;Ariadna Belver s&#039;ha desenvolupat sempre a la intersecci\u00f3 entre economia, comunicaci\u00f3 i sector immobiliari. Va comen\u00e7ar a la consultora EY (Ernst &amp; Young), especialitzant-se en hoteleria i real estate, fins a assumir el 1996 la <strong>Subdirecci\u00f3 General del Barcelona Meeting Point (BMP)<\/strong>, el sal\u00f3 immobiliari m\u00e9s important d&#039;Espanya.<\/p>\n\n\n\n<p>Durant gaireb\u00e9 dues d\u00e8cades va liderar la seva expansi\u00f3 internacional, organitzant fires i congressos a ciutats com Vars\u00f2via, Bucarest, Buenos Aires o Moscou, i consolidant Barcelona com un referent al mercat immobiliari global.<\/p>\n\n\n\n<p>Despr\u00e9s d&#039;aquesta etapa, va fer el salt a la direcci\u00f3 executiva ia l&#039;emprenedoria. Actualment, compagina el seu rol com <strong>Directora a Catalunya de Grupo Cador<\/strong>, constructora orientada a projectes innovadors, amb la cofundaci\u00f3 de <strong><a href=\"https:\/\/belverco.com\/\" target=\"_blank\" data-type=\"link\" data-id=\"https:\/\/belverco.com\/\" rel=\"noreferrer noopener nofollow\">Belver&amp;Co<\/a><\/strong>, consultora especialitzada en comunicaci\u00f3, m\u00e0rqueting i responsabilitat social corporativa (RSC), amb un marcat enfocament a <strong>criteris ESG<\/strong>.<\/p>\n<\/div>\n<\/div>\n\n\n\n<blockquote class=\"wp-block-quote is-layout-flow wp-block-quote-is-layout-flow\">\n<p>\u201cEl talent femen\u00ed \u00e9s essencial per transformar el sector\u201d.<\/p>\n<\/blockquote>\n\n\n\n<h5 class=\"wp-block-heading\"><strong>Comunicaci\u00f3 amb prop\u00f2sit: el programa \u201cLideratges\u201d<\/strong><\/h5>\n\n\n\n<p>Belver tamb\u00e9 ha donat forma a la seva vocaci\u00f3 period\u00edstica amb la creaci\u00f3 del programa de r\u00e0dio <strong><a href=\"https:\/\/www.ondacero.es\/emisoras\/catalunya\/audios-podcast\/lideratges\/\" target=\"_blank\" data-type=\"link\" data-id=\"https:\/\/www.ondacero.es\/emisoras\/catalunya\/audios-podcast\/lideratges\/\" rel=\"noreferrer noopener nofollow\">\u201cLideratges\u201d<\/a><\/strong>, em\u00e8s setmanalment a Onda Cero Catalunya des del 2020. L&#039;espai, nascut en plena pand\u00e8mia, s&#039;ha convertit en un altaveu essencial per donar visibilitat a dones directives, empres\u00e0ries i professionals que comparteixen reptes i aprenentatges.<\/p>\n\n\n\n<p>Lideratges va rebre ja en la seva primera temporada la <strong>Menci\u00f3 de Qualitat als Premis R\u00e0dio Associaci\u00f3 de Catalunya 2021<\/strong>, reconeixement a la contribuci\u00f3 en mat\u00e8ria d&#039;inclusi\u00f3 i perspectiva de g\u00e8nere.<\/p>\n\n\n\n<figure class=\"wp-block-image size-full\"><img loading=\"lazy\" decoding=\"async\" width=\"1024\" height=\"280\" src=\"https:\/\/www.monapart.com\/magazine\/wp-content\/uploads\/2025\/03\/img_2024.webp\" alt=\"Ariadna Belver: Una l\u00edder que va transformar el Real Estate | Monapart \" class=\"wp-image-18021\" srcset=\"https:\/\/www.monapart.com\/magazine\/wp-content\/uploads\/2025\/03\/img_2024.webp 1024w, https:\/\/www.monapart.com\/magazine\/wp-content\/uploads\/2025\/03\/img_2024-300x82.webp 300w, https:\/\/www.monapart.com\/magazine\/wp-content\/uploads\/2025\/03\/img_2024-768x210.webp 768w, https:\/\/www.monapart.com\/magazine\/wp-content\/uploads\/2025\/03\/img_2024-18x5.webp 18w\" sizes=\"auto, (max-width: 1024px) 100vw, 1024px\" \/><\/figure>\n\n\n\n<h5 class=\"wp-block-heading\">WIRES: xarxes que empoderen i transformen<\/h5>\n\n\n<div class=\"wp-block-image\">\n<figure class=\"alignleft size-full is-resized\"><img loading=\"lazy\" decoding=\"async\" width=\"210\" height=\"240\" src=\"https:\/\/www.monapart.com\/magazine\/wp-content\/uploads\/2025\/03\/WIRES.png\" alt=\"\" class=\"wp-image-19327\" style=\"width:146px;height:auto\" srcset=\"https:\/\/www.monapart.com\/magazine\/wp-content\/uploads\/2025\/03\/WIRES.png 210w, https:\/\/www.monapart.com\/magazine\/wp-content\/uploads\/2025\/03\/WIRES-11x12.png 11w\" sizes=\"auto, (max-width: 210px) 100vw, 210px\" \/><\/figure>\n<\/div>\n\n\n<p>El comprom\u00eds d&#039;Ariadna amb la igualtat de g\u00e8nere es reflecteix en el seu paper com <strong>vicepresidenta de <a href=\"https:\/\/wires.es\/\" target=\"_blank\" data-type=\"link\" data-id=\"https:\/\/wires.es\/\" rel=\"noreferrer noopener nofollow\">WIRES (Women in Real Estate Spain)<\/a><\/strong>, primera associaci\u00f3 formada \u00edntegrament per dones del sector immobiliari. Amb m\u00e9s de 450 s\u00f2cies, WIRES ha aconseguit situar-se com a referent a l&#039;impuls del lideratge femen\u00ed.<\/p>\n\n\n\n<p>Entre les seves iniciatives destaca <strong>WIRES Impulsa<\/strong>, un programa de mentoria per acompanyar dones en el seu desenvolupament professional, aix\u00ed com esmorzars de treball, f\u00f2rums de debat i participaci\u00f3 a fires internacionals. <\/p>\n\n\n\n<blockquote class=\"wp-block-quote is-layout-flow wp-block-quote-is-layout-flow\">\n<p><em>\u00abLa meva formaci\u00f3 com a economista em va ajudar a entendre els temes en profunditat, i la meva feina com a periodista em va impulsar a explicar-los de manera senzilla per a tothom.\u201d<\/em><\/p>\n<\/blockquote>\n\n\n\n<h5 class=\"wp-block-heading\"><br><strong>Reflexions sobre el paper de la dona al sector<\/strong><\/h5>\n\n\n\n<p>Ariadna recorda que quan va comen\u00e7ar als anys noranta, el sector immobiliari era percebut com un entorn \u201copac, poc professionalitzat i amb mala reputaci\u00f3\u201d. Amb el temps, la <strong>formaci\u00f3, la tecnologia i la professionalitzaci\u00f3<\/strong> han transformat aquest escenari, encara que persisteixen barreres com la infrarepresentaci\u00f3 femenina en c\u00e0rrecs directius, la bretxa salarial i les dificultats de conciliaci\u00f3.<\/p>\n\n\n\n<p>Durant l&#039;entrevista, va emfatitzar que avan\u00e7ar cap a la igualtat requereix de plans d&#039;acci\u00f3 decidits: des de <strong>mesures de conciliaci\u00f3 real<\/strong> fins <strong>plans d&#039;igualtat efectius a les empreses<\/strong>.<\/p>\n\n\n\n<p>El missatge final \u00e9s clar: <em>\u00abSi jo vaig poder, moltes poden\u00bb<\/em>. Una invitaci\u00f3 directa que les noves generacions s&#039;animin a trencar sostres de vidre ia liderar el canvi.<\/p>\n\n\n\n<blockquote class=\"wp-block-quote is-layout-flow wp-block-quote-is-layout-flow\">\n<p>&nbsp;\u00abVa ser un cam\u00ed on vaig haver de ser molt perseverant i confiar molt en mi mateixa\u00bb.&nbsp;<\/p>\n<\/blockquote>\n\n\n<style>.kb-image18016_dd8cca-f7 .kb-image-has-overlay:after{opacity:0.3;}<\/style>\n<figure class=\"wp-block-kadence-image kb-image18016_dd8cca-f7 size-large\"><img loading=\"lazy\" decoding=\"async\" width=\"1024\" height=\"683\" src=\"https:\/\/www.monapart.com\/magazine\/wp-content\/uploads\/2025\/03\/Ariadna-Belver_perfil2-1024x683.jpg\" alt=\"\" class=\"kb-img wp-image-19329\" srcset=\"https:\/\/www.monapart.com\/magazine\/wp-content\/uploads\/2025\/03\/Ariadna-Belver_perfil2-1024x683.jpg 1024w, https:\/\/www.monapart.com\/magazine\/wp-content\/uploads\/2025\/03\/Ariadna-Belver_perfil2-300x200.jpg 300w, https:\/\/www.monapart.com\/magazine\/wp-content\/uploads\/2025\/03\/Ariadna-Belver_perfil2-768x512.jpg 768w, https:\/\/www.monapart.com\/magazine\/wp-content\/uploads\/2025\/03\/Ariadna-Belver_perfil2-1536x1024.jpg 1536w, https:\/\/www.monapart.com\/magazine\/wp-content\/uploads\/2025\/03\/Ariadna-Belver_perfil2-2048x1365.jpg 2048w, https:\/\/www.monapart.com\/magazine\/wp-content\/uploads\/2025\/03\/Ariadna-Belver_perfil2-18x12.jpg 18w, https:\/\/www.monapart.com\/magazine\/wp-content\/uploads\/2025\/03\/Ariadna-Belver_perfil2-1200x800.jpg 1200w\" sizes=\"auto, (max-width: 1024px) 100vw, 1024px\" \/><figcaption>\u00a9Carolina Kovarick<\/figcaption><\/figure>\n\n\n\n<blockquote class=\"wp-block-quote is-layout-flow wp-block-quote-is-layout-flow\">\n<p><em>\u00abEl talent femen\u00ed \u00e9s essencial per transformar el sector immobiliari. Juntes, amb la nostra manera de veure les coses i el nostre lideratge col\u00b7laboratiu, marquem una difer\u00e8ncia. Si jo vaig poder, moltes poden\u00bb.<\/em><\/p>\n<\/blockquote>\n\n\n\n<p>Coneixement, lideratge i comprom\u00eds social defineixen la traject\u00f2ria d&#039;Ariadna Belver que el 2024 va rebre el premi Joan Sard\u00e0 Dexeus del Col\u00b7legi d&#039;Economistes a la millor traject\u00f2ria personal a la difusi\u00f3 de l&#039;economia. <\/p>\n\n\n\n<p>La veu recorda que el futur de l&#039;immobiliari passa per integrar talent divers i comunicaci\u00f3 amb prop\u00f2sit. A <strong>Monapart<\/strong>, celebrem la seva traject\u00f2ria i el seu comprom\u00eds amb un futur m\u00e9s just, m\u00e9s igualitari i m\u00e9s hum\u00e0. Perqu\u00e8 nom\u00e9s aix\u00ed, sumant talent i diversitat, construirem un sector immobiliari millor per a totes les persones.<\/p>\n\n\n\n<p><\/p>","protected":false},"excerpt":{"rendered":"<p>Conversem amb Ariadna Belver, economista, periodista i una de les veus m\u00e9s influents del sector immobiliari a Espanya. En aquesta entrevista comparteix la seva traject\u00f2ria, la seva visi\u00f3 sobre els reptes actuals del Real Estate i el comprom\u00eds amb el lideratge femen\u00ed i la comunicaci\u00f3 amb prop\u00f2sit.<\/p>","protected":false},"author":3,"featured_media":19326,"comment_status":"closed","ping_status":"closed","sticky":false,"template":"","format":"standard","meta":{"_acf_changed":false,"footnotes":""},"categories":[2849,2851],"tags":[3240],"class_list":["post-18016","post","type-post","status-publish","format-standard","has-post-thumbnail","hentry","category-gente-real","category-perfiles","tag-gentereal"],"acf":[],"_links":{"self":[{"href":"https:\/\/www.monapart.com\/magazine\/ca\/wp-json\/wp\/v2\/posts\/18016","targetHints":{"allow":["GET"]}}],"collection":[{"href":"https:\/\/www.monapart.com\/magazine\/ca\/wp-json\/wp\/v2\/posts"}],"about":[{"href":"https:\/\/www.monapart.com\/magazine\/ca\/wp-json\/wp\/v2\/types\/post"}],"author":[{"embeddable":true,"href":"https:\/\/www.monapart.com\/magazine\/ca\/wp-json\/wp\/v2\/users\/3"}],"replies":[{"embeddable":true,"href":"https:\/\/www.monapart.com\/magazine\/ca\/wp-json\/wp\/v2\/comments?post=18016"}],"version-history":[{"count":16,"href":"https:\/\/www.monapart.com\/magazine\/ca\/wp-json\/wp\/v2\/posts\/18016\/revisions"}],"predecessor-version":[{"id":19737,"href":"https:\/\/www.monapart.com\/magazine\/ca\/wp-json\/wp\/v2\/posts\/18016\/revisions\/19737"}],"wp:featuredmedia":[{"embeddable":true,"href":"https:\/\/www.monapart.com\/magazine\/ca\/wp-json\/wp\/v2\/media\/19326"}],"wp:attachment":[{"href":"https:\/\/www.monapart.com\/magazine\/ca\/wp-json\/wp\/v2\/media?parent=18016"}],"wp:term":[{"taxonomy":"category","embeddable":true,"href":"https:\/\/www.monapart.com\/magazine\/ca\/wp-json\/wp\/v2\/categories?post=18016"},{"taxonomy":"post_tag","embeddable":true,"href":"https:\/\/www.monapart.com\/magazine\/ca\/wp-json\/wp\/v2\/tags?post=18016"}],"curies":[{"name":"wp","href":"https:\/\/api.w.org\/{rel}","templated":true}]}}