{"id":17146,"date":"2024-12-30T12:55:00","date_gmt":"2024-12-30T11:55:00","guid":{"rendered":"https:\/\/www.monapart.com\/magazine\/?p=17146"},"modified":"2025-06-20T18:22:58","modified_gmt":"2025-06-20T16:22:58","slug":"amavent-paracolls-de-jarama","status":"publish","type":"post","link":"https:\/\/www.monapart.com\/magazine\/ca\/gente-real\/amavento-paracuellos-de-jarama","title":{"rendered":"Am\u00e0lia Garc\u00eda, l&#039;\u00e0nima d&#039;Amavent"},"content":{"rendered":"<h1 class=\"wp-block-heading\">Am\u00e0lia Garc\u00eda, l&#039;\u00e0nima d&#039;Amavent<\/h1>\n\n\n\n<h2 class=\"wp-block-heading\">Dues d\u00e8cades construint confian\u00e7a immobili\u00e0ria a Paracuellos de Jarama.<\/h2>\n\n\n<div class='post-info'>30 de desembre de 2024 per <a href='https:\/\/www.monapart.com\/magazine\/ca\/autor\/monapart'>Monapart<\/a><\/div>\n\n\n\n<p><\/p>\n\n\n\n<h3 class=\"wp-block-heading\">Amalia Garc\u00eda, \u00e0nima d&#039;Amavent, fa dues d\u00e8cades que construeix confian\u00e7a immobili\u00e0ria a Paracuellos de Jarama. Descobreix com aquesta professional ha forjat un llegat d&#039;integritat i proximitat, i la nova alian\u00e7a estrat\u00e8gica amb Monapart per al futur d&#039;Amavent.<\/h3>\n\n\n\n<div class=\"wp-block-media-text is-stacked-on-mobile\" style=\"grid-template-columns:36% auto\"><figure class=\"wp-block-media-text__media\"><img loading=\"lazy\" decoding=\"async\" width=\"1024\" height=\"290\" src=\"https:\/\/www.monapart.com\/magazine\/wp-content\/uploads\/2025\/01\/Logo-Amavento-1024x290.jpg\" alt=\"\" class=\"wp-image-17486 size-full\" srcset=\"https:\/\/www.monapart.com\/magazine\/wp-content\/uploads\/2025\/01\/Logo-Amavento-1024x290.jpg 1024w, https:\/\/www.monapart.com\/magazine\/wp-content\/uploads\/2025\/01\/Logo-Amavento-300x85.jpg 300w, https:\/\/www.monapart.com\/magazine\/wp-content\/uploads\/2025\/01\/Logo-Amavento-768x217.jpg 768w, https:\/\/www.monapart.com\/magazine\/wp-content\/uploads\/2025\/01\/Logo-Amavento-18x5.jpg 18w, https:\/\/www.monapart.com\/magazine\/wp-content\/uploads\/2025\/01\/Logo-Amavento.jpg 1121w\" sizes=\"auto, (max-width: 1024px) 100vw, 1024px\" \/><\/figure><div class=\"wp-block-media-text__content\">\n<p>Amalia Garc\u00eda no nom\u00e9s ha constru\u00eft una ag\u00e8ncia immobili\u00e0ria; ha forjat un llegat de confian\u00e7a a Paracuellos de Jarama, Madrid. Durant dues d\u00e8cades al capdavant de <strong><a href=\"http:\/\/amavento.com\" data-type=\"link\" data-id=\"amavento.com\" target=\"_blank\" rel=\"noopener\">Avent<\/a><\/strong>, Amalia ha demostrat com la passi\u00f3 i la integritat poden fonamentar un negoci durador, diferenciant-se de les grans corporacions. Aquest perfil explora la traject\u00f2ria d&#039;una dona que, desafiant les normes, ha connectat profundament amb la seva comunitat, transformant el seu negoci en un referent de professionalitat i proximitat al sector immobiliari local.<\/p>\n<\/div><\/div>\n\n\n\n<h5 class=\"wp-block-heading\"><strong>Amavento: m\u00e9s que un nom, un segell d&#039;integritat<\/strong>\u00a0<\/h5>\n\n\n\n<div class=\"wp-block-media-text is-stacked-on-mobile\" style=\"grid-template-columns:35% auto\"><figure class=\"wp-block-media-text__media\"><img loading=\"lazy\" decoding=\"async\" width=\"796\" height=\"1024\" src=\"https:\/\/www.monapart.com\/magazine\/wp-content\/uploads\/2025\/01\/image1-4-e1750246768142-796x1024.jpeg\" alt=\"\" class=\"wp-image-17149 size-full\" srcset=\"https:\/\/www.monapart.com\/magazine\/wp-content\/uploads\/2025\/01\/image1-4-e1750246768142-796x1024.jpeg 796w, https:\/\/www.monapart.com\/magazine\/wp-content\/uploads\/2025\/01\/image1-4-e1750246768142-233x300.jpeg 233w, https:\/\/www.monapart.com\/magazine\/wp-content\/uploads\/2025\/01\/image1-4-e1750246768142-768x988.jpeg 768w, https:\/\/www.monapart.com\/magazine\/wp-content\/uploads\/2025\/01\/image1-4-e1750246768142-9x12.jpeg 9w, https:\/\/www.monapart.com\/magazine\/wp-content\/uploads\/2025\/01\/image1-4-e1750246768142.jpeg 1170w\" sizes=\"auto, (max-width: 796px) 100vw, 796px\" \/><\/figure><div class=\"wp-block-media-text__content\">\n<p><em>\u00abQuan vaig comen\u00e7ar, el meu marit em deia que tenir un local a peu de carrer transmetia molta m\u00e9s credibilitat. I que, si alg\u00fa necessitava trobar-me, sabria exactament on anar.\u00bb<\/em><\/p>\n\n\n\n<p>Amavento, m\u00e9s que un nom comercial, s&#039;ha convertit en sin\u00f2nim d&#039;integritat i professionalitat a Paracuellos. Tot i que Amalia als seus inicis reconeixia l&#039;autonomia que li hauria donat treballar des d&#039;un espai menys convencional, va valorar des del principi la visibilitat i la connexi\u00f3 directa amb la comunitat que li oferia una oficina a peu de carrer.<em> \u00abEt d\u00f3na una altra independ\u00e8ncia estar pel teu compte, s\u00ed, per\u00f2 el local t&#039;ancora, et fa present\u00bb<\/em>, reflexiona sobre l&#039;equilibri entre les dues modalitats. <\/p>\n<\/div><\/div>\n\n\n\n<blockquote class=\"wp-block-quote is-layout-flow wp-block-quote-is-layout-flow\">\n<p><em>\u00abVaig comen\u00e7ar als 50 anys, del no-res.\u201d<\/em><\/p>\n<\/blockquote>\n\n\n\n<h5 class=\"wp-block-heading\"><strong>Un equip a mida. L\u00b4extensi\u00f3 d\u00b4una filosofia de servei<\/strong><\/h5>\n\n\n\n<p>Amavento \u00e9s una ag\u00e8ncia que d\u00f3na servei a m\u00e9s de 300 clients a un municipi d&#039;uns 30.000 habitants. Ha mantingut deliberadament una estructura \u00e0gil i eficient, amb un equip de dues persones que administren loficina i la gesti\u00f3 de lloguers. <em>\u00abVull que el meu equip s\u00e0piga fer de tot\u00bb<\/em>, explica Am\u00e0lia, prioritzant la versatilitat i la capacitat de resposta davant de qualsevol eventualitat. Ella, per part seva, es reserva la tasca crucial de la captaci\u00f3, el cor del seu negoci, cultivant relacions i tancant acords amb l&#039;estil personal i directe que la distingeix. Aquesta estrat\u00e8gia d&#039;equip petit i multifuncional \u00e9s un model cada cop m\u00e9s valorat al sector immobiliari actual, on l&#039;agilitat \u00e9s clau.<\/p>\n\n\n\n<h5 class=\"wp-block-heading\"><strong>El desafiament de la captaci\u00f3 i la gesti\u00f3 del talent<\/strong><\/h5>\n\n\n\n<div class=\"wp-block-media-text is-stacked-on-mobile\" style=\"grid-template-columns:40% auto\"><figure class=\"wp-block-media-text__media\"><img loading=\"lazy\" decoding=\"async\" width=\"1024\" height=\"683\" src=\"https:\/\/www.monapart.com\/magazine\/wp-content\/uploads\/2025\/01\/Amavento_1-1024x683.jpg\" alt=\"\" class=\"wp-image-17471 size-full\" srcset=\"https:\/\/www.monapart.com\/magazine\/wp-content\/uploads\/2025\/01\/Amavento_1-1024x683.jpg 1024w, https:\/\/www.monapart.com\/magazine\/wp-content\/uploads\/2025\/01\/Amavento_1-300x200.jpg 300w, https:\/\/www.monapart.com\/magazine\/wp-content\/uploads\/2025\/01\/Amavento_1-768x512.jpg 768w, https:\/\/www.monapart.com\/magazine\/wp-content\/uploads\/2025\/01\/Amavento_1-1536x1024.jpg 1536w, https:\/\/www.monapart.com\/magazine\/wp-content\/uploads\/2025\/01\/Amavento_1-18x12.jpg 18w, https:\/\/www.monapart.com\/magazine\/wp-content\/uploads\/2025\/01\/Amavento_1-1200x800.jpg 1200w, https:\/\/www.monapart.com\/magazine\/wp-content\/uploads\/2025\/01\/Amavento_1.jpg 1920w\" sizes=\"auto, (max-width: 1024px) 100vw, 1024px\" \/><\/figure><div class=\"wp-block-media-text__content\">\n<p>Am\u00e0lia reconeix que alimentar un equip \u00e9s diferent de proveir negoci per a una mateixa. La captaci\u00f3, crucial per a l&#039;\u00e8xit d&#039;Amavent i de qualsevol ag\u00e8ncia immobili\u00e0ria, \u00e9s una tasca que assumeix personalment. <em>\u00abEl boca-orella ha estat fonamental\u00bb<\/em>, explica, <em>\u00abper\u00f2 ara necessito alg\u00fa que surti a captar\u00bb. <\/em>Amb un petit equip, la gesti\u00f3 del temps i la delegaci\u00f3 de tasques s\u00f3n essencials. Aquest desafiament \u00e9s com\u00fa al sector, i el boca a boca continua sent una de les estrat\u00e8gies de captaci\u00f3 de clients m\u00e9s efectives al sector immobiliari, especialment en mercats locals.<\/p>\n<\/div><\/div>\n\n\n\n<p><\/p>\n\n\n\n<h5 class=\"wp-block-heading\"><strong>Navegant la compet\u00e8ncia amb experi\u00e8ncia i autenticitat<\/strong><\/h5>\n\n\n\n<div class=\"wp-block-media-text is-stacked-on-mobile\" style=\"grid-template-columns:40% auto\"><figure class=\"wp-block-media-text__media\"><img loading=\"lazy\" decoding=\"async\" width=\"453\" height=\"261\" src=\"https:\/\/www.monapart.com\/magazine\/wp-content\/uploads\/2025\/01\/GMB-Amavento-1.png\" alt=\"\" class=\"wp-image-17479 size-full\" srcset=\"https:\/\/www.monapart.com\/magazine\/wp-content\/uploads\/2025\/01\/GMB-Amavento-1.png 453w, https:\/\/www.monapart.com\/magazine\/wp-content\/uploads\/2025\/01\/GMB-Amavento-1-300x173.png 300w, https:\/\/www.monapart.com\/magazine\/wp-content\/uploads\/2025\/01\/GMB-Amavento-1-18x10.png 18w\" sizes=\"auto, (max-width: 453px) 100vw, 453px\" \/><\/figure><div class=\"wp-block-media-text__content\">\n<p>Tot i el notable augment d&#039;ag\u00e8ncies immobili\u00e0ries a Paracuellos de Jarama al llarg dels anys, Amalia se sent segura i confiada en la seva posici\u00f3. <em>\u00abJo crec en la for\u00e7a de la feina ben feta\u00bb,<\/em> afirma amb la certesa que donen dues d\u00e8cades de servei impecable.\u00a0<\/p>\n<\/div><\/div>\n\n\n\n<p><\/p>\n\n\n\n<p>El seu coneixement profund del mercat local, forjat a trav\u00e9s de l&#039;experi\u00e8ncia i la dedicaci\u00f3, li atorga un avantatge significatiu sobre la seva compet\u00e8ncia, tant la coneguda com la nouvinguda al municipi. Aquest testimoni ressalta la import\u00e0ncia de lespecialitzaci\u00f3 i el coneixement del mercat local com a factors d\u00e8xit en un entorn competitiu.<\/p>\n\n\n\n<h5 class=\"wp-block-heading\"><strong><strong>El futur d&#039;Amavent: una nova etapa amb Monapart<\/strong><\/strong>\u00a0<\/h5>\n\n\n\n<p>Am\u00e0lia, amb 72 anys, una traject\u00f2ria exemplar i una passi\u00f3 inq\u00fcestionable pel seu projecte, s&#039;enfrontava a una decisi\u00f3 clau: expandir i assegurar la continu\u00eftat del llegat. <em>\u201cSempre pesava en mi la idea de no tenir alg\u00fa que m&#039;ajud\u00e9s per estendre&#039;m\u201d,<\/em> reconeix, per\u00f2 despr\u00e9s de l&#039;experi\u00e8ncia de veure com sorgeixen competidors a partir de la seva feina, Amalia ha trobat a Monapart molt m\u00e9s que un aliat: una alian\u00e7a estrat\u00e8gica on continuar brillant i donar nova il\u00b7lusi\u00f3 al projecte.<\/p>\n\n\n\n<blockquote class=\"wp-block-quote is-layout-flow wp-block-quote-is-layout-flow\">\n<p><em>\u00abHe perdut moltes vendes per treballar en exclusiva, per\u00f2 he guanyat una mica m\u00e9s valu\u00f3s: la meva paraula.\u00bb<\/em><\/p>\n<\/blockquote>\n\n\n\n<p>L&#039;alian\u00e7a amb Monapart representa per a Amalia no nom\u00e9s una oportunitat per garantir la continu\u00eftat d&#039;Amavent, sin\u00f3 tamb\u00e9 un espai on continuar desplegant la seva empenta i professionalitat \u00fanics. Aqu\u00ed, el seu llegat es refor\u00e7a i s&#039;enriqueix, combinant la seva experi\u00e8ncia amb l&#039;energia i el projecte de Monapart, la casa dels bons agents immobiliaris fent bona immobili\u00e0ria.<\/p>\n\n\n\n<h3 class=\"wp-block-heading\">La hist\u00f2ria d&#039;Amalia \u00e9s un exemple viu de com la passi\u00f3, la dedicaci\u00f3 i l&#039;honestedat construeixen un negoci immobiliari s\u00f2lid, amb una visi\u00f3 que transcendeix la mida o la facturaci\u00f3. \u00c9s un recordatori que el valor real \u00e9s construir relacions de confian\u00e7a i deixar una empremta positiva a la comunitat.<\/h3>","protected":false},"excerpt":{"rendered":"<p>Amalia Garc\u00eda, \u00e0nima d&#039;Amavent, fa dues d\u00e8cades que construeix confian\u00e7a immobili\u00e0ria a Paracuellos de Jarama. Descobreix com aquesta professional ha forjat un llegat d&#039;integritat i proximitat, i la nova alian\u00e7a estrat\u00e8gica amb Monapart per al futur d&#039;Amavent.<\/p>","protected":false},"author":3,"featured_media":17149,"comment_status":"closed","ping_status":"closed","sticky":false,"template":"","format":"standard","meta":{"_acf_changed":false,"footnotes":""},"categories":[2849,2851],"tags":[2878,2910],"class_list":["post-17146","post","type-post","status-publish","format-standard","has-post-thumbnail","hentry","category-gente-real","category-perfiles","tag-madrid","tag-buenagente"],"acf":[],"_links":{"self":[{"href":"https:\/\/www.monapart.com\/magazine\/ca\/wp-json\/wp\/v2\/posts\/17146","targetHints":{"allow":["GET"]}}],"collection":[{"href":"https:\/\/www.monapart.com\/magazine\/ca\/wp-json\/wp\/v2\/posts"}],"about":[{"href":"https:\/\/www.monapart.com\/magazine\/ca\/wp-json\/wp\/v2\/types\/post"}],"author":[{"embeddable":true,"href":"https:\/\/www.monapart.com\/magazine\/ca\/wp-json\/wp\/v2\/users\/3"}],"replies":[{"embeddable":true,"href":"https:\/\/www.monapart.com\/magazine\/ca\/wp-json\/wp\/v2\/comments?post=17146"}],"version-history":[{"count":30,"href":"https:\/\/www.monapart.com\/magazine\/ca\/wp-json\/wp\/v2\/posts\/17146\/revisions"}],"predecessor-version":[{"id":17496,"href":"https:\/\/www.monapart.com\/magazine\/ca\/wp-json\/wp\/v2\/posts\/17146\/revisions\/17496"}],"wp:featuredmedia":[{"embeddable":true,"href":"https:\/\/www.monapart.com\/magazine\/ca\/wp-json\/wp\/v2\/media\/17149"}],"wp:attachment":[{"href":"https:\/\/www.monapart.com\/magazine\/ca\/wp-json\/wp\/v2\/media?parent=17146"}],"wp:term":[{"taxonomy":"category","embeddable":true,"href":"https:\/\/www.monapart.com\/magazine\/ca\/wp-json\/wp\/v2\/categories?post=17146"},{"taxonomy":"post_tag","embeddable":true,"href":"https:\/\/www.monapart.com\/magazine\/ca\/wp-json\/wp\/v2\/tags?post=17146"}],"curies":[{"name":"wp","href":"https:\/\/api.w.org\/{rel}","templated":true}]}}