{"id":17109,"date":"2025-01-13T15:46:00","date_gmt":"2025-01-13T14:46:00","guid":{"rendered":"https:\/\/www.monapart.com\/magazine\/?p=17109"},"modified":"2025-06-23T11:55:41","modified_gmt":"2025-06-23T09:55:41","slug":"el-principal-de-corsega-pis-galeria-art","status":"publish","type":"post","link":"https:\/\/www.monapart.com\/magazine\/ca\/hogar\/el-principal-de-corsega-piso-galeria-arte","title":{"rendered":"El Principal de C\u00f2rsega: un pis-galeria per viure l&#039;art"},"content":{"rendered":"<h1 class=\"wp-block-heading\">El Principal de C\u00f2rsega: un pis-galeria per viure l&#039;art<\/h1>\n\n\n\n<h2 class=\"wp-block-heading\">S\u00f2nia Villegas, historiadora d&#039;art amb una traject\u00f2ria destacada al Museu Picasso i la Fundaci\u00f3 Joan Mir\u00f3, ha transformat el seu propi pis en una galeria \u00fanica: El Principal de C\u00f2rsega.<\/h2>\n\n\n<div class='post-info'>13 de gener de 2025 per <a href='https:\/\/www.monapart.com\/magazine\/ca\/autor\/monapart'>Monapart<\/a><\/div>\n\n\n\n<h5 class=\"wp-block-heading has-medium-font-size\"><\/h5>\n\n\n\n<figure class=\"wp-block-image\"><img decoding=\"async\" src=\"https:\/\/lh7-rt.googleusercontent.com\/docsz\/AD_4nXe2aUiPw7PAu8flViUivWaBWcWzo4sbAkbHUMip6SRnJI-PVBalJbgS6vwveKrucFnOErhqUtjHMoPTPw2p6SlDXBq2zo1e7xbq1haqpyeQxxvI7FCDUNlXSWxV09RIhUE7o-U?key=UU54W93ateklfYC0iriiXg\" alt=\"El Principal de C\u00f2rsega: un pis galeria per viure l&#039;art | Monapart \"\/><figcaption class=\"wp-element-caption\">Fotografia:&nbsp;<a href=\"https:\/\/www.instagram.com\/leila_mendez\/\" target=\"_blank\" rel=\"noopener\">@leila_mendez<\/a><\/figcaption><\/figure>\n\n\n\n<p>En una ciutat com Barcelona, on sovint l&#039;art es percep des de la dist\u00e0ncia de les grans institucions, hi ha llocs que l&#039;acosten, l&#039;humanitzen i el tornen a una escala m\u00e9s \u00edntima. <a href=\"https:\/\/www.elprincipaldecorsega.com\/\" target=\"_blank\" rel=\"noopener\"><em>El Principal de C\u00f2rsega<\/em><\/a>, al cor de l?Eixample barcelon\u00ed, \u00e9s un d?aquests espais: un habitatge senyorial convertit en una galeria d?art on les obres no nom\u00e9s s?exhibeixen, sin\u00f3 que s?integren a la vida di\u00e0ria.<\/p>\n\n\n\n<div class=\"wp-block-group is-nowrap is-layout-flex wp-container-core-group-is-layout-ad2f72ca wp-block-group-is-layout-flex\"><div class=\"wp-block-image\">\n<figure class=\"aligncenter is-resized\"><img decoding=\"async\" src=\"https:\/\/lh7-rt.googleusercontent.com\/docsz\/AD_4nXc-bT3VbjJSCglKA_QAM4GudMotn8xQVNGfRNONLsdUel2RjzBVl6Ao0ROnYdk6BObiaJOn9M2TTWbG25xHfR8r9lP85qHISkFWKrqH7Sd993WsnZ3QaXqa36yR4fYJjETymVka?key=UU54W93ateklfYC0iriiXg\" alt=\"El Principal de C\u00f2rsega: un pis galeria per viure l&#039;art | Monapart \" style=\"width:506px;height:auto\"\/><\/figure>\n<\/div>\n\n\n<blockquote class=\"wp-block-quote is-layout-flow wp-block-quote-is-layout-flow\">\n<p class=\"has-text-align-right\"><em>&quot;Al Principal de C\u00f2rsega l&#039;art no es penja nom\u00e9s per ser mirat, sin\u00f3 per ser viscut.&quot;<\/em><\/p>\n<\/blockquote>\n<\/div>\n\n\n\n<p>Darrere d&#039;aquest projecte singular hi ha <strong>S\u00f2nia Villegas<\/strong>, que, despr\u00e9s de tres d\u00e8cades com a conservadora en cap a museus com el Museu Picasso i la Fundaci\u00f3 Joan Mir\u00f3, va decidir obrir la seva llar i la seva <strong>col\u00b7lecci\u00f3 privada<\/strong> al p\u00fablic. El seu objectiu \u00e9s compartir la seva passi\u00f3 per l&#039;art des d&#039;una perspectiva m\u00e9s personal i propera, ja que ent\u00e9n que l&#039;art es fusiona amb el mobiliari i els records, creant un espai ple de car\u00e0cter i intenci\u00f3 on no nom\u00e9s s&#039;observen les obres, es viuen.<\/p>\n\n\n\n<p>\u00a0<\/p>\n\n\n\n<div class=\"wp-block-group extended-image-group\"><div class=\"wp-block-group__inner-container is-layout-constrained wp-block-group-is-layout-constrained\">\n<div class=\"wp-block-columns is-layout-flex wp-container-core-columns-is-layout-9d6595d7 wp-block-columns-is-layout-flex\">\n<div class=\"wp-block-column is-layout-flow wp-block-column-is-layout-flow\">\n<figure class=\"wp-block-image size-large\"><img loading=\"lazy\" decoding=\"async\" width=\"1024\" height=\"819\" src=\"https:\/\/www.monapart.com\/magazine\/wp-content\/uploads\/2025\/01\/El-Principal-de-Corsega_1-1024x819.png\" alt=\"\" class=\"wp-image-17531\" style=\"aspect-ratio:1;object-fit:cover\" srcset=\"https:\/\/www.monapart.com\/magazine\/wp-content\/uploads\/2025\/01\/El-Principal-de-Corsega_1-1024x819.png 1024w, https:\/\/www.monapart.com\/magazine\/wp-content\/uploads\/2025\/01\/El-Principal-de-Corsega_1-300x240.png 300w, https:\/\/www.monapart.com\/magazine\/wp-content\/uploads\/2025\/01\/El-Principal-de-Corsega_1-768x614.png 768w, https:\/\/www.monapart.com\/magazine\/wp-content\/uploads\/2025\/01\/El-Principal-de-Corsega_1-15x12.png 15w, https:\/\/www.monapart.com\/magazine\/wp-content\/uploads\/2025\/01\/El-Principal-de-Corsega_1.png 1350w\" sizes=\"auto, (max-width: 1024px) 100vw, 1024px\" \/><\/figure>\n<\/div>\n\n\n\n<div class=\"wp-block-column is-layout-flow wp-block-column-is-layout-flow\">\n<figure class=\"wp-block-image size-large\"><img loading=\"lazy\" decoding=\"async\" width=\"818\" height=\"1024\" src=\"https:\/\/www.monapart.com\/magazine\/wp-content\/uploads\/2025\/01\/El-Principal-de-Corsega_\u00a9Leila-Mendez-818x1024.png\" alt=\"\" class=\"wp-image-17532\" style=\"aspect-ratio:1;object-fit:cover\" srcset=\"https:\/\/www.monapart.com\/magazine\/wp-content\/uploads\/2025\/01\/El-Principal-de-Corsega_\u00a9Leila-Mendez-818x1024.png 818w, https:\/\/www.monapart.com\/magazine\/wp-content\/uploads\/2025\/01\/El-Principal-de-Corsega_\u00a9Leila-Mendez-240x300.png 240w, https:\/\/www.monapart.com\/magazine\/wp-content\/uploads\/2025\/01\/El-Principal-de-Corsega_\u00a9Leila-Mendez-768x961.png 768w, https:\/\/www.monapart.com\/magazine\/wp-content\/uploads\/2025\/01\/El-Principal-de-Corsega_\u00a9Leila-Mendez-10x12.png 10w, https:\/\/www.monapart.com\/magazine\/wp-content\/uploads\/2025\/01\/El-Principal-de-Corsega_\u00a9Leila-Mendez.png 1160w\" sizes=\"auto, (max-width: 818px) 100vw, 818px\" \/><\/figure>\n<\/div>\n\n\n\n<div class=\"wp-block-column is-layout-flow wp-block-column-is-layout-flow\">\n<figure class=\"wp-block-image size-large\"><img loading=\"lazy\" decoding=\"async\" width=\"878\" height=\"1024\" src=\"https:\/\/www.monapart.com\/magazine\/wp-content\/uploads\/2025\/01\/El-Principal-de-Corsega_\u00a9balu_the_light_-878x1024.png\" alt=\"\" class=\"wp-image-17533\" style=\"aspect-ratio:1;object-fit:cover\" srcset=\"https:\/\/www.monapart.com\/magazine\/wp-content\/uploads\/2025\/01\/El-Principal-de-Corsega_\u00a9balu_the_light_-878x1024.png 878w, https:\/\/www.monapart.com\/magazine\/wp-content\/uploads\/2025\/01\/El-Principal-de-Corsega_\u00a9balu_the_light_-257x300.png 257w, https:\/\/www.monapart.com\/magazine\/wp-content\/uploads\/2025\/01\/El-Principal-de-Corsega_\u00a9balu_the_light_-768x895.png 768w, https:\/\/www.monapart.com\/magazine\/wp-content\/uploads\/2025\/01\/El-Principal-de-Corsega_\u00a9balu_the_light_-10x12.png 10w, https:\/\/www.monapart.com\/magazine\/wp-content\/uploads\/2025\/01\/El-Principal-de-Corsega_\u00a9balu_the_light_.png 1158w\" sizes=\"auto, (max-width: 878px) 100vw, 878px\" \/><\/figure>\n<\/div>\n<\/div>\n\n\n\n<p class=\"has-text-align-center pie-de-foto\"><\/p>\n<\/div><\/div>\n\n\n\n<p>Ubicat en una <a href=\"https:\/\/www.monapart.com\/magazine\/ca\/gent-real\/que-es-una-finca-regia-i-que-no-ho-es\/\">finca r\u00e8gia<\/a> de l&#039;Eixample, El Principal de C\u00f2rsega mant\u00e9 l&#039;ess\u00e8ncia de l&#039;arquitectura modernista amb els sostres alts, les motllures i els s\u00f2ls hidr\u00e0ulics. Aquests elements hist\u00f2rics es combinen harmoniosament amb una acurada selecci\u00f3 d&#039;obres contempor\u00e0nies, objectes amb hist\u00f2ria i flors fresques que la S\u00f2nia renova setmanalment. El resultat \u00e9s una atmosfera c\u00e0lida i serena que convida a la contemplaci\u00f3 sense solemnitats.<\/p>\n\n\n\n<h5 class=\"wp-block-heading\"><em>Un pis galeria d&#039;art?<\/em><\/h5>\n\n\n\n<p>El Principal de C\u00f2rsega \u00e9s un projecte personal que reivindica una tornada al contacte directe amb l&#039;art i els artistes. Inspirat en els pisos-galeria que existien a Par\u00eds als anys seixanta i setanta, on tenien lloc trobades de diferents tipus i p\u00fablics, proposa una manera d&#039;acostar-se a la creaci\u00f3 contempor\u00e0nia i al col\u00b7leccionisme que aposta per la proximitat entre els artistes, les seves obres i totes aquelles persones que vulguin con\u00e8ixer-les a l&#039;entorn privat, fins i tot \u201csecret\u201d. Per aix\u00f2 nom\u00e9s es pot accedir per invitaci\u00f3 o amb cita pr\u00e8via.<\/p>\n\n\n\n<p>La seva programaci\u00f3 se centra fonamentalment \u2013encara que no exclusivament\u2013 en artistes s\u00e8nior, amb una traject\u00f2ria llarga i consolidada. A m\u00e9s d&#039;exposicions tant individuals com col\u00b7lectives, l&#039;espai acull trobades, debats, xerrades, presentacions i altres activitats que generen connexions entre els artistes, els col\u00b7leccionistes i les persones interessades o simplement atretes per la cultura en general.<\/p>\n\n\n<div class=\"wp-block-image\">\n<figure class=\"aligncenter is-resized\"><img decoding=\"async\" src=\"https:\/\/lh7-rt.googleusercontent.com\/docsz\/AD_4nXf48-qsQ70S3JzfknCcdGAZE9THU7Sbp5InAiBFXfVe-Woqax6vq9clwH17SK0WNoQed8TUdr67Nxc_zh4XPhc1R_zS6Uvr1hbM3nKFoy7eA2Svgv2GVavrS-B4kKvtfCOtZ6o?key=UU54W93ateklfYC0iriiXg\" alt=\"El Principal de C\u00f2rsega: un pis galeria per viure l&#039;art | Monapart \" style=\"width:569px;height:auto\"\/><figcaption class=\"wp-element-caption\">Fotografia:&nbsp;<a href=\"https:\/\/www.instagram.com\/leila_mendez\/\" target=\"_blank\" rel=\"noopener\">@leila_mendez<\/a><\/figcaption><\/figure>\n<\/div>\n\n\n<p><\/p>\n\n\n\n<p>Parlem amb la S\u00f2nia sobre aquest projecte, el seu amor pels llibres, el silenci, els jardins, i com l&#039;art pot habitar i transformar les nostres llars.<\/p>\n\n\n\n<h5 class=\"wp-block-heading\"><strong>Parla&#039;ns de tu i de la teva feina. On va n\u00e9ixer la teva vocaci\u00f3? Algun primer record?<\/strong><\/h5>\n\n\n\n<p>L&#039;octubre del 2024, despr\u00e9s de 30 anys com a conservadora en cap del Museu Picasso i de la Fundaci\u00f3 Joan Mir\u00f3 de Barcelona, vaig decidir obrir el meu propi pis-galeria, <a href=\"https:\/\/www.instagram.com\/elprincipaldecorsega\/\" target=\"_blank\" rel=\"noopener\">El Principal de C\u00f2rsega,<\/a> per apropar l&#039;art a les persones de manera m\u00e9s \u00edntima i personalitzada.<\/p>\n\n\n\n<p>La meva vocaci\u00f3 per l&#039;Art existeix des de la infantesa. El meu pare era un gran amant de la m\u00fasica, la literatura i la hist\u00f2ria i molts dels seus amics eren artistes. Jo mateixa vaig estudiar la carrera de piano i sempre vaig saber que faria hist\u00f2ria de l?art. Per mi era l&#039;opci\u00f3 natural, l&#039;\u00fanica de fet.<\/p>\n\n\n<div class=\"wp-block-image is-style-default\">\n<figure class=\"aligncenter size-large is-resized\"><img loading=\"lazy\" decoding=\"async\" width=\"765\" height=\"1024\" src=\"https:\/\/www.monapart.com\/magazine\/wp-content\/uploads\/2025\/01\/Captura-de-pantalla-2025-06-17-a-las-16.21.41-765x1024.png\" alt=\"\" class=\"wp-image-17124\" style=\"width:433px;height:auto\" srcset=\"https:\/\/www.monapart.com\/magazine\/wp-content\/uploads\/2025\/01\/Captura-de-pantalla-2025-06-17-a-las-16.21.41-765x1024.png 765w, https:\/\/www.monapart.com\/magazine\/wp-content\/uploads\/2025\/01\/Captura-de-pantalla-2025-06-17-a-las-16.21.41-224x300.png 224w, https:\/\/www.monapart.com\/magazine\/wp-content\/uploads\/2025\/01\/Captura-de-pantalla-2025-06-17-a-las-16.21.41-768x1029.png 768w, https:\/\/www.monapart.com\/magazine\/wp-content\/uploads\/2025\/01\/Captura-de-pantalla-2025-06-17-a-las-16.21.41-9x12.png 9w, https:\/\/www.monapart.com\/magazine\/wp-content\/uploads\/2025\/01\/Captura-de-pantalla-2025-06-17-a-las-16.21.41.png 825w\" sizes=\"auto, (max-width: 765px) 100vw, 765px\" \/><figcaption class=\"wp-element-caption\">Fotografia:&nbsp;<a href=\"https:\/\/www.instagram.com\/leila_mendez\/\" target=\"_blank\" rel=\"noopener\"><\/a><a href=\"https:\/\/www.instagram.com\/lopezgarrell\/\" target=\"_blank\" rel=\"noopener\">@lopezgarrell<\/a><\/figcaption><\/figure>\n<\/div>\n\n\n<p><\/p>\n\n\n\n<h5 class=\"wp-block-heading\"><strong>Qu\u00e8 \u00e9s el que m\u00e9s et satisf\u00e0 de la teva feina? Alg\u00fa del que et sentis especialment orgullosa?<\/strong><\/h5>\n\n\n\n<p>Sens dubte, acostar l&#039;art a la gent, acompanyar-la, fer que formi part de la vida com ho \u00e9s de la meva. Un dels lemes del Principal de C\u00f2rsega \u00e9s la frase de Degas. I aix\u00f2 \u00e9s el que intento cada dia.<\/p>\n\n\n\n<blockquote class=\"wp-block-quote is-layout-flow wp-block-quote-is-layout-flow\">\n<p><em>Degas: \u201cL&#039;art no \u00e9s el que veus, sin\u00f3 el que fas veure els altres.\u201d<\/em><\/p>\n<\/blockquote>\n\n\n\n<h5 class=\"wp-block-heading\"><strong>Com \u00e9s el teu proc\u00e9s creatiu? Quines s\u00f3n les fonts d&#039;inspiraci\u00f3? Alguna m\u00fasica especialment mentre treballes?<\/strong><\/h5>\n\n\n\n<p>M&#039;agrada treballar en silenci o, a tot estirar, amb m\u00fasica cl\u00e0ssica o els sons del bosc. Crec que el silenci es valora poc. Molt sovint, les idees arriben mentre passeig, en moments de contemplaci\u00f3 o fins i tot de dormint. Sempre les apunto a m\u00e0, a la llibreta. No concebo pensar en digital.<\/p>\n\n\n\n<h5 class=\"wp-block-heading\"><strong>Color, llibre, pel\u00b7li i disc favorits. Per aquest ordre! ;D<\/strong><\/h5>\n\n\n<div class=\"wp-block-image\">\n<figure class=\"aligncenter is-resized\"><img decoding=\"async\" src=\"https:\/\/lh7-rt.googleusercontent.com\/docsz\/AD_4nXfcQhPywSv4PGV0SJ6CLjHm83zR4421EiFrM7-V5NDie5Niuwt0szTkcg2mAb0IrZcjdRPpZnNl1U7e2Bu9yjcdvQDn6MIO5LYSGZAqOjFQ7SC620ra87mWEkOKaGmkZ28H2e0?key=UU54W93ateklfYC0iriiXg\" alt=\"El Principal de C\u00f2rsega: un pis galeria per viure l&#039;art | Monapart \" style=\"width:670px;height:auto\"\/><\/figure>\n<\/div>\n\n\n<p><\/p>\n\n\n\n<figure class=\"wp-block-image\"><img decoding=\"async\" src=\"https:\/\/lh7-rt.googleusercontent.com\/docsz\/AD_4nXckVnpnD8_Dsub5N3x8Z4eRgJmG-7WdXlaAT_5Zm5oLBzmY8Y0-KbIU8y6RSMJRlQ-y7QjPzJ1Ul1qTg0jKQn-w3HD124BQwyEh6L7rwA23Phwf5FaqFToGz-VC1951AKLi5x0S?key=UU54W93ateklfYC0iriiXg\" alt=\"El Principal de C\u00f2rsega: un pis galeria per viure l&#039;art | Monapart \"\/><figcaption class=\"wp-element-caption\">Fotografia:&nbsp;<a href=\"https:\/\/www.instagram.com\/leila_mendez\/\" target=\"_blank\" rel=\"noopener\">@leila_mendez<\/a><\/figcaption><\/figure>\n\n\n\n<p><\/p>\n\n\n\n<div class=\"wp-block-media-text is-stacked-on-mobile\" style=\"grid-template-columns:41% auto\"><figure class=\"wp-block-media-text__media\"><img loading=\"lazy\" decoding=\"async\" width=\"821\" height=\"1024\" src=\"https:\/\/www.monapart.com\/magazine\/wp-content\/uploads\/2025\/01\/El-Principal-de-Corsega_\u00a9-1-821x1024.png\" alt=\"\" class=\"wp-image-17540 size-full\" srcset=\"https:\/\/www.monapart.com\/magazine\/wp-content\/uploads\/2025\/01\/El-Principal-de-Corsega_\u00a9-1-821x1024.png 821w, https:\/\/www.monapart.com\/magazine\/wp-content\/uploads\/2025\/01\/El-Principal-de-Corsega_\u00a9-1-240x300.png 240w, https:\/\/www.monapart.com\/magazine\/wp-content\/uploads\/2025\/01\/El-Principal-de-Corsega_\u00a9-1-768x958.png 768w, https:\/\/www.monapart.com\/magazine\/wp-content\/uploads\/2025\/01\/El-Principal-de-Corsega_\u00a9-1-10x12.png 10w, https:\/\/www.monapart.com\/magazine\/wp-content\/uploads\/2025\/01\/El-Principal-de-Corsega_\u00a9-1.png 1162w\" sizes=\"auto, (max-width: 821px) 100vw, 821px\" \/><\/figure><div class=\"wp-block-media-text__content\">\n<p><strong>\u00c9s casa teva reflex de qui ets? Explica&#039;ns a qu\u00e8 fa olor, el teu rac\u00f3 favorit, el teu objecte decoratiu o moble fetitxe, si atresores alguna col\u00b7lecci\u00f3\u2026 I si tens mascota, presenta&#039;ns-la!<\/strong><\/p>\n\n\n\n<p>Les meves cases s\u00f3n el reflex fidel de la meva vida professional i personal. Col\u00b7lecciono art des de fa anys i m&#039;encanten les escultures-objecte, els llibres il\u00b7lustrats i la pintura. Al Principal intento tenir sempre flors fresques, de vegades portades de casa nostra, i les aromes que m&#039;agraden s\u00f3n les de les plantes arom\u00e0tiques \u2014s\u00e0lvia, lavanda\u2014 i els c\u00edtrics.<\/p>\n<\/div><\/div>\n\n\n\n<p><\/p>\n\n\n\n<h5 class=\"wp-block-heading\"><strong>Si poguessis comprar-te qualsevol cosa ara mateix i emportar-te-la a casa, quina seria? Qualsevol cosa!<\/strong><\/h5>\n\n\n\n<p>Una obra dart. \u00c9s l&#039;\u00fanica cosa que no deixaria de comprar mai. Em pot.<\/p>\n\n\n\n<p><strong>Un pla a casa sempre inclou\u2026<\/strong><\/p>\n\n\n\n<p>Un bon sopar fet pel meu marit, amb un bon vi, i la companyia dels meus dos fills. I despr\u00e9s, una bona pel\u00b7l\u00edcula.<\/p>\n\n\n\n<h5 class=\"wp-block-heading\"><strong>Tens algun plat estrella?<\/strong><\/h5>\n\n\n\n<p>S\u00f3c nefasta cuinant, ho reconec. Per\u00f2 tinc la sort immensa que el meu marit cuina de meravella. La paella (la seva i alguns restaurants que ens agraden) \u00e9s el meu plat favorit.<\/p>\n\n\n\n<h5 class=\"wp-block-heading\"><strong>Quin \u00e9s el teu lloc preferit a la teva ciutat? I a l&#039;estranger?<\/strong><\/h5>\n\n\n\n<p>A Barcelona, m&#039;encanten els pocs jardins del centre: el Palau Robert, els jardins de Mu\u00f1oz Ramonet, el Tur\u00f3 Park\u2026 i, per descomptat, el Parc G\u00fcell i els jardins de Montju\u00efc. Fora de la ciutat, passo molt de temps al camp, a la Conca de Barber\u00e0, on el paisatge que envolta el Monestir de Poblet em sembla el millor del m\u00f3n.<\/p>\n\n\n\n<p>I a l&#039;estranger, sempre viatjo a llocs amb parcs i jardins. Em fascinen els de Londres, la campanya anglesa, els Jardins de Luxemburg a Par\u00eds, la Proven\u00e7a, la Toscana, els llacs del nord d&#039;It\u00e0lia\u2026 Tamb\u00e9 torno sovint a ciutats patrimonials amb bons museus i centres d&#039;art: Madrid, Roma, Flandes, Portugal, el sud de Fran\u00e7a\u2026<\/p>\n\n\n\n<h5 class=\"wp-block-heading\"><strong>Cosa que ens vulguis explicar i que no t&#039;haguem preguntat. Parla ara o calla per sempre!<\/strong><\/h5>\n\n\n\n<p>Un dels millors ensenyaments que vaig rebre del meu pare \u00e9s viure sempre de la mateixa manera, tant quan les coses van b\u00e9 com quan no. El que \u00e9s important no s\u00f3n els diners, sin\u00f3 el temps. La clau \u00e9s aqu\u00ed: a tenir temps.<\/p>\n\n\n\n<h3 class=\"wp-block-heading\">Al Principal de C\u00f2rsega, S\u00f2nia Villegas ens convida no nom\u00e9s a veure l&#039;art d&#039;una manera diferent, sin\u00f3 a viure&#039;l. En aquest pis de l&#039;Eixample cada obra ens explica una hist\u00f2ria i cada rac\u00f3 ens convida a quedar-nos una estona m\u00e9s. Aqu\u00ed, l&#039;art no \u00e9s una cosa que posseeixes, sin\u00f3 una cosa que t&#039;acompanya al teu dia a dia. \u00c9s un refugi, un mirall que reflecteix la nostra ess\u00e8ncia i una conversa constant amb all\u00f2 bell i all\u00f2 important. Un punt de trobada a Barcelona que fomenta la proximitat amb els artistes i els connecta amb els qui valoren l&#039;art com a part essencial de la vida.\u00a0<\/h3>","protected":false},"excerpt":{"rendered":"<p>Descobreix El Principal de C\u00f2rsega, un pis-galeria a Barcelona on S\u00f2nia Villegas fusiona art i disseny perqu\u00e8 visquis cada obra a casa teva.<\/p>","protected":false},"author":3,"featured_media":17110,"comment_status":"closed","ping_status":"closed","sticky":false,"template":"","format":"standard","meta":{"_acf_changed":false,"footnotes":""},"categories":[2844,2846],"tags":[3254,2868,2872],"class_list":["post-17109","post","type-post","status-publish","format-standard","has-post-thumbnail","hentry","category-hogar","category-espacios-y-vida","tag-time-in","tag-arte","tag-barcelona"],"acf":[],"_links":{"self":[{"href":"https:\/\/www.monapart.com\/magazine\/ca\/wp-json\/wp\/v2\/posts\/17109","targetHints":{"allow":["GET"]}}],"collection":[{"href":"https:\/\/www.monapart.com\/magazine\/ca\/wp-json\/wp\/v2\/posts"}],"about":[{"href":"https:\/\/www.monapart.com\/magazine\/ca\/wp-json\/wp\/v2\/types\/post"}],"author":[{"embeddable":true,"href":"https:\/\/www.monapart.com\/magazine\/ca\/wp-json\/wp\/v2\/users\/3"}],"replies":[{"embeddable":true,"href":"https:\/\/www.monapart.com\/magazine\/ca\/wp-json\/wp\/v2\/comments?post=17109"}],"version-history":[{"count":43,"href":"https:\/\/www.monapart.com\/magazine\/ca\/wp-json\/wp\/v2\/posts\/17109\/revisions"}],"predecessor-version":[{"id":17554,"href":"https:\/\/www.monapart.com\/magazine\/ca\/wp-json\/wp\/v2\/posts\/17109\/revisions\/17554"}],"wp:featuredmedia":[{"embeddable":true,"href":"https:\/\/www.monapart.com\/magazine\/ca\/wp-json\/wp\/v2\/media\/17110"}],"wp:attachment":[{"href":"https:\/\/www.monapart.com\/magazine\/ca\/wp-json\/wp\/v2\/media?parent=17109"}],"wp:term":[{"taxonomy":"category","embeddable":true,"href":"https:\/\/www.monapart.com\/magazine\/ca\/wp-json\/wp\/v2\/categories?post=17109"},{"taxonomy":"post_tag","embeddable":true,"href":"https:\/\/www.monapart.com\/magazine\/ca\/wp-json\/wp\/v2\/tags?post=17109"}],"curies":[{"name":"wp","href":"https:\/\/api.w.org\/{rel}","templated":true}]}}