{"id":162,"date":"2014-06-01T00:00:00","date_gmt":"2014-05-31T22:00:00","guid":{"rendered":"https:\/\/www.monapart.com\/magazine\/?p=162"},"modified":"2025-07-29T15:50:57","modified_gmt":"2025-07-29T13:50:57","slug":"consells-per-reformar-un-pis-de-lloguer","status":"publish","type":"post","link":"https:\/\/www.monapart.com\/magazine\/ca\/consejo-inmobiliario\/consejos-para-reformar-un-piso-de-alquiler","title":{"rendered":"Consells per reformar un pis de lloguer"},"content":{"rendered":"\n<h1 class=\"wp-block-heading\">Consejos para reformar un piso de alquiler<\/h1>\n\n\n\n<h2 class=\"wp-block-heading\">Jos\u00e9 Luis Echeverr\u00eda, arquitecto y partner de <a href=\"https:\/\/www.monapart.com\/\">Monapart,<\/a> publicaba el pasado 01 de junio un art\u00edculo en el <a href=\"http:\/\/planreforma.com\/blog\/\" target=\"_blank\" rel=\"noreferrer noopener\">blog de PLAN REFORMA<\/a> sobre las preguntas que deber\u00edas de formularte antes de reformar una vivienda que quieres poner en alquiler. A continuaci\u00f3n transcribimos un extracto del texto. Si quieres leer la noticia original clica <a href=\"http:\/\/planreforma.com\/blog\/consejos-para-reformar-un-piso-de-alquiler\/\" target=\"_blank\" rel=\"noreferrer noopener\">aqu\u00ed<\/a>.<\/h2>\n\n\n<div class='post-info'>1 de juny de 2014 por <a href=\"https:\/\/www.monapart.com\/magazine\/ca\/autor\/monapart\">Monapart<\/a><\/div>\n\n\n\n<figure class=\"wp-block-image\"><img decoding=\"async\" src=\"https:\/\/magazine.monapart.com\/sites\/default\/files\/mediabrowser\/reformar-piso-para-alquilar.jpg\" alt=\"Consejos para reformar un piso de alquiler | Monapart \"\/><\/figure>\n\n\n\n<h5 class=\"wp-block-heading\"><strong>Reformar para alquilar: ELIGE TU CLIENTE<\/strong><\/h5>\n\n\n\n<p>[\u2026] La reforma que puedas o quieras hacer va a determinar qu\u00e9 futuro inquilino tengas. Por supuesto que la zona y el tama\u00f1o son el factor m\u00e1s decisivo, pero dadas esas condiciones \u201cinamovibles\u201d est\u00e1 de tu mano poner en el mercado de alquiler un producto que atraiga a un target concreto. [\u2026]<\/p>\n\n\n\n<p>Bien, ahora que sabemos que dentro de un margen, podemos seleccionar a nuestro futuro inquilino, \u00e9stas son las preguntas a (auto)formularse:<\/p>\n\n\n\n<p>1. \u00bfCu\u00e1n l\u00edquido necesito que sea mi activo? O dicho de otro modo, \u00bfpuedo permitirme no poder vender mi vivienda en los pr\u00f3ximos a\u00f1os? Dependiendo de tu previsi\u00f3n futura, la reforma que realices deber\u00e1 atraer a inquilinos de corta estancia (piso amueblado, 100% equipado, para gente joven en particular singles y extranjeros) o de larga (piso vac\u00edo, equipado o no, dejando mejoras posibles a pactar con el inquilino)<\/p>\n\n\n\n<p>2. \u00bfCu\u00e1l es mi perfil de riesgo? \u00bfQuiero clientes que paguen m\u00e1s, pero con mayor rotaci\u00f3n (mayor riesgo-mayor rentabilidad) o prefiero que me paguen menos, pero que no se muevan en 10 a\u00f1os? \u00bfQu\u00e9 desea alquilar uno y otro?<\/p>\n\n\n\n<p>3. \u00bfPuedo o quiero invertir m\u00e1s y por tanto ser exigente con las condiciones del alquiler, o prefiero invertir menos y competir por precio, atrayendo a gente que puede pagar menos? [\u2026]<\/p>\n","protected":false},"excerpt":{"rendered":"<p>Jos\u00e9 Luis Echeverr\u00eda, arquitecte i partner de Monapart, publicava el passat 01 de juny un article al bloc de PLA REFORMA sobre les preguntes que t&#039;hauries de formular abans de reformar un pis que vols posar de lloguer. A continuaci\u00f3 transcrivim un extracte del text. Si vols llegir la not\u00edcia original clica aqu\u00ed.<\/p>","protected":false},"author":3,"featured_media":163,"comment_status":"closed","ping_status":"closed","sticky":false,"template":"","format":"standard","meta":{"_acf_changed":false,"footnotes":""},"categories":[3268],"tags":[],"class_list":["post-162","post","type-post","status-publish","format-standard","has-post-thumbnail","hentry","category-consejo-inmobiliario"],"acf":[],"_links":{"self":[{"href":"https:\/\/www.monapart.com\/magazine\/ca\/wp-json\/wp\/v2\/posts\/162","targetHints":{"allow":["GET"]}}],"collection":[{"href":"https:\/\/www.monapart.com\/magazine\/ca\/wp-json\/wp\/v2\/posts"}],"about":[{"href":"https:\/\/www.monapart.com\/magazine\/ca\/wp-json\/wp\/v2\/types\/post"}],"author":[{"embeddable":true,"href":"https:\/\/www.monapart.com\/magazine\/ca\/wp-json\/wp\/v2\/users\/3"}],"replies":[{"embeddable":true,"href":"https:\/\/www.monapart.com\/magazine\/ca\/wp-json\/wp\/v2\/comments?post=162"}],"version-history":[{"count":2,"href":"https:\/\/www.monapart.com\/magazine\/ca\/wp-json\/wp\/v2\/posts\/162\/revisions"}],"predecessor-version":[{"id":18350,"href":"https:\/\/www.monapart.com\/magazine\/ca\/wp-json\/wp\/v2\/posts\/162\/revisions\/18350"}],"wp:featuredmedia":[{"embeddable":true,"href":"https:\/\/www.monapart.com\/magazine\/ca\/wp-json\/wp\/v2\/media\/163"}],"wp:attachment":[{"href":"https:\/\/www.monapart.com\/magazine\/ca\/wp-json\/wp\/v2\/media?parent=162"}],"wp:term":[{"taxonomy":"category","embeddable":true,"href":"https:\/\/www.monapart.com\/magazine\/ca\/wp-json\/wp\/v2\/categories?post=162"},{"taxonomy":"post_tag","embeddable":true,"href":"https:\/\/www.monapart.com\/magazine\/ca\/wp-json\/wp\/v2\/tags?post=162"}],"curies":[{"name":"wp","href":"https:\/\/api.w.org\/{rel}","templated":true}]}}