{"id":16172,"date":"2025-04-14T15:30:42","date_gmt":"2025-04-14T13:30:42","guid":{"rendered":"https:\/\/magazine.monapart.iquadrat.com\/?p=16172"},"modified":"2026-01-29T12:49:08","modified_gmt":"2026-01-29T11:49:08","slug":"marti-ardanaz-bioconstruccion-fang-i-bona-musica","status":"publish","type":"post","link":"https:\/\/www.monapart.com\/magazine\/ca\/hogar\/marti-ardanaz-bioconstruccion-barro-y-buena-musica","title":{"rendered":"Mart\u00ed Ardanaz: bioconstrucci\u00f3, fang i bona m\u00fasica"},"content":{"rendered":"<h1 class=\"wp-block-heading\"><strong>Mart\u00ed Ardanaz: bioconstrucci\u00f3, fang i bona m\u00fasica<\/strong><\/h1>\n\n\n\n<div class=\"wp-block-group post-header\"><div class=\"wp-block-group__inner-container is-layout-constrained wp-block-group-is-layout-constrained\">\n<h2 class=\"wp-block-heading\">De Nicaragua a l&#039;Empord\u00e0, viatgem entre cultures, materials naturals i maneres m\u00e9s humanes de viure.<\/h2>\n\n\n<div class='post-info'>14 d&#039;abril del 2025 per <a href='https:\/\/www.monapart.com\/magazine\/ca\/autor\/claudia-romero'>Claudia Romero<\/a><\/div>\n\n\n\n<figure class=\"wp-block-image size-large\"><img loading=\"lazy\" decoding=\"async\" width=\"1024\" height=\"512\" src=\"https:\/\/magazine.monapart.iquadrat.com\/wp-content\/uploads\/2025\/04\/Stylish-Aesthetic-Summer-Photo-Collage-Banner-1024x512.png\" alt=\"Mart\u00ed Ardanaz: bioconstrucci\u00f3, fang i bona m\u00fasica | Monapart \" class=\"wp-image-16173\" style=\"aspect-ratio:16\/9;object-fit:cover\" srcset=\"https:\/\/www.monapart.com\/magazine\/wp-content\/uploads\/2025\/04\/Stylish-Aesthetic-Summer-Photo-Collage-Banner-1024x512.png 1024w, https:\/\/www.monapart.com\/magazine\/wp-content\/uploads\/2025\/04\/Stylish-Aesthetic-Summer-Photo-Collage-Banner-300x150.png 300w, https:\/\/www.monapart.com\/magazine\/wp-content\/uploads\/2025\/04\/Stylish-Aesthetic-Summer-Photo-Collage-Banner-768x384.png 768w, https:\/\/www.monapart.com\/magazine\/wp-content\/uploads\/2025\/04\/Stylish-Aesthetic-Summer-Photo-Collage-Banner-1536x768.png 1536w, https:\/\/www.monapart.com\/magazine\/wp-content\/uploads\/2025\/04\/Stylish-Aesthetic-Summer-Photo-Collage-Banner-2048x1024.png 2048w\" sizes=\"auto, (max-width: 1024px) 100vw, 1024px\" \/><\/figure>\n\n\n\n<h3 class=\"wp-block-heading\"><em><span class=\"class-h3\">Arquitecte, m\u00fasic, cuiner d&#039;arrossos caldosos i constructor de cases que respiren. Fa anys que Mart\u00ed Ardanaz conrea una forma d&#039;habitar m\u00e9s humana, m\u00e9s natural i m\u00e9s connectada amb l&#039;entorn. El seu estudi, <\/span><\/em><a href=\"https:\/\/bioconstructiva.cat\" target=\"_blank\" rel=\"noopener\"><span class=\"class-h3\"><em>La BioConstructiva,<\/em><\/span><\/a><em><span class=\"class-h3\">fusiona bioconstrucci\u00f3 i disseny contemporani. En aquesta entrevista parlem de fang, de viatges, de cases ress\u00f2 i de can\u00e7ons.<\/span><\/em><\/h3>\n\n\n\n<p>Al costat de <a href=\"https:\/\/www.monapart.com\/ca\/agents\/lluis-amat\">Llu\u00eds Amat<\/a>, de Monapart, Mart\u00ed forma part de Biosingulars, una alian\u00e7a nascuda de la trobada entre persones que comparteixen una mateixa manera d&#039;entendre la vivenda: llars sostenibles i en sintonia amb el paisatge. Els uneix la passi\u00f3 pel que fan, el respecte per l&#039;entorn i les ganes de construir una cosa que de deb\u00f2 millori la vida dels qui l&#039;habiten. Aquesta \u00e9s l&#039;ess\u00e8ncia de <a href=\"https:\/\/www.instagram.com\/biosingulars\/\" target=\"_blank\" rel=\"noopener\">Biosingulars.<\/a><\/p>\n<\/div><\/div>\n\n\n\n<div class=\"wp-block-group\"><div class=\"wp-block-group__inner-container is-layout-constrained wp-block-group-is-layout-constrained\">\n<div class=\"wp-block-columns is-layout-flex wp-container-core-columns-is-layout-9d6595d7 wp-block-columns-is-layout-flex\">\n<div class=\"wp-block-column is-layout-flow wp-block-column-is-layout-flow\" style=\"flex-basis:40%\">\n<blockquote class=\"wp-block-quote is-layout-flow wp-block-quote-is-layout-flow\">\n<p>\u201cNom\u00e9s em dedico a dues coses en aquesta vida: cases i can\u00e7ons\u201d.<\/p>\n<\/blockquote>\n<\/div>\n\n\n\n<div class=\"wp-block-column is-layout-flow wp-block-column-is-layout-flow\" style=\"flex-basis:60%\">\n<h2 class=\"wp-block-heading has-medium-font-size\"><br><strong>Com va comen\u00e7ar tot? On va n\u00e9ixer la teva vocaci\u00f3?<\/strong><\/h2>\n\n\n\n<p>Estudiava arquitectura per\u00f2 necessitava sortir de l&#039;aula. Aix\u00ed que un any vaig parar i me&#039;n vaig anar de viatge amb la motxilla. Primer per Europa, despr\u00e9s per \u00c0sia, fins que vaig aterrar a Nicaragua. All\u00ed, gr\u00e0cies a una ONG, vaig construir el meu primer projecte: l?ampliaci\u00f3 d?un alberg per a cooperants catalans. Pura intu\u00efci\u00f3. Pura mat\u00e8ria.<\/p>\n<\/div>\n<\/div>\n<\/div><\/div>\n\n\n\n<div class=\"wp-block-group\"><div class=\"wp-block-group__inner-container is-layout-constrained wp-block-group-is-layout-constrained\">\n<h2 class=\"wp-block-heading has-medium-font-size\"><strong>I aqu\u00ed vas comen\u00e7ar a construir\u2026 literalment i simb\u00f2licament?<\/strong><\/h2>\n\n\n\n<p>S\u00ed. Va ser el primer contacte real amb l?obra. Col\u00b7locar maons amb les mans, entenent els materials des del cos. D&#039;aquesta experi\u00e8ncia va n\u00e9ixer <em>Re-Cooperar<\/em>, un col\u00b7lectiu que vaig fundar amb amics per desenvolupar projectes entre Nicaragua i Barcelona.<\/p>\n\n\n\n<figure class=\"wp-block-image size-large\"><img loading=\"lazy\" decoding=\"async\" width=\"1024\" height=\"768\" src=\"https:\/\/magazine.monapart.iquadrat.com\/wp-content\/uploads\/2025\/04\/IMG20220617112851-1-1024x768.jpg\" alt=\"Mart\u00ed Ardanaz: bioconstrucci\u00f3, fang i bona m\u00fasica | Monapart \" class=\"wp-image-16198\" srcset=\"https:\/\/www.monapart.com\/magazine\/wp-content\/uploads\/2025\/04\/IMG20220617112851-1-1024x768.jpg 1024w, https:\/\/www.monapart.com\/magazine\/wp-content\/uploads\/2025\/04\/IMG20220617112851-1-300x225.jpg 300w, https:\/\/www.monapart.com\/magazine\/wp-content\/uploads\/2025\/04\/IMG20220617112851-1-768x576.jpg 768w, https:\/\/www.monapart.com\/magazine\/wp-content\/uploads\/2025\/04\/IMG20220617112851-1-1536x1152.jpg 1536w, https:\/\/www.monapart.com\/magazine\/wp-content\/uploads\/2025\/04\/IMG20220617112851-1-2048x1536.jpg 2048w\" sizes=\"auto, (max-width: 1024px) 100vw, 1024px\" \/><\/figure>\n\n\n\n<h2 class=\"wp-block-heading has-medium-font-size\"><strong><br>Quan apareix la bioconstrucci\u00f3?<\/strong><\/h2>\n\n\n\n<p>En el meu segon projecte a Nicaragua vaig descobrir el bamb\u00fa com a material estructural. Em va fascinar. A partir d&#039;aqu\u00ed vaig seguir el seu rastre fins a Col\u00f2mbia i despr\u00e9s al Brasil, on vaig fundar <em>Re-Arq<\/em>, centrat en t\u00e8cniques de bioconstrucci\u00f3. All\u00e0 s\u00ed, ja estava ficat fins al coll a terra, fusta i cal\u00e7.<\/p>\n<\/div><\/div>\n\n\n\n<div class=\"wp-block-group extended-image-group\"><div class=\"wp-block-group__inner-container is-layout-constrained wp-block-group-is-layout-constrained\">\n<div class=\"wp-block-columns is-layout-flex wp-container-core-columns-is-layout-9d6595d7 wp-block-columns-is-layout-flex\">\n<div class=\"wp-block-column is-layout-flow wp-block-column-is-layout-flow\">\n<figure class=\"wp-block-image size-large\"><img loading=\"lazy\" decoding=\"async\" width=\"1024\" height=\"768\" src=\"https:\/\/magazine.monapart.iquadrat.com\/wp-content\/uploads\/2025\/04\/bioconstructiva_prefab_07-1024x768.jpg\" alt=\"Mart\u00ed Ardanaz: bioconstrucci\u00f3, fang i bona m\u00fasica | Monapart \" class=\"wp-image-16175\" style=\"aspect-ratio:1;object-fit:cover\" srcset=\"https:\/\/www.monapart.com\/magazine\/wp-content\/uploads\/2025\/04\/bioconstructiva_prefab_07-1024x768.jpg 1024w, https:\/\/www.monapart.com\/magazine\/wp-content\/uploads\/2025\/04\/bioconstructiva_prefab_07-300x225.jpg 300w, https:\/\/www.monapart.com\/magazine\/wp-content\/uploads\/2025\/04\/bioconstructiva_prefab_07-768x576.jpg 768w, https:\/\/www.monapart.com\/magazine\/wp-content\/uploads\/2025\/04\/bioconstructiva_prefab_07-1536x1152.jpg 1536w, https:\/\/www.monapart.com\/magazine\/wp-content\/uploads\/2025\/04\/bioconstructiva_prefab_07-2048x1536.jpg 2048w\" sizes=\"auto, (max-width: 1024px) 100vw, 1024px\" \/><\/figure>\n<\/div>\n\n\n\n<div class=\"wp-block-column is-layout-flow wp-block-column-is-layout-flow\">\n<figure class=\"wp-block-image size-large\"><img loading=\"lazy\" decoding=\"async\" width=\"1024\" height=\"1001\" src=\"https:\/\/magazine.monapart.iquadrat.com\/wp-content\/uploads\/2025\/04\/1742474234565-1024x1001.jpg\" alt=\"Mart\u00ed Ardanaz: bioconstrucci\u00f3, fang i bona m\u00fasica | Monapart \" class=\"wp-image-16176\" style=\"aspect-ratio:1;object-fit:cover\" srcset=\"https:\/\/www.monapart.com\/magazine\/wp-content\/uploads\/2025\/04\/1742474234565-1024x1001.jpg 1024w, https:\/\/www.monapart.com\/magazine\/wp-content\/uploads\/2025\/04\/1742474234565-300x293.jpg 300w, https:\/\/www.monapart.com\/magazine\/wp-content\/uploads\/2025\/04\/1742474234565-768x751.jpg 768w, https:\/\/www.monapart.com\/magazine\/wp-content\/uploads\/2025\/04\/1742474234565.jpg 1080w\" sizes=\"auto, (max-width: 1024px) 100vw, 1024px\" \/><\/figure>\n<\/div>\n\n\n\n<div class=\"wp-block-column is-layout-flow wp-block-column-is-layout-flow\">\n<figure class=\"wp-block-image size-large\"><img loading=\"lazy\" decoding=\"async\" width=\"1001\" height=\"1024\" src=\"https:\/\/magazine.monapart.iquadrat.com\/wp-content\/uploads\/2025\/04\/1742474234402-1001x1024.jpg\" alt=\"Mart\u00ed Ardanaz: bioconstrucci\u00f3, fang i bona m\u00fasica | Monapart \" class=\"wp-image-16177\" style=\"aspect-ratio:1;object-fit:cover\" srcset=\"https:\/\/www.monapart.com\/magazine\/wp-content\/uploads\/2025\/04\/1742474234402-1001x1024.jpg 1001w, https:\/\/www.monapart.com\/magazine\/wp-content\/uploads\/2025\/04\/1742474234402-293x300.jpg 293w, https:\/\/www.monapart.com\/magazine\/wp-content\/uploads\/2025\/04\/1742474234402-768x786.jpg 768w, https:\/\/www.monapart.com\/magazine\/wp-content\/uploads\/2025\/04\/1742474234402.jpg 1037w\" sizes=\"auto, (max-width: 1001px) 100vw, 1001px\" \/><\/figure>\n<\/div>\n<\/div>\n\n\n\n<p class=\"has-text-align-center pie-de-foto\"><\/p>\n<\/div><\/div>\n\n\n\n<div class=\"wp-block-group\"><div class=\"wp-block-group__inner-container is-layout-constrained wp-block-group-is-layout-constrained\">\n<h2 class=\"wp-block-heading has-medium-font-size\"><strong>I aix\u00ed neix La BioConstructiva?<\/strong><\/h2>\n\n\n\n<p>Exacte. Despr\u00e9s d&#039;anys al Brasil, en tornar a l&#039;Empord\u00e0, vaig fundar La BioConstructiva amb una idea molt clara: aplicar els principis de la bioconstrucci\u00f3 sense renunciar al disseny contemporani. Fer cases boniques, eficients i sobretot, humanes.<\/p>\n\n\n\n<p class=\"has-medium-font-size\"><br><strong>Ens comptes algun projecte especial?<\/strong><\/p>\n\n\n\n<p>Un que resumeix for\u00e7a b\u00e9 tot el que intento \u00e9s la Casa A&amp;M a Girona. T\u00e9 320 m\u00b2 i combina murs de t\u00e0pia, bales de palla, cal\u00e7, fusta, formig\u00f3, fusteries de castanyer, plaques fotovoltaiques i aerot\u00e8rmia. Tot pensat des d\u00b4una l\u00f2gica bioclim\u00e0tica. Cada decisi\u00f3 t\u00e9 un perqu\u00e8.<\/p>\n<\/div><\/div>\n\n\n\n<figure class=\"wp-block-image size-large\"><img loading=\"lazy\" decoding=\"async\" width=\"1024\" height=\"766\" src=\"https:\/\/magazine.monapart.iquadrat.com\/wp-content\/uploads\/2025\/04\/1742474235134-1024x766.jpg\" alt=\"Mart\u00ed Ardanaz: bioconstrucci\u00f3, fang i bona m\u00fasica | Monapart \" class=\"wp-image-16178\" srcset=\"https:\/\/www.monapart.com\/magazine\/wp-content\/uploads\/2025\/04\/1742474235134-1024x766.jpg 1024w, https:\/\/www.monapart.com\/magazine\/wp-content\/uploads\/2025\/04\/1742474235134-300x224.jpg 300w, https:\/\/www.monapart.com\/magazine\/wp-content\/uploads\/2025\/04\/1742474235134-768x574.jpg 768w, https:\/\/www.monapart.com\/magazine\/wp-content\/uploads\/2025\/04\/1742474235134-1536x1149.jpg 1536w, https:\/\/www.monapart.com\/magazine\/wp-content\/uploads\/2025\/04\/1742474235134-2048x1532.jpg 2048w\" sizes=\"auto, (max-width: 1024px) 100vw, 1024px\" \/><\/figure>\n\n\n\n<figure class=\"wp-block-image size-large\"><img loading=\"lazy\" decoding=\"async\" width=\"1024\" height=\"768\" src=\"https:\/\/magazine.monapart.iquadrat.com\/wp-content\/uploads\/2025\/04\/IMG20220617112917-1024x768.jpg\" alt=\"Mart\u00ed Ardanaz: bioconstrucci\u00f3, fang i bona m\u00fasica | Monapart \" class=\"wp-image-16180\" srcset=\"https:\/\/www.monapart.com\/magazine\/wp-content\/uploads\/2025\/04\/IMG20220617112917-1024x768.jpg 1024w, https:\/\/www.monapart.com\/magazine\/wp-content\/uploads\/2025\/04\/IMG20220617112917-300x225.jpg 300w, https:\/\/www.monapart.com\/magazine\/wp-content\/uploads\/2025\/04\/IMG20220617112917-768x576.jpg 768w, https:\/\/www.monapart.com\/magazine\/wp-content\/uploads\/2025\/04\/IMG20220617112917-1536x1152.jpg 1536w, https:\/\/www.monapart.com\/magazine\/wp-content\/uploads\/2025\/04\/IMG20220617112917-2048x1536.jpg 2048w\" sizes=\"auto, (max-width: 1024px) 100vw, 1024px\" \/><\/figure>\n\n\n\n<figure class=\"wp-block-image size-large\"><img loading=\"lazy\" decoding=\"async\" width=\"1024\" height=\"766\" src=\"https:\/\/magazine.monapart.iquadrat.com\/wp-content\/uploads\/2025\/04\/1742474234986-1024x766.jpg\" alt=\"Mart\u00ed Ardanaz: bioconstrucci\u00f3, fang i bona m\u00fasica | Monapart \" class=\"wp-image-16181\" srcset=\"https:\/\/www.monapart.com\/magazine\/wp-content\/uploads\/2025\/04\/1742474234986-1024x766.jpg 1024w, https:\/\/www.monapart.com\/magazine\/wp-content\/uploads\/2025\/04\/1742474234986-300x224.jpg 300w, https:\/\/www.monapart.com\/magazine\/wp-content\/uploads\/2025\/04\/1742474234986-768x574.jpg 768w, https:\/\/www.monapart.com\/magazine\/wp-content\/uploads\/2025\/04\/1742474234986-1536x1149.jpg 1536w, https:\/\/www.monapart.com\/magazine\/wp-content\/uploads\/2025\/04\/1742474234986-2048x1532.jpg 2048w\" sizes=\"auto, (max-width: 1024px) 100vw, 1024px\" \/><\/figure>\n\n\n\n<h2 class=\"wp-block-heading has-medium-font-size\"><strong>Quins materials o t\u00e8cniques t&#039;agrada explorar darrerament?<\/strong><\/h2>\n\n\n\n<p>He treballat amb BTC, cel\u00b7lulosa, suro, cobertes verdes, a\u00efllament de c\u00e0nem i cal\u00e7\u2026 En una de les \u00faltimes cases fem servir panells prefabricats amb c\u00e0nem i cal\u00e7 en una <em>tiny house<\/em> de 50 m\u00b2 (+ altell). M&#039;interessa tot all\u00f2 que \u00e9s modular, natural i eficient.<\/p>\n\n\n\n<h2 class=\"wp-block-heading has-medium-font-size\"><strong>Qu\u00e8 us inspira?<\/strong><\/h2>\n\n\n\n<p>El fang, Wright, Kahn, Anna Heringer, Ker\u00e9, els sabers populars. Per\u00f2 tamb\u00e9 la m\u00fasica. Tinc un projecte que es diu <strong>Ser \u00b7 T\u00e3o<\/strong>, on barrejo electr\u00f2nica amb sons populars brasilers. \u00c9s una altra manera de construir.<\/p>\n\n\n\n<div class=\"wp-block-group\"><div class=\"wp-block-group__inner-container is-layout-constrained wp-block-group-is-layout-constrained\">\n<h2 class=\"wp-block-heading has-medium-font-size\">Color, llibre, pel\u00b7li i disc favorits. Per aquest ordre! ;D<\/h2>\n\n\n\n<ul class=\"wp-block-list\">\n<li>El color, sens dubte, el <strong>verd oliva<\/strong>. El faig servir molt en fusteries i cuines. T\u00e9 una mica de c\u00e0lid i natural que combina molt b\u00e9 amb parets blanques de cal\u00e7 o amb l&#039;est\u00e8tica marm\u00f2ria dels murs de t\u00e0pia.<\/li>\n\n\n\n<li>De pel\u00b7l\u00edcula\u2026 costa triar-ne una, per\u00f2 diria \u201c<strong>Fitzcarraldo\u201d<\/strong> d&#039;Herzog amb Klaus Kinski. Encara que tot Kubrick, el primer Kurosawa o el Tarkovski de <em>Sacrifici<\/em> tamb\u00e9 em marquen. \u00daltimament veig moltes s\u00e8ries, i la darrera que m&#039;ha tocat \u00e9s <em>So long Marianne<\/em>, sobre la vida de Leonard Cohen a la illa grega d&#039;Hidra.<\/li>\n\n\n\n<li>I discos\u2026 els que escoltes des del principi fins al final sense saltar-te una can\u00e7\u00f3: <em>Ziggy Stardust<\/em> de David Bowie, <em>Grace<\/em> de Jeff Buckley, <em>After Hours<\/em> de Nina Simone, <em>Construc\u00e7\u00e3o<\/em> de Chico Buarque, <em>1972<\/em> de Cartola, <em>The New Abnormal<\/em> de The Strokes\u2026 I despr\u00e9s hi ha Mozart, \u00e9s clar. La seva <em>R\u00e8quiem<\/em> no t\u00e9 cap rival.<\/li>\n<\/ul>\n\n\n\n<h2 class=\"wp-block-heading has-medium-font-size\">Com \u00e9s casa teva? Et representa?<\/h2>\n\n\n\n<p>Ara visc a Rupi\u00e0, a la casa familiar. Hi ha piano, llibres, xemeneia i un petit estudi d&#039;enregistrament. Visc amb la meva mare i amb la Gea, la seva gossa, que \u00e9s part del paisatge. De vegades imagino tenir una vedella per fer-me el caf\u00e8 amb la llet. De moment, amb somiar prou.<\/p>\n\n\n<div class=\"wp-block-image\">\n<figure class=\"aligncenter size-full is-resized\"><img loading=\"lazy\" decoding=\"async\" width=\"600\" height=\"400\" src=\"https:\/\/magazine.monapart.iquadrat.com\/wp-content\/uploads\/2024\/02\/las-afueras-de-monells-1.jpg\" alt=\"Mart\u00ed Ardanaz: bioconstrucci\u00f3, fang i bona m\u00fasica | Monapart \" class=\"wp-image-16202\" style=\"width:435px;height:auto\" srcset=\"https:\/\/www.monapart.com\/magazine\/wp-content\/uploads\/2024\/02\/las-afueras-de-monells-1.jpg 600w, https:\/\/www.monapart.com\/magazine\/wp-content\/uploads\/2024\/02\/las-afueras-de-monells-1-300x200.jpg 300w\" sizes=\"auto, (max-width: 600px) 100vw, 600px\" \/><\/figure>\n<\/div><\/div><\/div>\n\n\n\n<h2 class=\"wp-block-heading has-medium-font-size\"><strong>Un termini a casa?<\/strong><\/h2>\n\n\n\n<div class=\"wp-block-group\"><div class=\"wp-block-group__inner-container is-layout-constrained wp-block-group-is-layout-constrained\">\n<p>Cuinar un arr\u00f2s cald\u00f3s, posar un bon disc \u2014Ziggy Stardust, Grace, qualsevol <em>Tiny Desk<\/em>\u2014, i rebre amics. A casa meva sempre hi ha m\u00fasica, gent, menjar\u2026 i aquesta energia que nom\u00e9s \u00e9s on un viu de deb\u00f2.<\/p>\n\n\n\n<figure class=\"wp-block-embed is-type-rich is-provider-spotify wp-block-embed-spotify wp-embed-aspect-21-9 wp-has-aspect-ratio\"><div class=\"wp-block-embed__wrapper\">\n<iframe title=\"Spotify Embed: Rise and Fall of Ziggy Stardust and Spiders from Mars (2012 Remaster)\" style=\"border-radius: 12px\" width=\"100%\" height=\"352\" frameborder=\"0\" allowfullscreen allow=\"autoplay; clipboard-write; encrypted-media; fullscreen; picture-in-picture\" loading=\"lazy\" src=\"https:\/\/open.spotify.com\/embed\/album\/48D1hRORqJq52qsnUYZX56?si=sQFJ6s52Td2KqTBwwMeKjw&amp;utm_source=oembed\"><\/iframe>\n<\/div><\/figure>\n\n\n\n<h2 class=\"wp-block-heading has-medium-font-size\"><strong>Et queda alguna casa per construir?<\/strong><\/h2>\n\n\n\n<p>La meva. Somnio amb una casa a l&#039;Empord\u00e0 que reuneixi tot el que s&#039;ha apr\u00e8s. Que sigui un manifest habitable. Encara no existeix, per\u00f2 l&#039;estic pensant des de fa anys. Ser\u00e0 petita, amb materials naturals, maca i molt viva.<\/p>\n\n\n\n<h3 class=\"wp-block-heading\"><em><span class=\"class-h3\">Mart\u00ed encara no ha constru\u00eft casa seva somiada, per\u00f2 s\u00ed que ha constru\u00eft una manera d&#039;habitar. Una manera de ser al m\u00f3n que respira amb l&#039;entorn, que escolta el ritme del cos i que fa olor de bamb\u00fa. En aquest article, hi ha una idea que ho travessa tot: que viure b\u00e9 no \u00e9s tenir-ne m\u00e9s, sin\u00f3 habitar millor.<\/span><\/em><\/h3>\n<\/div><\/div>","protected":false},"excerpt":{"rendered":"<p>Arquitecte, m\u00fasic, cuiner d&#039;arrossos caldosos i constructor de cases que respiren. Fa anys que Mart\u00ed Ardanaz conrea una forma d&#039;habitar m\u00e9s humana, m\u00e9s natural i m\u00e9s connectada amb l&#039;entorn. El seu estudi, La BioConstructiva, fusiona bioconstrucci\u00f3 i disseny contemporani. En aquesta entrevista parlem de fang, de viatges, de cases ress\u00f2 i de can\u00e7ons.<\/p>","protected":false},"author":11,"featured_media":16396,"comment_status":"closed","ping_status":"closed","sticky":false,"template":"","format":"standard","meta":{"_acf_changed":false,"footnotes":""},"categories":[2844,2848],"tags":[3008],"class_list":["post-16172","post","type-post","status-publish","format-standard","has-post-thumbnail","hentry","category-hogar","category-hogar-eco","tag-sostenibilidad"],"acf":[],"_links":{"self":[{"href":"https:\/\/www.monapart.com\/magazine\/ca\/wp-json\/wp\/v2\/posts\/16172","targetHints":{"allow":["GET"]}}],"collection":[{"href":"https:\/\/www.monapart.com\/magazine\/ca\/wp-json\/wp\/v2\/posts"}],"about":[{"href":"https:\/\/www.monapart.com\/magazine\/ca\/wp-json\/wp\/v2\/types\/post"}],"author":[{"embeddable":true,"href":"https:\/\/www.monapart.com\/magazine\/ca\/wp-json\/wp\/v2\/users\/11"}],"replies":[{"embeddable":true,"href":"https:\/\/www.monapart.com\/magazine\/ca\/wp-json\/wp\/v2\/comments?post=16172"}],"version-history":[{"count":18,"href":"https:\/\/www.monapart.com\/magazine\/ca\/wp-json\/wp\/v2\/posts\/16172\/revisions"}],"predecessor-version":[{"id":20284,"href":"https:\/\/www.monapart.com\/magazine\/ca\/wp-json\/wp\/v2\/posts\/16172\/revisions\/20284"}],"wp:featuredmedia":[{"embeddable":true,"href":"https:\/\/www.monapart.com\/magazine\/ca\/wp-json\/wp\/v2\/media\/16396"}],"wp:attachment":[{"href":"https:\/\/www.monapart.com\/magazine\/ca\/wp-json\/wp\/v2\/media?parent=16172"}],"wp:term":[{"taxonomy":"category","embeddable":true,"href":"https:\/\/www.monapart.com\/magazine\/ca\/wp-json\/wp\/v2\/categories?post=16172"},{"taxonomy":"post_tag","embeddable":true,"href":"https:\/\/www.monapart.com\/magazine\/ca\/wp-json\/wp\/v2\/tags?post=16172"}],"curies":[{"name":"wp","href":"https:\/\/api.w.org\/{rel}","templated":true}]}}