{"id":15609,"date":"2024-01-01T11:14:00","date_gmt":"2024-01-01T10:14:00","guid":{"rendered":"https:\/\/www.monapart.com\/magazine\/?post_type=mnprt_news_article&#038;p=15609"},"modified":"2025-08-06T15:40:23","modified_gmt":"2025-08-06T13:40:23","slug":"nuria-blanc-quan-cada-plat-te-la-seva-historia","status":"publish","type":"post","link":"https:\/\/www.monapart.com\/magazine\/ca\/hogar\/nuria-blanco-cuando-cada-plato-tiene-su-historia","title":{"rendered":"Nuria Blanco, quan cada plat t\u00e9 la seva hist\u00f2ria"},"content":{"rendered":"<h1 class=\"wp-block-heading\">Nuria Blanco, quan cada plat t\u00e9 la seva hist\u00f2ria<\/h1>\n\n\n\n<h2 class=\"wp-block-heading\">Una destacada artista que, des del taller de cer\u00e0mica, crea vaixelles pintades a m\u00e0.<\/h2>\n\n\n<div class='post-info'>1 de gener de 2024 per <a href='https:\/\/www.monapart.com\/magazine\/ca\/autor\/olgasala'>Olga Sala<\/a><\/div>\n\n\n\n<p><\/p>\n\n\n\n<figure class=\"wp-block-image\"><img decoding=\"async\" src=\"https:\/\/magazine.monapart.com\/sites\/default\/files\/styles\/scale_960xn_\/public\/mediabrowser\/nuria-blanco-taller-ceramica-pintada-a-mano.jpg?itok=QEC5WIfa\" alt=\"Nuria Blanco, quan cada plat t\u00e9 la hist\u00f2ria | Monapart \"\/><\/figure>\n\n\n\n<h3 class=\"wp-block-heading\">Nuria va n\u00e9ixer a Madrid fa poc m\u00e9s de 40 anys, i despr\u00e9s de finalitzar els seus estudis de Belles Arts a la Complutense, especialitzant-se en Gravat i Estampaci\u00f3, no ha deixat d&#039;experimentar amb el dibuix, el gravat, la pintura, la fotografia\u2026 Al llarg dels anys, ha sorpr\u00e8s amb exposicions notables i ha rebut nombrosos reconeixements per les seves precioses peces de cer\u00e0mica.<\/h3>\n\n\n\n<p>En aquesta entrevista, parlem amb ella sobre aquestes deries fetes cer\u00e0mica, que \u00e9s el seu tema, i entrem una mica a casa, que \u00e9s el nostre.&nbsp;<\/p>\n\n\n\n<h5 class=\"wp-block-heading has-medium-font-size\">Parla&#039;ns dels teus inicis. On va n\u00e9ixer la teva vocaci\u00f3?<\/h5>\n\n\n\n<p>Des de ben petita ja m&#039;encantava dibuixar. El meu pare cada diumenge em portava a un museu diferent i recordo la meva fascinaci\u00f3 per les pintures del Museu del Prado o la meva primera exposici\u00f3 de Monet a la Fundaci\u00f3 Juan March. Per\u00f2 qui va animar els meus pares a apuntar-me a classes de pintura amb tan sols 8 anys va ser la meva professora de l&#039;escola Maria Fernanda\u2026<\/p>\n\n\n\n<h5 class=\"wp-block-heading has-medium-font-size\">Qu\u00e8 \u00e9s el que m\u00e9s et satisf\u00e0 de la teva feina com a ceramista? Alg\u00fa del que et sentis especialment orgullosa?<\/h5>\n\n\n\n<p>M&#039;encanta veure la meva feina exposada en una taula ben muntada o en una paret despr\u00e9s de fer un mural de plats personalitzat. Dels treballs que m\u00e9s orgullosa em sento s\u00f3n els murals de grans dimensions que vaig fer per als restaurants Jaleo de Jos\u00e9 Andr\u00e9s als Estats Units i Casa Macareno a Madrid, o un de 5 metres per a una casa a M\u00e8xic i un altre de molt especial que explicava la hist\u00f2ria d&#039;amor dels meus clients i que est\u00e0 penjat a la seva cuina.<\/p>\n\n\n\n<p>Em diverteix fer composicions de molts plats que van units creant un dibuix.<\/p>\n\n\n\n<figure class=\"wp-block-image\"><img decoding=\"async\" src=\"https:\/\/magazine.monapart.com\/sites\/default\/files\/styles\/scale_960xn_\/public\/mediabrowser\/nuria-blanco-mural-ceramica-restaurante-jaleo-jose-andres.jpg?itok=cN7eyQwC\" alt=\"Nuria Blanco, quan cada plat t\u00e9 la hist\u00f2ria | Monapart \"\/><\/figure>\n\n\n\n<figure class=\"wp-block-image\"><img decoding=\"async\" src=\"https:\/\/magazine.monapart.com\/sites\/default\/files\/styles\/scale_960xn_\/public\/mediabrowser\/nuria-blanco-ceramista-entrevista-monapart.jpg?itok=giwmF0Pa\" alt=\"Nuria Blanco, quan cada plat t\u00e9 la hist\u00f2ria | Monapart \"\/><\/figure>\n\n\n\n<h5 class=\"wp-block-heading has-medium-font-size\">Com \u00e9s el teu proc\u00e9s creatiu? Quines s\u00f3n les fonts d&#039;inspiraci\u00f3? Alguna m\u00fasica especialment mentre treballes?<\/h5>\n\n\n\n<p>El meu proc\u00e9s creatiu sempre comen\u00e7a recollint un munt de refer\u00e8ncies a qualsevol lloc. Fotos, llibres, internet, xarxes socials\u2026 les vaig arxivant en una carpeta d&#039;idees i despr\u00e9s les trasllado a esbossos o directament al plat. M&#039;inspira molt la natura i tot all\u00f2 antic.<\/p>\n\n\n\n<p>Per treballar m&#039;agrada escoltar Billy Holliday o Nina Simone. Tamb\u00e9 s\u00f3c addicta als podcasts.<\/p>\n\n\n\n<figure class=\"wp-block-image\"><img decoding=\"async\" src=\"https:\/\/magazine.monapart.com\/sites\/default\/files\/styles\/scale_960xn_\/public\/mediabrowser\/nuria-blanco-ceramica-artesanal-entrevista-monapart.jpg?itok=UatL6cB9\" alt=\"Nuria Blanco, quan cada plat t\u00e9 la hist\u00f2ria | Monapart \"\/><\/figure>\n\n\n\n<figure class=\"wp-block-image\"><img decoding=\"async\" src=\"https:\/\/magazine.monapart.com\/sites\/default\/files\/styles\/scale_960xn_\/public\/mediabrowser\/nuria-blanco-vajillas-pintadas-a-mano-entrevista-monapart.jpg?itok=lAR9Vlyw\" alt=\"Nuria Blanco, quan cada plat t\u00e9 la hist\u00f2ria | Monapart \"\/><\/figure>\n\n\n\n<h5 class=\"wp-block-heading has-medium-font-size\">Color, llibre, pel\u00b7li i disc favorits. Per aquest ordre! ;D<\/h5>\n\n\n\n<p>Color: Vermell.<\/p>\n\n\n\n<p>Llibre: T\u00f2quio ja no ens vol de Ray Loriga.<\/p>\n\n\n\n<p>Peli: Mem\u00f2ries d&#039;\u00c0frica.<\/p>\n\n\n\n<p>Disc: Roseland NYC Live de Portishead.<\/p>\n\n\n\n<h5 class=\"wp-block-heading has-medium-font-size\">\u00c9s la teva <a href=\"https:\/\/www.monapart.com\/magazine\/ca\/\">casa<\/a> reflex de qui ets? Explica&#039;ns a qu\u00e8 fa olor, el teu rac\u00f3 favorit, el teu objecte decoratiu o moble fetitxe, si atresores alguna col\u00b7lecci\u00f3\u2026 I si tens mascota, presenta&#039;ns-la!<\/h5>\n\n\n\n<p>M&#039;encanten els objectes i envoltar-me de coses boniques. Casa meva i el meu taller en s\u00f3n un clar reflex, crec que tot el que tinc \u00e9s molt personal i reflecteix els qui som el meu xicot i jo, que la veritat \u00e9s una sort perqu\u00e8 tenim gustos molt semblants.<\/p>\n\n\n\n<p>M&#039;encanta col\u00b7leccionar records dels meus viatges i comprar mobles antics i obres d&#039;art. La meva casa fa olor de l&#039;ambientador de terracota de melogr\u00e0 de Santa Maria Novella i de les flors fresques que hagi comprat.<\/p>\n\n\n\n<p>El meu rac\u00f3 preferit de la casa \u00e9s la taula rodona del sal\u00f3 que tinc enganxada a la finestra plena de plantes i amb unes impressionants vistes de Madrid des d&#039;un des\u00e8 pis.<\/p>\n\n\n\n<p>El meu objecte fetitxe \u00e9s un quadre de Pat Andrea que presideix el menjador i moble\u2026 un llum de peu vintage que vaig heretar del meu amic Gustavo i que he portat amb mi a totes les meves mudances.<\/p>\n\n\n\n<p>Col\u00b7lecciono llapis i tasses de tot tipus que he anat recopilant en mercats ambulants, museus i que considero especials, antigues o diferents. No hi ha viatge en qu\u00e8 no torni amb una tassa i un llapis a la maleta.<\/p>\n\n\n\n<p>Tinc dues gosses, Ant\u00f2nia i Dub, de 8 i 12 anys que el meu xicot va adoptar a la gossera.<\/p>\n\n\n\n<figure class=\"wp-block-image\"><img decoding=\"async\" src=\"https:\/\/magazine.monapart.com\/sites\/default\/files\/styles\/scale_960xn_\/public\/mediabrowser\/entrevista-monapart-a-nuria-blanco-mi-monapart.jpg?itok=rzQEBfT2\" alt=\"Nuria Blanco, quan cada plat t\u00e9 la hist\u00f2ria | Monapart \"\/><\/figure>\n\n\n\n<figure class=\"wp-block-image\"><img decoding=\"async\" src=\"https:\/\/magazine.monapart.com\/sites\/default\/files\/styles\/scale_960xn_\/public\/mediabrowser\/nuria-blanco-coleccion-de-tazas-de-ceramica-entrevista-monapart.jpg?itok=IT4qc72q\" alt=\"Nuria Blanco, quan cada plat t\u00e9 la hist\u00f2ria | Monapart \"\/><\/figure>\n\n\n\n<figure class=\"wp-block-image\"><img decoding=\"async\" src=\"https:\/\/magazine.monapart.com\/sites\/default\/files\/styles\/scale_960xn_\/public\/mediabrowser\/en-casa-de-nuria-blanco-entrevista-monapart.jpg?itok=Pctx8-Ty\" alt=\"Nuria Blanco, quan cada plat t\u00e9 la hist\u00f2ria | Monapart \"\/><\/figure>\n\n\n\n<figure class=\"wp-block-image\"><img decoding=\"async\" src=\"https:\/\/magazine.monapart.com\/sites\/default\/files\/styles\/scale_960xn_\/public\/mediabrowser\/nuria-blanco-ceramista-entrevista-monapart-en-casa.jpg?itok=1BLSWg71\" alt=\"Nuria Blanco, quan cada plat t\u00e9 la hist\u00f2ria | Monapart \"\/><\/figure>\n\n\n\n<h5 class=\"wp-block-heading has-medium-font-size\">Si poguessis adquirir qualsevol cosa ara mateix i emportar-te-la a casa, quina seria? Qualsevol cosa!<\/h5>\n\n\n\n<p>Una obra de Louise Bourgeois.<\/p>\n\n\n\n<h5 class=\"wp-block-heading has-medium-font-size\">Un pla a casa sempre inclou\u2026<\/h5>\n\n\n\n<p>Una taula bonica ben posada amb flors.<\/p>\n\n\n\n<figure class=\"wp-block-image\"><img decoding=\"async\" src=\"https:\/\/magazine.monapart.com\/sites\/default\/files\/styles\/scale_960xn_\/public\/mediabrowser\/mesa-con-vajilla-nuria-blanco-monapart.jpg?itok=j0h1xmHA\" alt=\"Nuria Blanco, quan cada plat t\u00e9 la hist\u00f2ria | Monapart \"\/><\/figure>\n\n\n\n<h5 class=\"wp-block-heading has-medium-font-size\">Tens algun plat estrella?<\/h5>\n\n\n\n<p>La meva recepta estrella \u00e9s el bullit madrileny. M&#039;encanten les receptes que porten moltes guarnicions i on puc mostrar les meves vaixelles en diferents formats i que vagin units, que \u00e9s la caracter\u00edstica principal de la meva feina.<\/p>\n\n\n\n<h5 class=\"wp-block-heading has-medium-font-size\">Quin \u00e9s el teu lloc preferit a la teva ciutat? I a l&#039;estranger?<\/h5>\n\n\n\n<p>A Madrid, el Parc del Moro. A Par\u00eds, Le Marais.<\/p>\n\n\n\n<blockquote class=\"wp-block-quote alignright is-layout-flow wp-block-quote-is-layout-flow\">\n<p>Despr\u00e9s de 16 col\u00b7leccions, puc demostrar que quan alguna cosa t\u00e9 \u00e0nima i qualitat continua agradant.&nbsp;<\/p>\n<\/blockquote>\n\n\n\n<h5 class=\"wp-block-heading has-medium-font-size\">Cosa que ens vulguis explicar i que no t&#039;haguem preguntat. Parla ara o calla per sempre!<\/h5>\n\n\n\n<p>Doncs m&#039;agradaria explicar-vos que aquest any 2023 ha estat el des\u00e8 aniversari de la meva marca, una cosa del que em sento especialment orgullosa ja que \u00e9s un m\u00f3n molt dif\u00edcil.<\/p>\n\n\n\n<p>No nom\u00e9s perqu\u00e8 emprendre a la cer\u00e0mica i tenir el teu propi negoci \u00e9s complicat sin\u00f3 perqu\u00e8 \u00e9s un camp que es mou molt per les modes. Avui et poses de moda i tothom et truca per a tot i est\u00e0s a tot arreu i despr\u00e9s de sobte la teva feina sembla que deixa de ser v\u00e0lid.<\/p>\n\n\n\n<p>Tot i aix\u00ed jo he lluitat per demostrar despr\u00e9s de 16 col\u00b7leccions que quan alguna cosa t\u00e9 \u00e0nima i qualitat pot seguir agradant, i el m\u00e9s important, en puc continuar vivint. Tant de bo segueixi transmetent l&#039;entusiasme pel que faig cada dia molts anys m\u00e9s.<\/p>\n\n\n\n<figure class=\"wp-block-image\"><img decoding=\"async\" src=\"https:\/\/magazine.monapart.com\/sites\/default\/files\/styles\/scale_960xn_\/public\/mediabrowser\/ceramica-pintada-a-mano-nuria-blanco-monapart.jpg?itok=kN71HBou\" alt=\"Nuria Blanco, quan cada plat t\u00e9 la hist\u00f2ria | Monapart \"\/><\/figure>\n\n\n\n<figure class=\"wp-block-image\"><img decoding=\"async\" src=\"https:\/\/magazine.monapart.com\/sites\/default\/files\/styles\/scale_960xn_\/public\/mediabrowser\/vajillas-pintadas-a-mano-nuria-blanco-monapart.jpg?itok=6gwRlipt\" alt=\"Nuria Blanco, quan cada plat t\u00e9 la hist\u00f2ria | Monapart \"\/><\/figure>\n\n\n\n<h3 class=\"wp-block-heading\">Que important \u00e9s envoltar-nos d&#039;objectes bells al nostre dia a dia, i en el cas de les vaixelles de N\u00faria, sens dubte \u00abcada plat t\u00e9 la seva hist\u00f2ria\u00bb\u2026 Descobreix-ne m\u00e9s&nbsp;<a href=\"https:\/\/vajillasbynuriablanco.com\/\" target=\"_blank\" rel=\"noopener\">web<\/a>&nbsp;i segueix-la al seu instagram&nbsp;<a href=\"https:\/\/www.instagram.com\/vajillasbynuriablanco\/\" target=\"_blank\" rel=\"noopener\">@vaixellesbynuriablanc<\/a>.<\/h3>\n\n\n\n<p><\/p>","protected":false},"excerpt":{"rendered":"<p>Nuria va n\u00e9ixer a Madrid fa poc m\u00e9s de 40 anys, i despr\u00e9s de finalitzar els seus estudis de Belles Arts a la Complutense, especialitzant-se en Gravat i Estampaci\u00f3, no ha deixat d&#039;experimentar amb el dibuix, el gravat, la pintura, la fotografia\u2026 Al llarg dels anys, ha sorpr\u00e8s amb exposicions notables i ha rebut nombrosos reconeixements per les seves precioses peces de cer\u00e0mica.<\/p>","protected":false},"author":4,"featured_media":15610,"comment_status":"closed","ping_status":"closed","sticky":false,"template":"","format":"standard","meta":{"_acf_changed":false,"footnotes":""},"categories":[2844,2845],"tags":[2869],"class_list":["post-15609","post","type-post","status-publish","format-standard","has-post-thumbnail","hentry","category-hogar","category-mi-monapart","tag-ceramica"],"acf":[],"_links":{"self":[{"href":"https:\/\/www.monapart.com\/magazine\/ca\/wp-json\/wp\/v2\/posts\/15609","targetHints":{"allow":["GET"]}}],"collection":[{"href":"https:\/\/www.monapart.com\/magazine\/ca\/wp-json\/wp\/v2\/posts"}],"about":[{"href":"https:\/\/www.monapart.com\/magazine\/ca\/wp-json\/wp\/v2\/types\/post"}],"author":[{"embeddable":true,"href":"https:\/\/www.monapart.com\/magazine\/ca\/wp-json\/wp\/v2\/users\/4"}],"replies":[{"embeddable":true,"href":"https:\/\/www.monapart.com\/magazine\/ca\/wp-json\/wp\/v2\/comments?post=15609"}],"version-history":[{"count":4,"href":"https:\/\/www.monapart.com\/magazine\/ca\/wp-json\/wp\/v2\/posts\/15609\/revisions"}],"predecessor-version":[{"id":18915,"href":"https:\/\/www.monapart.com\/magazine\/ca\/wp-json\/wp\/v2\/posts\/15609\/revisions\/18915"}],"wp:featuredmedia":[{"embeddable":true,"href":"https:\/\/www.monapart.com\/magazine\/ca\/wp-json\/wp\/v2\/media\/15610"}],"wp:attachment":[{"href":"https:\/\/www.monapart.com\/magazine\/ca\/wp-json\/wp\/v2\/media?parent=15609"}],"wp:term":[{"taxonomy":"category","embeddable":true,"href":"https:\/\/www.monapart.com\/magazine\/ca\/wp-json\/wp\/v2\/categories?post=15609"},{"taxonomy":"post_tag","embeddable":true,"href":"https:\/\/www.monapart.com\/magazine\/ca\/wp-json\/wp\/v2\/tags?post=15609"}],"curies":[{"name":"wp","href":"https:\/\/api.w.org\/{rel}","templated":true}]}}