{"id":15604,"date":"2024-01-08T10:47:00","date_gmt":"2024-01-08T09:47:00","guid":{"rendered":"https:\/\/www.monapart.com\/magazine\/?post_type=mnprt_news_article&#038;p=15604"},"modified":"2025-06-20T16:40:42","modified_gmt":"2025-06-20T14:40:42","slug":"trobar-pis-a-gracia","status":"publish","type":"post","link":"https:\/\/www.monapart.com\/magazine\/ca\/hogar\/encontrar-piso-en-gracia","title":{"rendered":"Marxant un pis a Gr\u00e0cia i una raci\u00f3 de vermut"},"content":{"rendered":"<h1 class=\"wp-block-heading\">Marxant un pis a Gr\u00e0cia i una raci\u00f3 de vermut<\/h1>\n\n\n\n<h2 class=\"wp-block-heading\">Descobreix perqu\u00e8 Gr\u00e0cia, un dels barris m\u00e9s vibrants de Barcelona, t\u00e9 una oferta immobili\u00e0ria tan limitada i qu\u00e8 fa que viure aqu\u00ed sigui tan especial.<\/h2>\n\n\n<div class='post-info'>8 de gener de 2024 per <a href='https:\/\/www.monapart.com\/magazine\/ca\/autor\/david-torres'>David Torres<\/a><\/div>\n\n\n\n<figure class=\"wp-block-image\"><img decoding=\"async\" src=\"https:\/\/magazine.monapart.com\/sites\/default\/files\/styles\/scale_960xn_\/public\/mediabrowser\/vila-de-gracia-barcelona.jpg?itok=nWX0Ngf-\" alt=\"Marxant un pis a Gr\u00e0cia i una raci\u00f3 de vermut | Monapart \"\/><\/figure>\n\n\n\n<p>El barri de Gr\u00e0cia \u00e9s un dels barris m\u00e9s vibrants i amb encant de Barcelona, i no sorpr\u00e8n ning\u00fa a hores d&#039;ara, que sigui una de les zones m\u00e9s demanades tant per lloguer com per comprar habitatge.<\/p>\n\n\n\n<p>Nom\u00e9s l&#039;any passat es van vendre 936 vivendes de segona m\u00e0 a Gr\u00e0cia. A les dades p\u00fabliques de l&#039;Ajuntament de Barcelona sobre&nbsp;<a href=\"https:\/\/ajuntament.barcelona.cat\/estadistica\/castella\/Estadistiques_per_temes\/Habitatge_i_mercat_immobiliari\/Mercat_immobiliari\/Preu_oferta_habitatge_segona_ma\/a2023\/t2020d.htm\" target=\"_blank\" rel=\"noopener\">l&#039;oferta d&#039;habitatges de segona m\u00e0 en venda a Barcelona durant el 2023<\/a>, veiem com el preu per metre quadrat se situa actualment en 4.649 \u20ac\/m2. Si voleu consultar l&#039;evoluci\u00f3 del preu per metre quadrat a Barcelona, feu-ho en aquestes taules sobre les&nbsp;<a href=\"https:\/\/habitatge.gencat.cat\/ca\/dades\/indicadors_estadistiques\/estadistiques_de_construccio_i_mercat_immobiliari\/estadistica-de-les-compravendes\/compravendes-habitatges-Barcelona\/index.html#googtrans(ca|es)\" target=\"_blank\" rel=\"noopener\">compravendes d&#039;habitatges registrats i el preu de venda a Barcelona<\/a>&nbsp;des de l&#039;any 2013. Veur\u00e0s que el m\u00e0xim hist\u00f2ric el tenim a l&#039;any 2019, a 4.867 \u20ac\/m2\u2026 el barri \u00e9s el que \u00e9s, i l&#039;oferta d&#039;immobles \u00e9s molt limitada.<\/p>\n\n\n\n<p>Per qu\u00e8 hi ha tan poca oferta de vivenda a Gr\u00e0cia? Analitzem-ho!<\/p>\n\n\n<div class=\"wp-block-image\">\n<figure class=\"aligncenter\"><img decoding=\"async\" src=\"https:\/\/magazine.monapart.com\/sites\/default\/files\/styles\/scale_960xn_\/public\/mediabrowser\/oferta-de-viviendas-de-segunda-mano-en-venta-en-barcelona2023.jpg?itok=mw8rKG43\" alt=\"Marxant un pis a Gr\u00e0cia i una raci\u00f3 de vermut | Monapart \"\/><\/figure>\n<\/div>\n\n\n<blockquote class=\"wp-block-quote alignright is-layout-flow wp-block-quote-is-layout-flow\">\n<p>Gr\u00e0cia ofereix un alt nivell de qualitat de vida, amb una \u00e0mplia i variada oferta de serveis, comer\u00e7os de proximitat i una vibrant agenda cultural.<\/p>\n<\/blockquote>\n\n\n\n<h5 class=\"wp-block-heading has-medium-font-size\">Viure a Gr\u00e0cia: poca oferta i molta demanda d&#039;habitatge&nbsp;<\/h5>\n\n\n\n<p>Per qu\u00e8 hi ha tan pocs propietaris que posin a la venda les seves propietats al barri de Gr\u00e0cia? Apunto cinc raons principals:<\/p>\n\n\n\n<p>Una de les raons, i crec que la m\u00e9s important, \u00e9s l?alta satisfacci\u00f3 dels residents en aquest barri.&nbsp;<strong>Gr\u00e0cia ofereix un alt nivell de qualitat de vida, amb una \u00e0mplia i variada oferta de serveis, tota mena de comer\u00e7os de proximitat i una din\u00e0mica agenda cultural.<\/strong>&nbsp;Cal esmentar especialment les seves places, on la vida de barri \u00e9s un formiguer constant. L&#039;ambient familiar i la forta identitat de barri fan que molts residents se sentin molt profundament arrelats a la zona i no es vulguin mudar a cap altra zona de Barcelona.<\/p>\n\n\n\n<figure class=\"wp-block-image\"><img decoding=\"async\" src=\"https:\/\/magazine.monapart.com\/sites\/default\/files\/styles\/scale_960xn_\/public\/mediabrowser\/plaza_del_sol_vila_de_gracia_barcelona.jpg?itok=2Wtqp-oo\" alt=\"Marxant un pis a Gr\u00e0cia i una raci\u00f3 de vermut | Monapart \"\/><\/figure>\n\n\n\n<p>Una altra ra\u00f3 que explica la resist\u00e8ncia dels propietaris a vendre casa seva a Gr\u00e0cia \u00e9s l&#039;alta rendibilitat del lloguer: els preus dels lloguers a Gr\u00e0cia s\u00f3n considerablement alts perqu\u00e8 la demanda de lloguer en aquest barri \u00e9s alt\u00edssima en comparaci\u00f3 amb altres barris de Barcelona.&nbsp;<strong>L&#039;alta rendibilitat dels lloguers a Gr\u00e0cia \u00e9s una s\u00f2lida font d&#039;ingressos per als propietaris que, per tant, prefereixen posar el pis per llogar abans que vendre&#039;l.<\/strong><\/p>\n\n\n\n<p>Tamb\u00e9 podem assenyalar com a motiu de la poca oferta i la molta demanda d&#039;habitatge a Gr\u00e0cia \u00e9s que, com&nbsp;<strong>no s&#039;espera una baixada considerable dels preus dels habitatges, m\u00e9s aviat el contrari, els propietaris posterguen la decisi\u00f3 de posar a la venda el seu immoble en espera d&#039;aconseguir un benefici m\u00e9s gran.&nbsp;<\/strong>L&#039;escassetat d&#039;oferta al mercat l\u00f2gicament juga un paper important en aquesta expectativa de revaloraci\u00f3.&nbsp;<\/p>\n\n\n\n<p>Un altre motiu rau en el fet que trobar un pis a Gr\u00e0cia adequat per a fam\u00edlies amb fills petits, gent gran, persones amb mobilitat redu\u00efda o d&#039;altres necessitats espec\u00edfiques es pot convertir en un proc\u00e9s molt complex i de llarga durada; els pisos a Gr\u00e0cia solen tenir portals estrets i petits, els edificis no tenen ascensor, i \u00e9s rar trobar habitatges amb pla\u00e7a d&#039;aparcament\u2026 per tot aix\u00f2, el temor de no trobar una alternativa satisfact\u00f2ria a les necessitats concretes de les diferents etapes de la vida, pot dissuadir alguns propietaris a canviar d&#039;habitatge. Si seguim aquest fil, veurem que Gr\u00e0cia \u00e9s un barri perfectament adaptat a les necessitats del p\u00fablic jove, a qui no importa pujar diverses plantes a peu, sovint no t\u00e9 cotxe ia m\u00e9s \u00e9s un barri molt atractiu per la quantitat d&#039;oferta l\u00fadica i la din\u00e0mica vida cultural. Per\u00f2 aquest \u00e9s precisament el segment de la poblaci\u00f3 amb escassos recursos per accedir als preus dels lloguers\u2026 i aix\u00f2 explica tamb\u00e9 la ra\u00f3 que sigui una de les zones m\u00e9s tensionades a Barcelona segons aquest document de la Generalitat de Catalunya&nbsp;<a href=\"https:\/\/habitatge.gencat.cat\/ca\/normativa\/zones-de-mercat-residencial-tensionat\/\" target=\"_blank\" rel=\"noopener\">zones de mercat residencial tensionat<\/a>.<\/p>\n\n\n\n<figure class=\"wp-block-image\"><img decoding=\"async\" src=\"https:\/\/magazine.monapart.com\/sites\/default\/files\/styles\/scale_960xn_\/public\/mediabrowser\/vila-de-graciabarcelona-vida-de-barrio-magazine-monapart.jpeg?itok=gxzTZawg\" alt=\"Marxant un pis a Gr\u00e0cia i una raci\u00f3 de vermut | Monapart \"\/><\/figure>\n\n\n\n<blockquote class=\"wp-block-quote alignright is-layout-flow wp-block-quote-is-layout-flow\">\n<p>Gr\u00e0cia fa que casa sigui un terme molt m\u00e9s ampli que les nostres quatre parets.<\/p>\n<\/blockquote>\n\n\n\n<p>I ja per acabar amb alguns dels motius que expliquen la poca oferta i la molta demanda d&#039;habitatge a Gr\u00e0cia, tenim el factor emocional: per a molts propietaris, el seu habitatge a Gr\u00e0cia no es redueix nom\u00e9s a l&#039;avorrit terme d&#039;actiu immobiliari, perqu\u00e8 no podem deixar d&#039;esmentar l&#039;enorme vincle emocional amb la fam\u00edlia, les tradicions (Sant Medir, Les Festes de Gr\u00e0cia, Les Festes de Gr\u00e0cia) els vermuts, les pel\u00b7l\u00edcules al Verdi\u2026 En definitiva, Gr\u00e0cia fa que \u201ccasa\u201d sigui un terme molt m\u00e9s ampli que les nostres quatre parets.<\/p>\n\n\n\n<p>En conclusi\u00f3, l&#039;escassetat d&#039;habitatges de venda o de lloguer a Gr\u00e0cia \u00e9s un fenomen complex amb diverses causes. L&#039;alta satisfacci\u00f3 dels seus ve\u00efns, la rendibilitat del lloguer, les expectatives de revaloraci\u00f3, les dificultats per trobar habitatge ajustat a necessitats vitals espec\u00edfiques, i els factors emocionals (important\u00edssims!) s\u00f3n algunes de les raons que expliquen per qu\u00e8 Gr\u00e0cia \u00e9s un barri tensionat per la poca oferta i la molta demanda d&#039;habitatge.<\/p>\n\n\n\n<h5 class=\"wp-block-heading has-medium-font-size\">Busco pis a Gr\u00e0cia, \u00e9s un impossible?<\/h5>\n\n\n\n<p>No desesperarem. La situaci\u00f3 del mercat immobiliari \u00e9s din\u00e0mica i es pot canviar amb el temps. Si en efecte has decidit canviar d&#039;habitatge o comprar el teu primer pis a Gr\u00e0cia, has de saber que la cerca no \u00e9s f\u00e0cil, i b\u00e9 mereix una bona passejada per les belles places i carrers.<\/p>\n\n\n\n<p>Per\u00f2 abans, posem-nos en context i fem una mica d&#039;hist\u00f2ria.&nbsp;<\/p>\n\n\n\n<h5 class=\"wp-block-heading has-medium-font-size\">Un breu recorregut per la hist\u00f2ria de Gr\u00e0cia<\/h5>\n\n\n\n<p>Gr\u00e0cia, als seus or\u00edgens, era un territori dependent de Barcelona i escassament poblat. Entre els segles XVI i XVII, a prop dels masos existents i a\u00efllats, es van instal\u00b7lar tres convents i una s\u00e8rie de torres constru\u00efdes per la burgesia barcelonina. Durant la primera meitat del segle XIX, aquell petit nucli agr\u00edcola esdevingu\u00e9 el poble m\u00e9s important del pl\u00e0nol de Barcelona, gr\u00e0cies a la seva progressiva industrialitzaci\u00f3, aprofitant la disponibilitat de terrenys lliures.<\/p>\n\n\n\n<p>Gr\u00e0cia es va constituir en municipi independent el 1850, any en qu\u00e8 ja l&#039;anomenada Vila de Gr\u00e0cia tenia m\u00e9s de 13.000 habitants. El 1877, nom\u00e9s 27 anys despr\u00e9s, la poblaci\u00f3 s&#039;havia gaireb\u00e9 triplicat, arribant als 33.000 habitants. La conveni\u00e8ncia d&#039;integrar la Vila de Gr\u00e0cia a Barcelona es va plantejar cada cop amb m\u00e9s for\u00e7a, en paral\u00b7lel amb el desenvolupament progressiu de la trama del pla Cerd\u00e0, aleshores en plena expansi\u00f3. Aix\u00ed, a partir del 1880 van n\u00e9ixer projectes d&#039;inter\u00e8s com\u00fa, com el del passeig de Gr\u00e0cia, que unia la vila amb la gran ciutat seguint l&#039;antic cam\u00ed.<\/p>\n\n\n\n<div class=\"wp-block-media-text has-media-on-the-right is-stacked-on-mobile\" style=\"grid-template-columns:auto 52%\"><div class=\"wp-block-media-text__content\">\n<p>Quan el 1897 finalment la Vila de Gr\u00e0cia es va tornar a unir a Barcelona, ja tenia gaireb\u00e9 62.000 habitants i era una ciutat molt poblada i activa, per\u00f2 amb una gran manca d&#039;equipaments i serveis. A poc a poc, es van anar construint carrers que connectaven el barri internament i externament, i equipaments com els mercats de la Llibertat (1893) i el de l&#039;Abaceria Central (1892). La urbanitzaci\u00f3 sovint la feien els mateixos propietaris dels terrenys, cosa que explica la discontinu\u00eftat f\u00edsica d&#039;alguns carrers, aix\u00ed com les nombroses places, normalment una a cada propietat.<\/p>\n<\/div><figure class=\"wp-block-media-text__media\"><img loading=\"lazy\" decoding=\"async\" width=\"600\" height=\"396\" src=\"https:\/\/www.monapart.com\/magazine\/wp-content\/uploads\/2024\/01\/pont-de-vallcarca-vila-de-gracia-barcelona.jpg\" alt=\"\" class=\"wp-image-17054 size-full\" srcset=\"https:\/\/www.monapart.com\/magazine\/wp-content\/uploads\/2024\/01\/pont-de-vallcarca-vila-de-gracia-barcelona.jpg 600w, https:\/\/www.monapart.com\/magazine\/wp-content\/uploads\/2024\/01\/pont-de-vallcarca-vila-de-gracia-barcelona-300x198.jpg 300w, https:\/\/www.monapart.com\/magazine\/wp-content\/uploads\/2024\/01\/pont-de-vallcarca-vila-de-gracia-barcelona-18x12.jpg 18w\" sizes=\"auto, (max-width: 600px) 100vw, 600px\" \/><\/figure><\/div>\n\n\n\n<p>Actualment, el barri t\u00e9 una poblaci\u00f3 censada de 50.670 habitants i ocupa una superf\u00edcie de gaireb\u00e9 133 hect\u00e0rees, de manera que posa&#039;t les teves millors sabatilles per comen\u00e7ar la recerca de pis! Per\u00f2 com tots sabem que tota cerca t\u00e9 una parada t\u00e8cnica, a continuaci\u00f3 no te&#039;n proposem una, ni dues, ni tres, sin\u00f3 sis vermuteries que, quedes avisat, guardar\u00e0s al teu mapa de favorits i visitar\u00e0s cada diumenge, vives a Gr\u00e0cia o no.<\/p>\n\n\n\n<figure class=\"wp-block-image\"><img decoding=\"async\" src=\"https:\/\/magazine.monapart.com\/sites\/default\/files\/styles\/scale_960xn_\/public\/mediabrowser\/de-vermut-pel-barri-de-gracia.jpg?itok=q-0Fntmu\" alt=\"Marxant un pis a Gr\u00e0cia i una raci\u00f3 de vermut | Monapart \"\/><\/figure>\n\n\n\n<h5 class=\"wp-block-heading has-medium-font-size\">Marxem de vermuteries pel barri de Gr\u00e0cia!<\/h5>\n\n\n\n<p><a href=\"https:\/\/maps.app.goo.gl\/CzxpdjLhxbjtv9hd6\" target=\"_blank\" rel=\"noopener\">El Quimet<\/a>&nbsp;\u00e9s un dels bodegons emblem\u00e0tics de Gr\u00e0cia, un dels pocs que van resistir l?impacte de l?auge de les tavernes a la zona. I aix\u00f2 \u00e9s una cosa que celebrem. Prendre un vermut o una cervesa a llocs amb encant hauria de ser gaireb\u00e9 una assignatura obligat\u00f2ria cada setmana. S\u00ed o s\u00ed?<\/p>\n\n\n\n<p>Quimet ha sabut preservar l&#039;ess\u00e8ncia dels seus inicis, tot i que ara ha evolucionat m\u00e9s enll\u00e0 de ser simplement un bodeg\u00f3 per convertir-se en un bar acollidor on gaudir d&#039;embotits exquisits, formatges i plats com el pop amb patates o l&#039;amanida casolana, entre d&#039;altres. A m\u00e9s, s&#039;atreveixen amb plats m\u00e9s elaborats, com les galtes, uns ous remenats o un delici\u00f3s pop a la brasa. Tot plegat maridat sempre amb una copa de vi, un vermut, una canya o una elegant copa de cava, que eleva l&#039;experi\u00e8ncia a un altre nivell.<\/p>\n\n\n\n<p><a href=\"https:\/\/maps.app.goo.gl\/kVfGCq1sc88PCALH9\" target=\"_blank\" rel=\"noopener\">El Celler Neus<\/a>&nbsp;\u00e9s un establiment amb una rica hist\u00f2ria, com ho evidencia el seu lema \u00abDespatxant des del 1917\u00bb. Ubicada a Benet Mercad\u00e9, un carrer\u00f3 de Gr\u00e0cia nomenat en honor al pintor natzar\u00e8, aquest lloc solia ser una drecera freq\u00fcentada per comerciants que anaven i venien del mercat de la Llibertat, aturant-se per fer una mossegada.<\/p>\n\n\n\n<p>En el passat, la fam\u00edlia Fonollosa, propiet\u00e0ria del celler, venia vins a granel, emmagatzemats a les tradicionals b\u00f3tes que encara llueixen a l&#039;altell del local. Com era costum a les fondes de l&#039;\u00e8poca, el Celler Neus tenia el seu plat estrella, el capipota, i els propietaris actuals, els nois de&nbsp;<a href=\"https:\/\/maps.app.goo.gl\/LVbQo8QmV2mzL3QB6\" target=\"_blank\" rel=\"noopener\">La Vermu<\/a>, s&#039;han esfor\u00e7at per mantenir-lo com a plat emblema del lloc.<\/p>\n\n\n\n<p>Aquesta devoci\u00f3 per preservar la tradici\u00f3 es reflecteix a tot. El vi se serveix directament de la b\u00f3ta i si demanes vermut, ve acompanyat de tapes cl\u00e0ssiques com ara bacall\u00e0 amb samfaina o l&#039;emblem\u00e0tica bomba catalana.<\/p>\n\n\n\n<p><a href=\"https:\/\/maps.app.goo.gl\/CGwn7M8iAbV7rNYaA\" target=\"_blank\" rel=\"noopener\">La Vermuteria del Tano<\/a>&nbsp;\u00e9s un aut\u00e8ntic bar de barri que des de la seva fundaci\u00f3 com un modest bodeg\u00f3 el 1927, ha esdevingut una instituci\u00f3 venerada a Gr\u00e0cia. Des de finals dels noranta, Tano ha mantingut intacta l&#039;ess\u00e8ncia d&#039;aquest establiment i n&#039;ha conservat l&#039;autenticitat i l&#039;encant.<\/p>\n\n\n\n<p>Serveix el vermut de la reconeguda marca Perucchi, i antigament aquest vermut tamb\u00e9 es venia a granel. Tamb\u00e9 s&#039;ofereixen conserves de primera qualitat, que van des de les cl\u00e0ssiques banderilles d&#039;olives i anxoves fins a seitons, escopinyes, musclos, s\u00edpia i carxofes.<\/p>\n\n\n\n<p>L&#039;ambient del local \u00e9s \u00fanic, amb la seva decoraci\u00f3 de marbre, porta de ferro i una atmosfera que oscil\u00b7la entre all\u00f2 que \u00e9s hipn\u00f2tic i all\u00f2 que \u00e9s euf\u00f2ric, no s\u00e9 si m&#039;entens. Visitar La Vermuteria del Tano \u00e9s una experi\u00e8ncia que deixa empremta, i \u00e9s molt probable que et sentis temptat a tornar una vegada i una altra\u2026<\/p>\n\n\n\n<figure class=\"wp-block-image\"><img decoding=\"async\" src=\"https:\/\/magazine.monapart.com\/sites\/default\/files\/styles\/scale_960xn_\/public\/mediabrowser\/de-tapas-por-vermuterias-de-gracia-barcelona.jpg?itok=fDv6KZIj\" alt=\"Marxant un pis a Gr\u00e0cia i una raci\u00f3 de vermut | Monapart \"\/><\/figure>\n\n\n\n<p><a href=\"https:\/\/maps.app.goo.gl\/hWn2Aeu1BQmfMuMB6\" target=\"_blank\" rel=\"noopener\">Can Ros<\/a>&nbsp;\u00e9s un d&#039;aquells bars de tota la vida on pots gaudir des d&#039;un reconfortant esmorzar de forquilla, fins a prendre tranquil\u00b7lament un caf\u00e8 mentre fulleges el diari o revitalitzar-te amb el seu cl\u00e0ssic i inusual entrep\u00e0 de mandonguilles. Tamb\u00e9 pots tastar la m\u00edtica truita de carxofa, una del\u00edcia que recordar\u00e0s per sempre.<\/p>\n\n\n\n<p>La versatilitat de Can Ros n&#039;\u00e9s el segell distintiu; pots visitar-lo en qualsevol moment del dia i sempre trobar\u00e0s una mica delici\u00f3s per satisfer la teva gana.<\/p>\n\n\n\n<p><a href=\"https:\/\/maps.app.goo.gl\/gaT7sHcDDbA11ezu7\" target=\"_blank\" rel=\"noopener\">Cal Pep<\/a>&nbsp;\u00e9s una taverna que ha resistit el pas del temps i est\u00e0 ubicada al carrer Verdi, un d&#039;aquells llocs a la ciutat que revelen aut\u00e8ntiques joies a mesura que avances cap amunt o cap avall. Just abans d&#039;arribar a la Travessera de Dalt, topar\u00e0s amb el cartell del nom que revela la identitat del seu antic amo. Aquest cavaller amb boina i bigoti va regentar la taverna durant 49 anys, des del 1937 fins al 1986, servint \u00fanicament vi, aigua i gel. Avui dia, Rafael Ortiz \u00e9s l&#039;encarregat del lloc des de fa 4 anys.<\/p>\n\n\n\n<p>Als matins, la taverna s&#039;omple de gent del barri i oficinistes, que gaudeixen d&#039;entrepans, lac\u00f3, truites, i el tradicional vermut de la casa, sempre acompanyats d&#039;olives d&#039;Antequera, cacauets i barreja o lupins, cortesia de la casa. Sembla que el temps s&#039;ha aturat a Cal Pep, i ha proporcionat una atmosfera nost\u00e0lgica i acollidora que convida a quedar-se una estona m\u00e9s.<\/p>\n\n\n\n<p><a href=\"https:\/\/maps.app.goo.gl\/FtUCgC9EAwATFR6T7\" target=\"_blank\" rel=\"noopener\">Can Codina<\/a>&nbsp;\u00e9s un bar fundat el 1931 que ha sobreviscut sota una rep\u00fablica, una guerra civil, una dictadura i la democr\u00e0cia actual. Durant tot aquest lapse de temps, el bar ha sabut mantenir-se dret fins a convertir-se en un lloc m\u00edtic del barri de Gr\u00e0cia on s&#039;han reunit pol\u00edtics i moviments obrers, futbolistes del FC Barcelona, artistes i pioners de la rumba catalana com El Pescadilla, Peret o Gato P\u00e9rez.<\/p>\n\n\n\n<p>Est\u00e8ticament, el local conserva la mateixa ornamentaci\u00f3 i distribuci\u00f3 que va imaginar el senyor Codina el 1931. Des de llavors, tres generacions de la fam\u00edlia han regentat el bar sense fer m\u00e9s canvis que els estrictament necessaris. No va ser fins fa pocs anys que l&#039;\u00faltim Codina va traspassar el negoci a alg\u00fa que es compromet\u00e9s a mantenir la seva ess\u00e8ncia i esperit. Afortunadament, un client habitual ara regenta el negoci i ho ha adaptat als temps actuals per\u00f2 respectant al m\u00e0xim la distribuci\u00f3 i est\u00e8tica del local, a m\u00e9s dels plats cl\u00e0ssics, com el cap-i-pota o els peus de porc. Hist\u00f2ria, menjar sabor\u00f3s i cerveses artesanals en un mateix paquet.<\/p>\n\n\n\n<h3 class=\"wp-block-heading\">Ara ja saps perqu\u00e8 el barri de Gr\u00e0cia \u00e9s un dels m\u00e9s especials i desitjats a Barcelona. Si us ha agradat aquest contingut, \u00e9s m\u00e9s que possible que us agradi la nostra newsletter mensual. Subscriu-te i no et perdis res!<\/h3>","protected":false},"excerpt":{"rendered":"<p>Descobreix perqu\u00e8 Gr\u00e0cia, un dels barris m\u00e9s vibrants de Barcelona, t\u00e9 una oferta immobili\u00e0ria tan limitada i qu\u00e8 fa que viure aqu\u00ed sigui tan especial.<\/p>","protected":false},"author":22,"featured_media":16877,"comment_status":"closed","ping_status":"closed","sticky":false,"template":"","format":"standard","meta":{"_acf_changed":false,"footnotes":""},"categories":[2844,2847],"tags":[2872],"class_list":["post-15604","post","type-post","status-publish","format-standard","has-post-thumbnail","hentry","category-hogar","category-vida-de-barrio","tag-barcelona"],"acf":[],"_links":{"self":[{"href":"https:\/\/www.monapart.com\/magazine\/ca\/wp-json\/wp\/v2\/posts\/15604","targetHints":{"allow":["GET"]}}],"collection":[{"href":"https:\/\/www.monapart.com\/magazine\/ca\/wp-json\/wp\/v2\/posts"}],"about":[{"href":"https:\/\/www.monapart.com\/magazine\/ca\/wp-json\/wp\/v2\/types\/post"}],"author":[{"embeddable":true,"href":"https:\/\/www.monapart.com\/magazine\/ca\/wp-json\/wp\/v2\/users\/22"}],"replies":[{"embeddable":true,"href":"https:\/\/www.monapart.com\/magazine\/ca\/wp-json\/wp\/v2\/comments?post=15604"}],"version-history":[{"count":10,"href":"https:\/\/www.monapart.com\/magazine\/ca\/wp-json\/wp\/v2\/posts\/15604\/revisions"}],"predecessor-version":[{"id":17065,"href":"https:\/\/www.monapart.com\/magazine\/ca\/wp-json\/wp\/v2\/posts\/15604\/revisions\/17065"}],"wp:featuredmedia":[{"embeddable":true,"href":"https:\/\/www.monapart.com\/magazine\/ca\/wp-json\/wp\/v2\/media\/16877"}],"wp:attachment":[{"href":"https:\/\/www.monapart.com\/magazine\/ca\/wp-json\/wp\/v2\/media?parent=15604"}],"wp:term":[{"taxonomy":"category","embeddable":true,"href":"https:\/\/www.monapart.com\/magazine\/ca\/wp-json\/wp\/v2\/categories?post=15604"},{"taxonomy":"post_tag","embeddable":true,"href":"https:\/\/www.monapart.com\/magazine\/ca\/wp-json\/wp\/v2\/tags?post=15604"}],"curies":[{"name":"wp","href":"https:\/\/api.w.org\/{rel}","templated":true}]}}