{"id":15510,"date":"2024-02-11T17:06:00","date_gmt":"2024-02-11T16:06:00","guid":{"rendered":"https:\/\/www.monapart.com\/magazine\/?post_type=mnprt_news_article&#038;p=15510"},"modified":"2025-06-15T11:36:55","modified_gmt":"2025-06-15T09:36:55","slug":"el-creixent-encant-de-viure-fora-de-barcelona","status":"publish","type":"post","link":"https:\/\/www.monapart.com\/magazine\/ca\/hogar\/el-creciente-encanto-de-vivir-fuera-de-barcelona","title":{"rendered":"El creixent encant de viure fora de Barcelona"},"content":{"rendered":"<h1 class=\"wp-block-heading\">El creixent encant de viure fora de Barcelona<\/h1>\n\n\n\n<h2 class=\"wp-block-heading\">Alguna vegada has somiat deixar enrere el bullici de la ciutat a la recerca de pau i contacte amb la natura?<\/h2>\n\n\n<div class='post-info'>11 de febrer de 2024 per <a href='https:\/\/www.monapart.com\/magazine\/ca\/autor\/carlos-torrico'>Carlos Torrico<\/a><\/div>\n\n\n\n<figure class=\"wp-block-image\"><img decoding=\"async\" src=\"https:\/\/magazine.monapart.com\/sites\/default\/files\/styles\/scale_960xn_\/public\/mediabrowser\/hola_slow_life.png?itok=Czo-HbRE\" alt=\"Ad\u00e9u Barcelona. Hola Slow Life! | Monapart\"\/><\/figure>\n\n\n\n<h5 class=\"wp-block-heading has-medium-font-size\">Ad\u00e9u Barcelona. Hola Slow Life!&nbsp;<\/h5>\n\n\n\n<p>Barcelona, amb la seva vibrant vida cultural i les seves innombrables oportunitats, sempre ha estat un imant per a locals i expatriats de la mateixa manera. Tot i aix\u00f2, en l&#039;actualitat, cada vegada m\u00e9s persones estan optant per&nbsp;<a href=\"https:\/\/www.monapart.com\/es\/magazine\/sector-inmobiliario\/irse-a-vivir-fuera-de-barcelona\">anar a viure fora de Barcelona<\/a>&nbsp;i mudar-se a zones m\u00e9s tranquil\u00b7les i espaioses, impulsats per la recerca de millor qualitat de vida i un entorn m\u00e9s sostenible. Aquesta tend\u00e8ncia ha anat guanyant impuls especialment despr\u00e9s de la pand\u00e8mia, quan el benestar i l&#039;espai han esdevingut requisits essencials.&nbsp;<\/p>\n\n\n\n<p>L&#039;estudi&nbsp;<a href=\"https:\/\/www.institutmetropoli.cat\/es\/estudi\/rural-urbano-migraciones-entorno-residencial-estructuras-oportunidad\/\" target=\"_blank\" rel=\"noopener\">Rural i urb\u00e0: migracions, entorn residencial i estructures d&#039;oportunitat<\/a>&nbsp;de l&#039;Institut Metr\u00f2poli de la Universitat Aut\u00f2noma de Barcelona (UAB) conclou que unes 70.000 persones abandonaran l&#039;\u00c0rea Metropolitana de Barcelona per anar a viure a petites poblacions abans del 2027, fet que suposa que un 30% dels ciutadans canviaran de resid\u00e8ncia a la recerca d&#039;entorns m\u00e9s verds i menys poblats.&nbsp;<\/p>\n\n\n<div class=\"wp-block-image\">\n<figure class=\"aligncenter\"><img decoding=\"async\" src=\"https:\/\/magazine.monapart.com\/sites\/default\/files\/styles\/scale_960xn_\/public\/mediabrowser\/rural_y_urbano_migraciones_uab.png?itok=pqi-ish1\" alt=\"Rural i urb\u00e0, estudi UAB | Monapart\"\/><\/figure>\n<\/div>\n\n\n<p>Aquest \u00e8xode no nom\u00e9s reflecteix un canvi a les prioritats residencials, sin\u00f3 tamb\u00e9 a l&#039;estil de vida, amb molts buscant escapar de l&#039;estr\u00e8s i la contaminaci\u00f3 urbans.&nbsp;<strong>Tot i la seva vibrant vida cultural i oportunitats econ\u00f2miques, Barcelona veu com els seus residents, de totes les edats, opten per llocs on la qualitat de vida \u00e9s superior i els habitatges s\u00f3n m\u00e9s assequibles i espaiosos.&nbsp;<\/strong>Aquest moviment cap a la tranquil\u00b7litat i la natura est\u00e0 transformant el concepte de com i on volem viure.<\/p>\n\n\n\n<h5 class=\"wp-block-heading has-medium-font-size\">Sostenibilitat i comunitat: els pilars del nou habitatge&nbsp;<\/h5>\n\n\n\n<p>Projectes innovadors com aquesta&nbsp;<a href=\"https:\/\/www.monapart.com\/magazine\/ca\/viviendas-barcelona\/ecovivienda-nueva-de-3-habitaciones-dobles-y-2-banos-con-amplio-jardin-en-dosrius-barcelona\/\">promoci\u00f3 d&#039;ecohabitatges de Valgreen<\/a>&nbsp;a la poblaci\u00f3 de Dosrius al Maresme, estan marcant la pauta en la redefinici\u00f3 del concepte d&#039;habitatge. Aquestes iniciatives, que promouen habitatges sostenibles i comunitats col\u00b7laboratives, utilitzen materials ecol\u00f2gics com la fusta i fomenten un estil de vida comunitari i connectat.<\/p>\n\n\n<div class=\"wp-block-image\">\n<figure class=\"aligncenter is-resized\"><img decoding=\"async\" src=\"https:\/\/magazine.monapart.com\/sites\/default\/files\/styles\/scale_960xn_\/public\/mediabrowser\/vivienda_sostenible_hogareco_monapart.jpg?itok=v0VZjeKd\" alt=\"Sostenibilitat i comunitat, els pilars del nou habitatge | Monapart\" style=\"width:673px;height:auto\"\/><\/figure>\n<\/div>\n\n\n<p>Segons un article recent de&nbsp;<a href=\"https:\/\/www.viaempresa.cat\/es\/empresa\/valgreen-promocion-viviendas-madera-maresme_2178425_102.html\" target=\"_blank\" rel=\"noopener\">Via Empresa<\/a>, la promotora Valgreen no nom\u00e9s desenvolupa un concepte de \u201ccasa passiva\u201d amb disseny i arquitectura bioclim\u00e0tica intel\u00b7ligent, sin\u00f3 que tamb\u00e9 crea una atmosfera de col\u00b7laboraci\u00f3 i suport mutu, enfortint els lla\u00e7os entre els ve\u00efns i fent de cada habitatge m\u00e9s que un simple lloc per viure; ho transformen en una forma de vida.<\/p>\n\n\n\n<blockquote class=\"wp-block-quote alignright is-layout-flow wp-block-quote-is-layout-flow\">\n<p>\u00abEls habitatges sostenibles no s\u00f3n nom\u00e9s un lloc per viure; s\u00f3n una forma de vida.\u00bb<\/p>\n<\/blockquote>\n\n\n\n<p>Aquest enfocament col\u00b7laboratiu i ecol\u00f2gic \u00e9s especialment atractiu fora de les grans urbs, on els recursos i espais comuns enforteixen l&#039;enlla\u00e7 entre els habitants. Valgreen lidera el cam\u00ed cap a un futur on els habitatges no nom\u00e9s s\u00f3n respectuosos amb l&#039;ambient, sin\u00f3 que tamb\u00e9 s\u00f3n essencials per cultivar un sentit de comunitat. Aquest model \u00e9s particularment atractiu per a aquells que desitgen un canvi significatiu en el seu estil de vida, emfatitzant&nbsp;<strong>la sostenibilitat i la comunitat com els pilars del nou habitatge.<\/strong><\/p>\n\n\n<div class=\"wp-block-image\">\n<figure class=\"aligncenter is-resized\"><img decoding=\"async\" src=\"https:\/\/magazine.monapart.com\/sites\/default\/files\/styles\/scale_960xn_\/public\/mediabrowser\/turistas_en_las_ramblas.jpg?itok=Pyi1Q20m\" alt=\"Barcelona ha deixat de ser amable. Turistes a les Rambles | Monapart\" style=\"width:727px;height:auto\"\/><\/figure>\n<\/div>\n\n\n<h5 class=\"wp-block-heading has-medium-font-size\">Connexi\u00f3 i tecnologia: facilitadors del canvi<\/h5>\n\n\n\n<p><strong>La capacitat de treballar remotament, potenciada per la tecnologia, ha perm\u00e8s a moltes persones replantejar-se el lloc de resid\u00e8ncia sense comprometre la seva vida professional.<\/strong>&nbsp;Aquest canvi \u00e9s particularment apreciat per habitants de ciutats grans com Barcelona, que ara contemplen la vida en zones rurals o semiurbanes com una alternativa viable. Segons un reportatge d&#039;El Pa\u00eds, la frustraci\u00f3 amb l&#039;enrenou urb\u00e0 i la percepci\u00f3 que&nbsp;<a href=\"https:\/\/elpais.com\/espana\/catalunya\/2022-12-10\/hartos-de-vivir-en-la-ciudad-de-barcelona-que-se-marchan-de-la-ciudad-ha-dejado-de-ser-amable.html#\" target=\"_blank\" rel=\"noopener\">\u00abla ciutat ha deixat de ser amable\u00bb<\/a>&nbsp;estan impulsant molta gent a buscar \u00abun respir\u00bb a llocs m\u00e9s tranquils, tend\u00e8ncia refor\u00e7ada per millores en la connexi\u00f3 a internet i en altres tecnologies.<\/p>\n\n\n\n<blockquote class=\"wp-block-quote alignright is-layout-flow wp-block-quote-is-layout-flow\">\n<p>&quot;La revoluci\u00f3 tecnol\u00f2gica i l&#039;adopci\u00f3 massiva del teletreball han fet que viure fora de les grans urbs sigui una opci\u00f3 m\u00e9s viable que mai.&quot;<\/p>\n<\/blockquote>\n\n\n\n<p>La revoluci\u00f3 tecnol\u00f2gica i l&#039;adopci\u00f3 massiva del teletreball han fet que viure fora de les grans urbs sigui una opci\u00f3 m\u00e9s viable que mai. Aquest canvi no nom\u00e9s permet als individus millorar-ne la qualitat de vida, sin\u00f3 que tamb\u00e9 mant\u00e9 intactes les seves carreres, ja que no necessiten desconnectar-se de les seves obligacions professionals.&nbsp;<\/p>\n\n\n\n<p>En resum,&nbsp;<strong>la millora en la connectivitat i la tecnologia est\u00e0 facilitant un canvi significatiu en la manera com les persones trien viure i treballar,&nbsp;<\/strong>consolidant la tend\u00e8ncia de mudar-se a entorns m\u00e9s tranquils i amigables, mentre es mantenen activament connectats i productius a nivell professional.<\/p>\n\n\n\n<figure class=\"wp-block-image\"><img decoding=\"async\" src=\"https:\/\/magazine.monapart.com\/sites\/default\/files\/styles\/scale_960xn_\/public\/mediabrowser\/piso-veta-carrer-pau-picasso-dosrius-9-jpg-65c217999a642.jpg?itok=OSYltNx6\" alt=\"Ad\u00e9u Barcelona. Hola Slow Life! | Monapart\"\/><\/figure>\n\n\n\n<h5 class=\"wp-block-heading has-medium-font-size\">Una excel\u00b7lent alternativa: Promoci\u00f3 Bosc del Maresme a Dosrius<\/h5>\n\n\n\n<p>En el context de la creixent tend\u00e8ncia de buscar una vida m\u00e9s tranquil\u00b7la fora de les grans ciutats, la promoci\u00f3 Bosc del Maresme, liderada per Valgreen a la localitat de Dosrius, es presenta com una opci\u00f3 destacada per a aquells que desitgen una resid\u00e8ncia en harmonia amb la natura i sustentada en principis ecol\u00f2gics.<\/p>\n\n\n\n<figure class=\"wp-block-image\"><img decoding=\"async\" src=\"https:\/\/magazine.monapart.com\/sites\/default\/files\/styles\/scale_960xn_\/public\/mediabrowser\/fase_2_promocion_ecoviviendas_dosrius_valgreen.jpg?itok=WPINxpNf\" alt=\"Ad\u00e9u Barcelona. Hola Slow Life! | Monapart\"\/><\/figure>\n\n\n\n<p>Aquest projecte \u00e9s part d\u201fun moviment m\u00e9s ampli cap a la relocalitzaci\u00f3 en comunitats m\u00e9s petites i sostenibles, en resposta a la recerca de qualitat de vida, lluny de l\u201festr\u00e8s urb\u00e0. Amb la FASE 1 ja completada i venuda (aqu\u00ed en pots veure alguns&nbsp;<a href=\"https:\/\/www.youtube.com\/channel\/UC2KUOuURDZHItsCWsL4sKlw\" target=\"_blank\" rel=\"noopener\">testimonials de propietaris<\/a>&nbsp;que van optar pel canvi), i la FASE 2 en desenvolupament, Bosc del Maresme ofereix 22 eco-habitatges i 2 eco-oficines que no nom\u00e9s satisfan necessitats residencials sin\u00f3 que tamb\u00e9 fomenten un estil de vida comunitari i sustentable.<\/p>\n\n\n\n<p>Aquests habitatges estan dissenyats amb tecnologia de&nbsp;<strong>construcci\u00f3 bioclim\u00e0tica i materials ecol\u00f2gics<\/strong>&nbsp;com la fusta, el que garanteix una&nbsp;<strong>m\u00e0xima efici\u00e8ncia energ\u00e8tica&nbsp;<\/strong>i un impacte ambiental redu\u00eft. A m\u00e9s, el disseny de les cases prioritza l&#039;orientaci\u00f3 solar i la ventilaci\u00f3 natural, caracter\u00edstiques que contribueixen tant al confort com a la reducci\u00f3 del consum d&#039;energia.<\/p>\n\n\n\n<p>La comunitat de Bosc del Maresme disposa de m\u00e9s de 2.000m\u00b2 d&#039;espais compartits que inclouen \u00e0rees com ara gimnasos, horts comunitaris i piscina ecol\u00f2gica, promovent un enriquiment del teixit social i un estil de vida actiu i saludable. La incorporaci\u00f3 de zones per a teletreball i espais multifuncionals reflecteix una entesa profunda de les necessitats modernes, on la flexibilitat i la connectivitat s\u00f3n essencials.<\/p>\n\n\n\n<figure class=\"wp-block-image\"><img decoding=\"async\" src=\"https:\/\/magazine.monapart.com\/sites\/default\/files\/styles\/scale_960xn_\/public\/mediabrowser\/collage_promocion_bosc_del_maresme_dosrius_valgreen.png?itok=k6xdaGcQ\" alt=\"Ad\u00e9u Barcelona. Hola Slow Life! | Monapart\"\/><\/figure>\n\n\n\n<p>Els premis rebuts per Valgreen, incloent el reconeixement de la&nbsp;<a href=\"https:\/\/www.europapress.es\/catalunya\/noticia-premis-apce-2022-galardonan-poplac-valgreen-conren-tramway-constecnia-fundacio-salas-20231019225535.html#google_vignette\" target=\"_blank\" rel=\"noopener\">Associaci\u00f3 de Constructors i Promotors d\u00b4Espanya<\/a>&nbsp;i el&nbsp;<a href=\"https:\/\/www.saint-gobain.es\/actualidad\/saint-gobain-premia-las-mejores-practicas-de-construccion-sostenible-en-espana\" target=\"_blank\" rel=\"noopener\">Premi Saint-Gobain 2023 a la millor pr\u00e0ctica de construcci\u00f3 sostenible<\/a>, testimonien l&#039;\u00e8xit i la innovaci\u00f3 del projecte. Aquests guardons no nom\u00e9s reafirmen la qualitat i el comprom\u00eds de Valgreen amb la sostenibilitat, sin\u00f3 que tamb\u00e9 destaquen Bosc del Maresme com una proposta de valor per a aquells que busquen un canvi significatiu cap a un estil de vida m\u00e9s sostenible i comunitari.<\/p>\n\n\n\n<h5 class=\"wp-block-heading has-medium-font-size\">El Maresme: una destinaci\u00f3 ideal fora de Barcelona<\/h5>\n\n\n\n<p>El Maresme, situat a prop de Barcelona, s&#039;ha establert com una destinaci\u00f3 ideal per a aquells que busquen un canvi d&#039;escenari fora de la gran ciutat. Amb el seu encant costaner i un ambient tranquil, aquest lloc destaca pels paisatges naturals i el clima agradable, oferint una vida serena al marge de l&#039;urbs. A la poblaci\u00f3 de Dosrius, el cor de la comarca, la promoci\u00f3 de 22 ecohabitatges de Valgreen es presenta com una opci\u00f3 ideal per als que volen mantenir-se a prop de Barcelona, per\u00f2 en un entorn m\u00e9s rural i pac\u00edfic.<\/p>\n\n\n\n<p>Si us interessa explorar aquests habitatges \u00fanics, Monapart disposa d&#039;una variada selecci\u00f3 de propietats al Maresme com aquesta&nbsp;<a href=\"https:\/\/www.monapart.com\/magazine\/ca\/viviendas-barcelona\/casa-unifamiliar-reformada-de-5-habitaciones-garaje-y-terraza-en-mataro-barcelona\/\">casa unifamiliar a Matar\u00f3<\/a>, aquest&nbsp;<a href=\"https:\/\/www.monapart.com\/magazine\/ca\/viviendas-barcelona\/atico-a-estrenar-de-3-habitaciones-con-terraza-y-vistas-en-cabrera-del-mar\/\">\u00e0tic a Cabrera de Mar<\/a>, aquesta&nbsp;<a href=\"https:\/\/www.monapart.com\/magazine\/ca\/viviendas-barcelona\/preciosa-casa-adosada\/\">casa adossada amb vistes al mar a Masnou<\/a>, aquesta&nbsp;<a href=\"https:\/\/www.monapart.com\/magazine\/ca\/viviendas-barcelona\/chalet-de-6-habitaciones-y-3-banos-con-vistas-al-mar-en-vilassar-de-mar\/\">casa unifamiliar a prop de la platja a Vilassar de Mar<\/a>&nbsp;o aquesta&nbsp;<a href=\"https:\/\/www.monapart.com\/magazine\/ca\/viviendas-barcelona\/promocion-de-obra-nueva-de-11-viviendas-con-zona-de-piscina-y-jardin-aparcamiento-y-trasteros-5\/\">promoci\u00f3 d&#039;obra nova a Badalona<\/a>, totes opcions que et permeten viure m\u00e9s a prop de la natura i en entorns m\u00e9s tranquils sense renunciar a les comoditats urbanes.<\/p>\n\n\n\n<p>Optar per viure fora de Barcelona s&#039;est\u00e0 convertint en una elecci\u00f3 popular per a aquells que cerquen un equilibri entre naturalesa i accessibilitat. Si et sents inspirat per un canvi cap a un estil de vida m\u00e9s sostenible i pac\u00edfic, explora les nostres ofertes i uneix-te a la nostra newsletter per no perdre&#039;t les darreres tend\u00e8ncies en habitatge i estil de vida.<\/p>","protected":false},"excerpt":{"rendered":"<p>Alguna vegada has somiat deixar enrere el bullici de la ciutat a la recerca de pau i contacte amb la natura? Et presentem aquesta promoci\u00f3 d&#039;ecohabitatges al Maresme per dir: Ad\u00e9u Barcelona. Hola Slow Life!<\/p>","protected":false},"author":20,"featured_media":17051,"comment_status":"closed","ping_status":"closed","sticky":false,"template":"","format":"standard","meta":{"_acf_changed":false,"footnotes":""},"categories":[2844,2848],"tags":[3242,3008],"class_list":["post-15510","post","type-post","status-publish","format-standard","has-post-thumbnail","hentry","category-hogar","category-hogar-eco","tag-ecovivienda","tag-sostenibilidad"],"acf":[],"_links":{"self":[{"href":"https:\/\/www.monapart.com\/magazine\/ca\/wp-json\/wp\/v2\/posts\/15510","targetHints":{"allow":["GET"]}}],"collection":[{"href":"https:\/\/www.monapart.com\/magazine\/ca\/wp-json\/wp\/v2\/posts"}],"about":[{"href":"https:\/\/www.monapart.com\/magazine\/ca\/wp-json\/wp\/v2\/types\/post"}],"author":[{"embeddable":true,"href":"https:\/\/www.monapart.com\/magazine\/ca\/wp-json\/wp\/v2\/users\/20"}],"replies":[{"embeddable":true,"href":"https:\/\/www.monapart.com\/magazine\/ca\/wp-json\/wp\/v2\/comments?post=15510"}],"version-history":[{"count":3,"href":"https:\/\/www.monapart.com\/magazine\/ca\/wp-json\/wp\/v2\/posts\/15510\/revisions"}],"predecessor-version":[{"id":17052,"href":"https:\/\/www.monapart.com\/magazine\/ca\/wp-json\/wp\/v2\/posts\/15510\/revisions\/17052"}],"wp:featuredmedia":[{"embeddable":true,"href":"https:\/\/www.monapart.com\/magazine\/ca\/wp-json\/wp\/v2\/media\/17051"}],"wp:attachment":[{"href":"https:\/\/www.monapart.com\/magazine\/ca\/wp-json\/wp\/v2\/media?parent=15510"}],"wp:term":[{"taxonomy":"category","embeddable":true,"href":"https:\/\/www.monapart.com\/magazine\/ca\/wp-json\/wp\/v2\/categories?post=15510"},{"taxonomy":"post_tag","embeddable":true,"href":"https:\/\/www.monapart.com\/magazine\/ca\/wp-json\/wp\/v2\/tags?post=15510"}],"curies":[{"name":"wp","href":"https:\/\/api.w.org\/{rel}","templated":true}]}}