{"id":15501,"date":"2024-02-26T16:21:00","date_gmt":"2024-02-26T15:21:00","guid":{"rendered":"https:\/\/www.monapart.com\/magazine\/?post_type=mnprt_news_article&#038;p=15501"},"modified":"2025-09-09T15:54:38","modified_gmt":"2025-09-09T13:54:38","slug":"comunicar-des-de-lemocion-clau-per-a-lexit-immobiliari","status":"publish","type":"post","link":"https:\/\/www.monapart.com\/magazine\/ca\/gente-real\/comunicar-desde-la-emocion-clave-para-el-exito-inmobiliario","title":{"rendered":"Comunicar des de l\u00b4emoci\u00f3: clau per al\u00b4\u00e8xit immobiliari"},"content":{"rendered":"<h1 class=\"wp-block-heading\">Comunicar des de l\u00b4emoci\u00f3: clau per al\u00b4\u00e8xit immobiliari<\/h1>\n\n\n\n<h2 class=\"wp-block-heading\">Volem estirar la relaci\u00f3 com un xiclet sabor\u00f3s de llarga durada, perqu\u00e8 el nostre client tingui bon sabor de boca durant molt de temps i no deixi de recomanar-nos.<\/h2>\n\n\n\n<p>Al sector immobiliari, comunicar des de l&#039;emoci\u00f3 \u00e9s essencial per connectar efica\u00e7ment amb els nostres clients i establir vincles duradors amb ells. <\/p>\n\n\n\n<figure class=\"wp-block-image\"><img decoding=\"async\" src=\"https:\/\/magazine.monapart.com\/sites\/default\/files\/styles\/scale_960xn_\/public\/news\/comunicar_desde_la_emocion_bansky_monapart.jpg?itok=9mubSmCG\" alt=\"Comunicar des de l\u00b4emoci\u00f3 | Monapart \"\/><\/figure>\n\n\n\n<h5 class=\"wp-block-heading has-medium-font-size\">La import\u00e0ncia de les emocions en la comunicaci\u00f3<\/h5>\n\n\n\n<p>La paraula \u00abemoci\u00f3\u00bb prov\u00e9 del llat\u00ed emovere, que vol dir passar a l&#039;acci\u00f3. Aquest origen etimol\u00f2gic ressalta la capacitat de les emocions per motivar accions: alegria, r\u00e0bia, amor i il\u00b7lusi\u00f3 s\u00f3n sentiments que ens mouen a prendre decisions.<\/p>\n\n\n\n<p>En una era on estem exposats a m\u00e9s de 5.000 missatges al dia, captar l?atenci\u00f3 es torna tot un desafiament. Nom\u00e9s un 12% daquests missatges aconsegueixen ser recordats i provocar una acci\u00f3. Per aix\u00f2, per destacar i mobilitzar,&nbsp;<strong>la comunicaci\u00f3 ha de ser emocionalment ressonant.<\/strong><\/p>\n\n\n\n<blockquote class=\"wp-block-quote alignright is-layout-flow wp-block-quote-is-layout-flow\">\n<p>\u201cLa gent oblidar\u00e0 el que vas dir, oblidar\u00e0 el que vas fer, per\u00f2 no oblidar\u00e0 com els vas fer sentir\u201d \u00b7 Maya Angelou<\/p>\n<\/blockquote>\n\n\n\n<h5 class=\"wp-block-heading has-medium-font-size\">Com les emocions influeixen en la interpretaci\u00f3 i la resposta<\/h5>\n\n\n\n<p>Les emocions tenen un paper crucial en la comunicaci\u00f3 interpersonal influint significativament en com interpretem i responem als missatges. D&#039;una banda, les emocions positives, com l&#039;alegria, la gratitud o l&#039;emoci\u00f3, poden crear un ambient d&#039;obertura i de receptivitat, facilitant la comunicaci\u00f3 efectiva. D&#039;altra banda, les emocions negatives, com ara la ira, la tristesa o la frustraci\u00f3, poden generar barreres i dificultar la comprensi\u00f3 i la col\u00b7laboraci\u00f3.<\/p>\n\n\n\n<p>\u00c9s fonamental que els professionals que tracten di\u00e0riament amb clients siguin conscients de les emocions que estan experimentant i de com aquestes emocions influeixen en el seu comportament. Aquesta&nbsp;<strong>consci\u00e8ncia emocional<\/strong>&nbsp;permet al professional adaptar el missatge i el to de la comunicaci\u00f3 per crear una millor connexi\u00f3 amb els seus clients i satisfer les necessitats de manera m\u00e9s efectiva.<\/p>\n\n\n\n<p>A m\u00e9s,&nbsp;<strong>les emocions s\u00f3n la base per crear connexions i relacions s\u00f2lides.<\/strong>&nbsp;Mostrar empatia i compartir emocions amb el nostre interlocutor ajuda a construir confian\u00e7a i comprensi\u00f3 m\u00fatua. Quan els clients senten que s\u00f3n escoltats i compresos, \u00e9s m\u00e9s probable que se sentin satisfets amb latenci\u00f3 rebuda i que desenvolupin una relaci\u00f3 duradora amb nosaltres.<\/p>\n\n\n\n<p>Finalment, les emocions tamb\u00e9 poden mobilitzar les persones i generar experi\u00e8ncies memorables. Les emocions positives associades amb una marca o un producte poden impulsar els clients a fer compres o recomanar l&#039;empresa a altres. Per contra, les emocions negatives poden generar insatisfacci\u00f3 i aband\u00f3.<\/p>\n\n\n\n<h5 class=\"wp-block-heading has-medium-font-size\">Dades i emocions: una combinaci\u00f3 poderosa<\/h5>\n\n\n\n<p>A nivell professional, ens ha portat molt de temps introduir metodologies de comunicaci\u00f3 que donin robustesa a la part emocional com l&#039;storytelling per exemple. Tot i aix\u00f2, les dades reflecteixen perqu\u00e8 aquestes t\u00e8cniques s\u00f3n tan importants. Qu\u00e8 sabem avui?:<\/p>\n\n\n\n<ul class=\"wp-block-list\">\n<li>Una persona nom\u00e9s recorda el 5% de les dades que us donem.<\/li>\n\n\n\n<li>Per\u00f2 si us parlem des de l&#039;emoci\u00f3 i el benefici, aconseguim que recordeu un 60% del nostre missatge.<\/li>\n\n\n\n<li>Les dades es fan servir per\u00f2 no mobilitzen ja que nom\u00e9s activen dues \u00e0rees del cervell: llenguatge i processament del llenguatge. \u00c0rees que es desactiven molt de pressa.<\/li>\n\n\n\n<li>Les dades s\u00f3n necess\u00e0ries, per\u00f2 cal fer un pas m\u00e9s si volem ser memorables i efectius.&nbsp;<strong>Combinar dades amb emocions \u00e9s una estrat\u00e8gia poderosa.<\/strong><\/li>\n<\/ul>\n\n\n\n<h5 class=\"wp-block-heading has-medium-font-size\">La import\u00e0ncia de la comunicaci\u00f3 emocional al sector immobiliari<\/h5>\n\n\n\n<p><strong>Per als agents immobiliaris, comunicar des de l&#039;emoci\u00f3 no \u00e9s nom\u00e9s una estrat\u00e8gia sin\u00f3 un factor clau d&#039;\u00e8xit<\/strong>&nbsp;pels motius seg\u00fcents:<\/p>\n\n\n\n<ol class=\"wp-block-list\">\n<li>Un context general de saturaci\u00f3 dinformaci\u00f3.<\/li>\n\n\n\n<li>Un context sectorial altament competit i amb propostes de valor indiferenciades.<\/li>\n\n\n\n<li>Les noves maneres d&#039;apel\u00b7lar al consumidor basades en intangibles (experi\u00e8ncia) i no en tangibles (caracter\u00edstiques del producte o servei).&nbsp;<\/li>\n<\/ol>\n\n\n\n<p>Saber entendre i utilitzar les emocions per a l&#039;agent immobiliari pot marcar la difer\u00e8ncia entre una simple transacci\u00f3 immobili\u00e0ria o una relaci\u00f3 duradora i significativa amb el client m\u00e9s enll\u00e0 de la signatura a notaria. Aquesta habilitat per connectar emocionalment amb els nostres clients pot (deu!)&nbsp;<strong>\u201cdestransaccionalitzar\u201d<\/strong>&nbsp;la relaci\u00f3 i contribuir a tancar vendes de manera m\u00e9s efectiva i memorable; treballar en una relaci\u00f3 basada en la confian\u00e7a m\u00fatua i afavorir l&#039;entrada de negoci futur gr\u00e0cies a les recomanacions.&nbsp;<\/p>\n\n\n\n<h5 class=\"wp-block-heading has-medium-font-size\">Gestionar la c\u00e0rrega emocional en el proc\u00e9s de venda o lloguer<\/h5>\n\n\n\n<p>L&#039;habitatge \u00e9s un tema delicat i juntament amb l&#039;ocupaci\u00f3, els diners, la salut i la fam\u00edlia afecta profundament les persones. Quan un propietari decideix posar el seu habitatge en venda o lloguer, est\u00e0 totalment fora de la seva zona de confort, amb els nervis i l&#039;emotivitat a flor de pell; necessita prendre decisions amb calma i sovint, no sap verbalitzar les pors i no sempre les raons que esgrimeix s\u00f3n les reals. A m\u00e9s, quan un ven el seu habitatge, sovint no \u00e9s per motiu alegre (divorci, problemes econ\u00f2mics, mort dels progenitors, etc.); aquests motius s\u00f3n profundament emotius i de vegades poden fer vergonya exposar-los.&nbsp;<\/p>\n\n\n\n<p>Quines compet\u00e8ncies i t\u00e8cniques pot aplicar un agent immobiliari per comunicar des de l&#039;emoci\u00f3, destransaccionalitzar la relaci\u00f3 i estirar la relaci\u00f3 amb el seu client com un xiclet de llarga durada que li deixi bon gust de boca durant molt de temps?&nbsp;<\/p>\n\n\n\n<h5 class=\"wp-block-heading has-medium-font-size\">Compet\u00e8ncies i t\u00e8cniques per comunicar des de l&#039;emoci\u00f3 durant la comercialitzaci\u00f3 immobili\u00e0ria&nbsp;<\/h5>\n\n\n\n<p>Els agents immobiliaris han de comprendre la import\u00e0ncia de gestionar les emocions dels clients durant els processos de venda o lloguer perqu\u00e8 si no comuniquen des de l&#039;emoci\u00f3, estan molt lluny de fer una comunicaci\u00f3 efectiva i mobilitzadora. Per aix\u00f2, \u00e9s crucial anticipar-se, entendre i gestionar les c\u00e0rregues emocionals que acompanyen aquests moments.&nbsp;<\/p>\n\n\n\n<p>Podem aprendre a comunicar millor? S\u00ed, per\u00f2 \u00e9s important entendre que \u00e9s un aprenentatge i cal estar alerta perqu\u00e8 l&#039;\u00fas del llenguatge ha de passar de funcionar de manera \u201cpilot autom\u00e0tic\u201d a ser un proc\u00e9s m\u00e9s reflexionat i conscient perqu\u00e8 despr\u00e9s, ja apr\u00e8s, torni a ser un proc\u00e9s senzill i autom\u00e0tic, de la mateixa manera com aprenem a tocar un instrument o conduir.&nbsp;<strong>L\u00b4aprenentatge de l\u00b4habilitat en comunicaci\u00f3 efectiva demana de nosaltres responsabilitat, proactivitat i mentalitat de creixement.&nbsp;<\/strong>Algunes compet\u00e8ncies clau s\u00f3n:<\/p>\n\n\n\n<h5 class=\"wp-block-heading has-medium-font-size\">Escolta activa<\/h5>\n\n\n\n<p>L&#039;agent immobiliari ha de parar esment no nom\u00e9s a les paraules, sin\u00f3 tamb\u00e9 a les emocions subjacents.&nbsp;<strong>\u00c9s fonamental entendre no nom\u00e9s all\u00f2 que es diu, sin\u00f3 tamb\u00e9 i sobretot, all\u00f2 que no es diu.&nbsp;<\/strong>Aix\u00f2 us permetr\u00e0 entendre millor les veritables necessitats i preocupacions dels seus clients, enfortint aix\u00ed la seva capacitat per oferir solucions m\u00e9s ajustades i personalitzades.<\/p>\n\n\n\n<blockquote class=\"wp-block-quote alignright is-layout-flow wp-block-quote-is-layout-flow\">\n<p>&quot;La comunicaci\u00f3 no \u00e9s el que dic jo, \u00e9s el que l&#039;altre percep.&quot;<\/p>\n<\/blockquote>\n\n\n\n<h5 class=\"wp-block-heading has-medium-font-size\">Empatia i \u00fas del llenguatge emocional<\/h5>\n\n\n\n<p>Mostrar empatia i comprensi\u00f3 \u00e9s fonamental.&nbsp;<strong>Recon\u00e8ixer i validar els sentiments dels clients pot ajudar a crear un ambient de confian\u00e7a i seguretat,&nbsp;<\/strong>la qual cosa \u00e9s essencial per a una relaci\u00f3 reeixida.<\/p>\n\n\n\n<p>Utilitzar frases com&nbsp;<em>\u00abEm fa molt feli\u00e7 poder ajudar-te a trobar la casa perfecta per a tu i la teva fam\u00edlia\u00bb<\/em>&nbsp;o&nbsp;<em>\u00abEntenc que la venda de casa teva \u00e9s un moment estressant\u00bb&nbsp;<\/em>poden fer una gran difer\u00e8ncia. Deixar-li espai per a la reflexi\u00f3 pausada, sense angoixar-lo. Usar un to de veu c\u00e0lid, una expressi\u00f3 facial i un llenguatge corporal amigables i un contacte visual en tot moment afavoreixen la creaci\u00f3 d&#039;un clima de complicitat per al client que davant la venda o la compra del seu habitatge est\u00e0 totalment fora de la seva zona de confort.<\/p>\n\n\n\n<figure class=\"wp-block-image\"><img decoding=\"async\" src=\"https:\/\/magazine.monapart.com\/sites\/default\/files\/styles\/scale_960xn_\/public\/mediabrowser\/eje_cabeza_corazon_estomago.png?itok=spBkYKV3\" alt=\"Comunicar des de l\u00b4emoci\u00f3 | Monapart \"\/><\/figure>\n\n\n\n<p><strong>\u00c9s fonamental comprendre des de quin \u201ccervell\u201d ens comunica el nostre interlocutor per poder adaptar la nostra comunicaci\u00f3 i llenguatge al seu estat emocional.&nbsp;<\/strong>Ens parla des de la racionalitat, l&#039;emotivitat o des de les necessitats m\u00e9s b\u00e0siques? En altres paraules, cal considerar si el seu enfocament prov\u00e9 del cap, el cor o l&#039;est\u00f3mac. Per exemple, si el client est\u00e0 emocionat per comprar una casa, parlar des del cor i amb entusiasme ho far\u00e0 m\u00e9s receptiu a la informaci\u00f3. En canvi, un client estressat o ansi\u00f3s, que es comunica des de l&#039;est\u00f3mac, requerir\u00e0 una interacci\u00f3 m\u00e9s calmada i clara per tranquil\u00b7litzar les preocupacions i satisfer les necessitats b\u00e0siques. Manejar adequadament aquests diferents eixos de comunicaci\u00f3 no \u00e9s una habilitat innata per a tothom, i sovint fallem en recon\u00e8ixer-los i adaptar-nos-hi en comunicar. Aquesta q\u00fcesti\u00f3, encara que aparentment senzilla, \u00e9s un dels aspectes m\u00e9s cr\u00edtics i desafiadors en la comunicaci\u00f3 efectiva.<\/p>\n\n\n\n<figure class=\"wp-block-image\"><img decoding=\"async\" src=\"https:\/\/magazine.monapart.com\/sites\/default\/files\/styles\/scale_960xn_\/public\/mediabrowser\/la_persistencia_de_la_memoria_salvador_dali.jpeg?itok=XYlOzb80\" alt=\"Comunicar des de l\u00b4emoci\u00f3 | Monapart \"\/><\/figure>\n\n\n\n<h5 class=\"wp-block-heading has-medium-font-size\">I despr\u00e9s qu\u00e8? La postvenda, la gran oblidada<\/h5>\n\n\n\n<p>D&#039;acord. Ja hem signat davant de notari. Tot ha anat estupendament; rialles, ll\u00e0grimes, emocions\u2026 La meravellosa sensaci\u00f3 de marcador a zero. I ara qu\u00e8? Com a agents immobiliaris tenim sensaci\u00f3 de triomf, de missi\u00f3 complerta. El m\u00e9s dif\u00edcil est\u00e0 fet\u2026 Per\u00f2 compte! Ara s&#039;obre un nou cap\u00edtol i cal posar els llums llargs: la postvenda. \u00c9s habitual subestimar-la i suspendre en postvenda, com aquesta assignatura \u201cmaria\u201d de l&#039;escola que no estudiaves per \u201cf\u00e0cil\u201d i que t&#039;acabava quedant al setembre per soquet.&nbsp;<\/p>\n\n\n\n<p><strong>Tenir un bon protocol de postvenda (i aplicar-ho) \u00e9s una de les millors maneres de generar negoci futur<\/strong>&nbsp;i ens permet estirar la relaci\u00f3 amb el nostre client molt m\u00e9s enll\u00e0 de la transacci\u00f3, com un xiclet de llarga durada que li deixi bon gust de boca durant molt de temps.&nbsp;<\/p>\n\n\n\n<blockquote class=\"wp-block-quote alignright is-layout-flow wp-block-quote-is-layout-flow\">\n<p>\u201cUn agent amb 5 anys d&#039;experi\u00e8ncia i 4 vendes\/any de mitjana t\u00e9 80 clients antics, 80 prescriptors i 80 fam\u00edlies a les quals pot tenir acc\u00e9s.\u201d<\/p>\n<\/blockquote>\n\n\n\n<p>I aix\u00f2 com es fa? Hi ha diverses t\u00e0ctiques\u2026 un calendari de newsletters peri\u00f2diques, recordatoris agendats per enviar email\/tel\u00e8fon\/whatsapp i preguntar com va tot, etc. Tamb\u00e9 podem fer servir les xarxes socials a manera de cord\u00f3 umbilical amb els nostres clients ja que si les fem servir de forma intel\u00b7ligent i compartim continguts de valor di\u00e0riament, mantenim viva la conversa amb ells.<\/p>\n\n\n\n<p>I no nom\u00e9s amb ells. Doncs a poc a poc anirem cultivant una comunitat composta per exclients, futurs clients, ve\u00efns de la nostra zona d&#039;actuaci\u00f3, simples seguidors\u2026 i si som consistents, no impostem i no subestimem la nostra audi\u00e8ncia (un altre dia parlarem de les marques \u201cShow de Truman\u201d) \u00e9s una excel\u00b7lent forma de tenir una massa mare de negoci present i futur amb diversos beneficis col\u00b7laterals.<\/p>\n\n\n\n<h5 class=\"wp-block-heading has-medium-font-size\">Un objectiu: crear emocions positives i ser memorables<\/h5>\n\n\n\n<p>I tot aix\u00f2 per qu\u00e8? F\u00e0cil. En un sector com l&#039;immobiliari on&nbsp;<a href=\"https:\/\/www.monapart.com\/es\/magazine\/sector-inmobiliario\/en-el-sector-inmobiliario-el-viaje-del-cliente-es-solo-de-ida\">el viatge del client \u00e9s nom\u00e9s d&#039;anada<\/a>&nbsp;perqu\u00e8 repeteix en comptad\u00edssimes ocasions (la persones venen un habitatge una vegada a la vida), la principal font d&#039;entrada de negoci per a la majoria dels professionals immobiliaris \u00e9s la recomanaci\u00f3, que per a un exclient \u00e9s com repetir amb nosaltres per\u00f2 sense vendre.&nbsp;<\/p>\n\n\n\n<blockquote class=\"wp-block-quote alignright is-layout-flow wp-block-quote-is-layout-flow\">\n<p>\u201cSi som memorables ens recomanessin i el lead de referit \u00e9s or perqu\u00e8 \u00e9s el lead m\u00e9s convertible, comprom\u00e8s i econ\u00f2mic.\u201d&nbsp;<\/p>\n<\/blockquote>\n\n\n\n<p>En efecte, les recomanacions s\u00f3n or per a un agent immobiliari perqu\u00e8 el lead de referit \u00e9s el m\u00e9s convertible, comprom\u00e8s i econ\u00f2mic. I amb aquesta premissa, podem entendre r\u00e0pidament la import\u00e0ncia de deixar un impacte positiu en els nostres clients i ser memorables com a forma de romandre a la seva mem\u00f2ria de manera positiva.&nbsp;<strong>M\u00e9s pres\u00e8ncia a la vida dels nostres clients genera una major pertinen\u00e7a, i una major pertinen\u00e7a condueix a una major rellev\u00e0ncia.&nbsp;<\/strong>Per tant, si volem que els nostres clients ens recordin i ens recomanin, \u00e9s important que ens apliquem a deixar-hi un impacte positiu cada vegada que interactu\u00efn amb nosaltres.<\/p>\n\n\n\n<p>En conclusi\u00f3, la comunicaci\u00f3 \u00e9s una part essencial del dia a dia d&#039;un agent immobiliari i ha de ser capa\u00e7 de comunicar-se efica\u00e7ment amb els seus clients. Comunicar des de l&#039;emoci\u00f3 no nom\u00e9s mobilitza, sin\u00f3 que tamb\u00e9 cultiva el vincle amb el client, facilita la negociaci\u00f3, fomenta l&#039;entrada de negoci futur gr\u00e0cies a les recomanacions i molt m\u00e9s.\u00a0\u00a0<\/p>\n\n\n\n<p><\/p>","protected":false},"excerpt":{"rendered":"<p>Volem estirar la relaci\u00f3 com un xiclet sabor\u00f3s de llarga durada, perqu\u00e8 el nostre client tingui bon sabor de boca durant molt de temps i no deixi de recomanar-nos.<\/p>","protected":false},"author":4,"featured_media":15502,"comment_status":"closed","ping_status":"closed","sticky":false,"template":"","format":"standard","meta":{"_acf_changed":false,"footnotes":""},"categories":[2849,2850],"tags":[3063,2877],"class_list":["post-15501","post","type-post","status-publish","format-standard","has-post-thumbnail","hentry","category-gente-real","category-formacion-inmobiliaria","tag-comunicacion","tag-marketing"],"acf":[],"_links":{"self":[{"href":"https:\/\/www.monapart.com\/magazine\/ca\/wp-json\/wp\/v2\/posts\/15501","targetHints":{"allow":["GET"]}}],"collection":[{"href":"https:\/\/www.monapart.com\/magazine\/ca\/wp-json\/wp\/v2\/posts"}],"about":[{"href":"https:\/\/www.monapart.com\/magazine\/ca\/wp-json\/wp\/v2\/types\/post"}],"author":[{"embeddable":true,"href":"https:\/\/www.monapart.com\/magazine\/ca\/wp-json\/wp\/v2\/users\/4"}],"replies":[{"embeddable":true,"href":"https:\/\/www.monapart.com\/magazine\/ca\/wp-json\/wp\/v2\/comments?post=15501"}],"version-history":[{"count":2,"href":"https:\/\/www.monapart.com\/magazine\/ca\/wp-json\/wp\/v2\/posts\/15501\/revisions"}],"predecessor-version":[{"id":19128,"href":"https:\/\/www.monapart.com\/magazine\/ca\/wp-json\/wp\/v2\/posts\/15501\/revisions\/19128"}],"wp:featuredmedia":[{"embeddable":true,"href":"https:\/\/www.monapart.com\/magazine\/ca\/wp-json\/wp\/v2\/media\/15502"}],"wp:attachment":[{"href":"https:\/\/www.monapart.com\/magazine\/ca\/wp-json\/wp\/v2\/media?parent=15501"}],"wp:term":[{"taxonomy":"category","embeddable":true,"href":"https:\/\/www.monapart.com\/magazine\/ca\/wp-json\/wp\/v2\/categories?post=15501"},{"taxonomy":"post_tag","embeddable":true,"href":"https:\/\/www.monapart.com\/magazine\/ca\/wp-json\/wp\/v2\/tags?post=15501"}],"curies":[{"name":"wp","href":"https:\/\/api.w.org\/{rel}","templated":true}]}}