{"id":15495,"date":"2024-03-11T15:54:00","date_gmt":"2024-03-11T14:54:00","guid":{"rendered":"https:\/\/www.monapart.com\/magazine\/?post_type=mnprt_news_article&#038;p=15495"},"modified":"2025-10-10T13:19:01","modified_gmt":"2025-10-10T11:19:01","slug":"chamberi-al-detall","status":"publish","type":"post","link":"https:\/\/www.monapart.com\/magazine\/ca\/hogar\/chamberi-al-detalle","title":{"rendered":"Xamber\u00ed al detall"},"content":{"rendered":"<h1 class=\"wp-block-heading\">Xamber\u00ed al detall<\/h1>\n\n\n\n<h2 class=\"wp-block-heading\">En aquest article, Nieves Archilla us proposa un recorregut per les seves botigues, monuments i racons m\u00e9s castissos.<\/h2>\n\n\n<div class='post-info'>11 de mar\u00e7 de 2024 per <a href='https:\/\/www.monapart.com\/magazine\/ca\/autor\/nieves-archilla'>Nieves Archilla<\/a><\/div>\n\n\n\n<p>Chamber\u00ed \u00e9s un dels districtes m\u00e9s emblem\u00e0tics de Madrid on l&#039;arquitectura aristocr\u00e0tica conviu amb una vibrant escena cultural i gastron\u00f2mica.<\/p>\n\n\n\n<figure class=\"wp-block-image\"><img decoding=\"async\" src=\"https:\/\/magazine.monapart.com\/sites\/default\/files\/styles\/scale_960xn_\/public\/mediabrowser\/la-estacion-de-metro-de-chamberi_cfederico_jorda.jpg?itok=buPuTnnD\" alt=\"Recorregut immobiliari per Chamber\u00ed per Nieves Archilla | Monapart\"\/><\/figure>\n\n\n\n<h5 class=\"wp-block-heading has-medium-font-size\">Chamber\u00ed, un dels districtes m\u00e9s demandats a Madrid&nbsp;<\/h5>\n\n\n\n<p>Chamber\u00ed \u00e9s un dels districtes m\u00e9s antics i emblem\u00e0tics de Madrid i que ha experimentat una gran transformaci\u00f3 al llarg dels anys, mantenint el seu passat aristocr\u00e0tic i combinant-lo amb ofertes gastron\u00f2miques, culturals i art\u00edstiques modernes. Per aix\u00f2&nbsp;<strong>Chamber\u00ed, tot i ser el districte m\u00e9s petit de Madrid, ha esdevingut una de les zones favorites tant per invertir en propietats com per gaudir de plans de cap de setmana.&nbsp;<\/strong>\u00c9s ideal per als que busquen una barreja de tradici\u00f3 i modernitat en un ambient tranquil, tot i estar al centre.<\/p>\n\n\n\n<p>Zones ic\u00f2niques com Fuencarral, Ponzano, Pla\u00e7a d&#039;Olavide i Santa Engracia s\u00f3n ara epicentres de botigues independents, restaurants de moda, teatres, cinemes\u2026 Chamber\u00ed sempre t\u00e9 alguna cosa nova per oferir!<\/p>\n\n\n\n<p>Chamber\u00ed es compon de sis barris: Almagro, R\u00edos Rosas, Gaztambide, Arapiles, Trafalgar i Vallehermoso.&nbsp;&nbsp;<\/p>\n\n\n\n<p>D&#039;on ve aquest aire aristocr\u00e0tic? Del segle XIX, quan esdevingu\u00e9 realment un lloc pr\u00f2sper, resid\u00e8ncia de l&#039;alta societat i l&#039;aristocr\u00e0cia madrilenya. Un per\u00edode d&#039;esplendor que es reflecteix a l&#039;arquitectura ecl\u00e8ctica de les elegants mansions i palauets que encara es conserven, edificis modernistes, neog\u00f2tics, neomud\u00e8jars. En alguns casos, avui s\u00f3n seus d&#039;ambaixades importants, universitats o \u00f2rgans de l&#039;administraci\u00f3 p\u00fablica.<\/p>\n\n\n\n<p>I on va quedar el toc cast\u00eds? A tavernes tradicionals de tota la vida, que encara podr\u00e0s trobar, amb les caracter\u00edstiques rajoles blaves i blanques i barres d&#039;acer on prendre unes canyes o el vermut.<\/p>\n\n\n\n<figure class=\"wp-block-image\"><img decoding=\"async\" src=\"https:\/\/magazine.monapart.com\/sites\/default\/files\/styles\/scale_960xn_\/public\/mediabrowser\/vista_de_chamberi-cluis-garcia.jpg?itok=YthLfnCq\" alt=\"Recorregut immobiliari per Chamber\u00ed per Nieves Archilla | Monapart \"\/><\/figure>\n\n\n\n<h5 class=\"wp-block-heading has-medium-font-size\">Com \u00e9s el mercat immobiliari a Chamber\u00ed?<\/h5>\n\n\n\n<p>En termes immobiliaris, Chamber\u00ed \u00e9s un districte en auge. Segons les dades m\u00e9s recents,&nbsp;<strong>el preu de l&#039;habitatge a Chamber\u00ed ha experimentat un increment notable els darrers anys. El preu mitj\u00e0 de venda, segons Idealista, \u00e9s de 6.977 \u20ac\/m2, marcant el seu m\u00e0xim hist\u00f2ric el mes de setembre passat, amb una pujada interanual del 15,3%. La demanda de lloguers continua alta a causa de la seva proximitat amb universitats i la seva excel\u00b7lent connexi\u00f3 amb la resta de Madrid.<\/strong><\/p>\n\n\n\n<p>Els barris d&#039;Almagro i R\u00edos Rosas s\u00f3n cobejats especialment pels seus edificis hist\u00f2rics i mansions senyorials, cosa que els converteix en \u00e0rees d&#039;alta demanda d&#039;habitatges de luxe o inversors que busquen habitatges amb alt potencial de revaloraci\u00f3. Propietats venudes recentment inclouen apartaments reformats a Almagro, les vendes dels quals superen f\u00e0cilment el mili\u00f3 d&#039;euros, i pisos a R\u00edos Rosas que oscil\u00b7len entre 600.000 i 900.000 euros.&nbsp;<\/p>\n\n\n\n<p>Si busquem propietats m\u00e9s assequibles ens hem de centrar en barris com Gaztambide o Vallehermoso.<\/p>\n\n\n\n<blockquote class=\"wp-block-quote alignright is-layout-flow wp-block-quote-is-layout-flow\">\n<p>\u00abViure a Chamber\u00ed \u00e9s gaudir d?una vida tranquil\u00b7la en un entorn ple d?hist\u00f2ria i cultura, sense renunciar als avantatges de viure al centre de Madrid.\u00bb<\/p>\n<\/blockquote>\n\n\n\n<h5 class=\"wp-block-heading has-medium-font-size\">Chamber\u00ed, barri a barri<\/h5>\n\n\n\n<h5 class=\"wp-block-heading has-medium-font-size\">Almagro<\/h5>\n\n\n\n<p><strong>Almagro \u00e9s un dels barris m\u00e9s exclusius i de m\u00e9s valor immobiliari de la capital, on el preu mitj\u00e0 supera els 8.000\u20ac\/m2 segons Idealista, amb propietats d&#039;alt valor hist\u00f2ric i arquitect\u00f2nic.&nbsp;<\/strong>Conegut hist\u00f2ricament com el Triangle d&#039;Or, avui Almagro \u00e9s una mena d&#039;extensi\u00f3 del barri de Salamanca, on el preu de l&#039;habitatge ha assolit el nivell de zones tan top com Castellana o Llista, i m\u00e9s a prop que mai del cobejat barri de Recoletos.&nbsp;<\/p>\n\n\n\n<p>El perfil de comprador a Almagro \u00e9s principalment d&#039;alt poder adquisitiu, cercant resid\u00e8ncies elegants, sovint reformades, amb elements arquitect\u00f2nics protegits. Aqu\u00ed, les propietats es poden vendre per m\u00e9s d&#039;1,5 milions d&#039;euros si es tracta d&#039;un \u00e0tic o un habitatge unifamiliar, fins i tot arribant als m\u00e9s de 10 milions d&#039;euros en algunes propietats m\u00e9s exclusives.<\/p>\n\n\n\n<p><strong>La pres\u00e8ncia de monuments d&#039;inter\u00e8s nacional a Almagro augmenta el valor de les propietats confrontants, i s\u00f3n zones molt buscades per la seva exclusivitat i prestigi.<\/strong>&nbsp;Alguns d&#039;aquests monuments s\u00f3n:<\/p>\n\n\n\n<ul class=\"wp-block-list\">\n<li>El Front\u00f3 Beti-Jai (\u201csempre alegre\u201d en basc), un monument hist\u00f2ric d&#039;estil ecl\u00e8ctic, declarat B\u00e9 d&#039;Inter\u00e8s Cultural.<\/li>\n\n\n\n<li>El Museu Sorolla, palau burg\u00e8s de principis del segle XX, antiga resid\u00e8ncia del pintor Joaqu\u00edn Sorolla i visita obligada per als amants de l&#039;art.&nbsp;<\/li>\n\n\n\n<li>La Casa Garay, actual seu del Col\u00b7legi Oficial d&#039;Enginyers de Camins, Canals i Ports. Un edifici neorom\u00e0nic projectat el 1914 per Manuel Mar\u00eda Smith i Ibarra.<\/li>\n\n\n\n<li>El Palau dels marquesos de Bermejillo del Rey, actual seu del Defensor del Poble, \u00e9s un altre dels edificis neoplaterescos que representen l&#039;esplendor del passat d&#039;Almagro.<\/li>\n\n\n\n<li>El Palauet d&#039;Eduardo Adcoch, constru\u00eft a principis del segle XX per l&#039;arquitecte Jos\u00e9 L\u00f3pez Sallaberry.<\/li>\n<\/ul>\n\n\n\n<figure class=\"wp-block-image\"><img decoding=\"async\" src=\"https:\/\/magazine.monapart.com\/sites\/default\/files\/styles\/scale_960xn_\/public\/mediabrowser\/museo_sorolla_almagro.jpg?itok=lTR97FB3\" alt=\"Recorregut immobiliari per Chamber\u00ed per Nieves Archilla | Monapart \"\/><\/figure>\n\n\n\n<h5 class=\"wp-block-heading has-medium-font-size\">Els mercats d&#039;abastaments i les floristeries de Chamber\u00ed&nbsp;<\/h5>\n\n\n\n<p>Chamber\u00ed tamb\u00e9 ha rescatat els seus tradicionals mercats i els ha donat nova vida. El Mercat de Chamber\u00ed n&#039;\u00e9s un clar exemple, amb el seu espai&nbsp;<a href=\"https:\/\/www.instagram.com\/lachisperia\/\" target=\"_blank\" rel=\"noopener\">La Xisperia<\/a>, ideal per gaudir de la gastronomia m\u00e9s castissa de Madrid.&nbsp;<\/p>\n\n\n\n<p>A m\u00e9s, si vols donar-li un toc especial a casa teva, res com visitar&nbsp;<a href=\"https:\/\/www.instagram.com\/tocamaderadesign\/\" target=\"_blank\" rel=\"noopener\">TocaMadera Design<\/a>, on tenen mobles i elements de decoraci\u00f3 molt originals (tamb\u00e9 pots contractar un projecte de disseny d&#039;interior a les seves fundadores) o b\u00e9 visitar aquestes floristeries meravelloses:&nbsp;<a href=\"https:\/\/www.instagram.com\/botanyco_\/\" target=\"_blank\" rel=\"noopener\">Botanyco<\/a>&nbsp;(els seus propietaris, Jessica i V\u00edctor, van crear una est\u00e8tica vintage que aconsegueix donar un toc gaireb\u00e9 m\u00e0gic a l&#039;espai);&nbsp;<a href=\"https:\/\/www.instagram.com\/alfabiaflores\/\" target=\"_blank\" rel=\"noopener\">Alf\u00e0bia Flors<\/a>&nbsp;(activa des del 1996 i dirigida per Elvira Gonz\u00e1lez d&#039;Aguilar) o&nbsp;<a href=\"https:\/\/www.instagram.com\/casaflorida1988\/\" target=\"_blank\" rel=\"noopener\">Casaflorida<\/a>&nbsp;(que des de 1988 ven centres de flors, decora per a esdeveniments i imparteix cursos).<\/p>\n\n\n\n<figure class=\"wp-block-image\"><img decoding=\"async\" src=\"https:\/\/magazine.monapart.com\/sites\/default\/files\/styles\/scale_960xn_\/public\/mediabrowser\/mercado_de_chamberi.jpg?itok=Y1BIlVfs\" alt=\"Recorregut immobiliari per Chamber\u00ed per Nieves Archilla | Monapart \"\/><\/figure>\n\n\n\n<h5 class=\"wp-block-heading has-medium-font-size\">Rius Roses<\/h5>\n\n\n\n<p>Si continuem cap al nord, a R\u00edos Rosas trobem importants obres arquitect\u00f2niques com l&#039;Hospital de Maudes, constru\u00eft per atendre els obrers madrilenys, i l&#039;Escola T\u00e8cnica Superior d&#039;Enginyers de Mines, un edifici dissenyat per l&#039;arquitecte Vel\u00e1zquez Bosco a finals del segle XIX que afegeix un majestu\u00f3s toc al barri.<\/p>\n\n\n\n<p>Pel que fa al mercat immobiliari,&nbsp;<strong>els preus de R\u00edos Rosas s\u00f3n una mica m\u00e9s assequibles que a Almagro, amb un preu mitj\u00e0 de 7.000 \u20ac\/m2 segons Idealista, seguint molt de prop el seu germ\u00e0 gran, Almagro.&nbsp;<\/strong>\u00c9s un barri molt demanat per fam\u00edlies i joves professionals amb alt poder adquisitiu, que busquen bones connexions de transport i un entorn tranquil.<\/p>\n\n\n\n<p>Propietats venudes a R\u00edos Rosas l&#039;\u00faltim any han assolit entre 600.000 i 900.000 euros, depenent de l&#039;estat de l&#039;habitatge i la seva ubicaci\u00f3 exacta.&nbsp;<strong>Les rehabilitacions d&#039;edificis hist\u00f2rics tamb\u00e9 han generat un renovat inter\u00e8s per R\u00edos Rosas, cosa que impulsa els preus de manera constant.<\/strong><\/p>\n\n\n\n<p>Entre les propostes culturals m\u00e9s destacades hi ha la Sala Canal d&#039;Isabel II, un antic dip\u00f2sit d&#039;aigua constru\u00eft a principis del segle XX i transformat en un espai d&#039;exposicions de fotografia i el Museu Geominero, un espai ideal per als amants de la geologia i la hist\u00f2ria natural que compta amb una impressionant escala imperial i columnes que sostenen una volta acristall.&nbsp;<\/p>\n\n\n\n<p>Si tens una celebraci\u00f3 important, el restaurant&nbsp;<a href=\"https:\/\/www.instagram.com\/modemovimiento\/\" target=\"_blank\" rel=\"noopener\">Mo de Moviment<\/a>&nbsp;\u00e9s un lloc que no et pots perdre. Creat a l&#039;espai de l&#039;antic Teatre Espronceda, aquest projecte sostenible combina inclusi\u00f3 social amb gastronomia de proximitat. Destaca per la gran terrassa coberta i els forns de volta per a pizzes. I una dada curiosa: les gerres que pengen del sostre no s\u00f3n nom\u00e9s un element decoratiu, sin\u00f3 que ajuden a mantenir la temperatura agradable del local.<\/p>\n\n\n\n<figure class=\"wp-block-image\"><img decoding=\"async\" src=\"https:\/\/magazine.monapart.com\/sites\/default\/files\/styles\/scale_960xn_\/public\/mediabrowser\/parque_rios_rosas.jpg?itok=3A1mWZ6W\" alt=\"Recorregut immobiliari per Chamber\u00ed per Nieves Archilla | Monapart \"\/><\/figure>\n\n\n\n<h5 class=\"wp-block-heading has-medium-font-size\">Trafalgar i el #ponzaning<\/h5>\n\n\n\n<p><img decoding=\"async\" src=\"https:\/\/magazine.monapart.com\/sites\/default\/files\/styles\/scale_960xn_\/public\/mediabrowser\/ponzaning.png?itok=7v22a6ib\" alt=\"Recorregut immobiliari per Chamber\u00ed per Nieves Archilla | Monapart \" style=\"\"><\/p>\n\n\n\n<p>El barri Trafalgar \u00e9s un dels punts m\u00e9s animats de Chamber\u00ed, amb la Pla\u00e7a d&#039;Olavide com a epicentre i punt de trobada per excel\u00b7l\u00e8ncia. Especialment despr\u00e9s de la seva recent renovaci\u00f3, que ha apostat per una peatonalitzaci\u00f3 m\u00e9s gran de la zona, millorant encara m\u00e9s el seu atractiu per al terra\u00e7.&nbsp;<\/p>\n\n\n\n<p>En termes de preus immobiliaris,&nbsp;<strong>Trafalgar ofereix una barreja de propietats, des de pisos reformats a edificis hist\u00f2rics fins a habitatges m\u00e9s moderns. Segons Idealista, els preus mitjos han superat els 7.000 \u20ac\/m2, encara que poden variar considerablement depenent de la ubicaci\u00f3 exacta i el tipus de propietat.<\/strong><\/p>\n\n\n\n<p>La renovaci\u00f3 constant, especialment a les zones adjacents a la Pla\u00e7a d&#039;Olavide, ha motivat una alta demanda de compra per part de compradors particulars com per a inversors, cosa que ha propiciat la conseg\u00fcent pujada de preus.&nbsp;<strong>\u00c9s com\u00fa que els compradors interessats en aquesta zona busquin pisos ja reformats per a \u00fas residencial o per a inversi\u00f3 en lloguer temporal o tur\u00edstic, amb una rendibilitat m\u00ednima entre el 4 i el 5%.<\/strong><\/p>\n\n\n\n<p>L&#039;emblem\u00e0tic carrer Ponzano \u00e9s conegut pel fenomen del #ponzaning (l&#039;\u00fanic amb hashtag propi i m\u00e9s de 20.000 publicacions a Instagram), on locals i turistes es barregen per gaudir dels bars i restaurants m\u00e9s de moda. Un lloc destacat \u00e9s la&nbsp;<a href=\"https:\/\/www.instagram.com\/saladedespiece\/\" target=\"_blank\" rel=\"noopener\">Sala d&#039;Especejament<\/a>, un petit bar que imita l&#039;est\u00e8tica d&#039;una carnisseria i sorpr\u00e8n amb la presentaci\u00f3.&nbsp;<\/p>\n\n\n\n<p>Altres locals que no et pots perdre s\u00f3n&nbsp;<a href=\"https:\/\/www.instagram.com\/eldobledemadrid\/\" target=\"_blank\" rel=\"noopener\">El Doble<\/a>, un cl\u00e0ssic per prendre una cervesa ben tirada (o un vermut);&nbsp;<a href=\"https:\/\/www.instagram.com\/lafloreriamadrid\/\" target=\"_blank\" rel=\"noopener\">La Floreria<\/a>, on els seus neons i plantes creen un ambient \u00fanic per gaudir de c\u00f2ctels d&#039;autor; o&nbsp;<a href=\"https:\/\/www.instagram.com\/marabuponzano\/\" target=\"_blank\" rel=\"noopener\">Marab\u00fa<\/a>, un local per tapejar, menjar, cervesejar\u2026 amb pista de ball i sala clandestina de concerts al m\u00e9s pur estil cabaret.&nbsp;&nbsp;&nbsp;<\/p>\n\n\n\n<p>Per\u00f2 no nom\u00e9s de cervesa viu el madrileny\u2026 aix\u00ed que dirigeix-te a la llibreria-cafeteria&nbsp;<a href=\"https:\/\/www.instagram.com\/olavidebardelibros\/\" target=\"_blank\" rel=\"noopener\">Bar de llibres Olavide<\/a>&nbsp;per prendre&#039;t un caf\u00e8 mentre llegeixes qualsevol dels llibres que tenen a la venda; a la&nbsp;<a href=\"https:\/\/www.instagram.com\/relojeriasantolaya\/\" target=\"_blank\" rel=\"noopener\">Rellotgeria Santolaya<\/a>&nbsp;que des de fa sis generacions restauren rellotges antics i d&#039;\u00e8poca; o&nbsp;<a href=\"https:\/\/www.instagram.com\/thisishecho\/\" target=\"_blank\" rel=\"noopener\">Fet<\/a>, una botiga d&#039;objectes de disseny darrere de la Pla\u00e7a d&#039;Olavide, muntada per un grup d&#039;amics arquitectes i dissenyadors.<\/p>\n\n\n\n<h4 class=\"wp-block-heading\"><img decoding=\"async\" src=\"https:\/\/magazine.monapart.com\/sites\/default\/files\/styles\/scale_960xn_\/public\/mediabrowser\/x7-fotos.jpg?itok=ysFycFA1\" alt=\"Recorregut immobiliari per Chamber\u00ed per Nieves Archilla | Monapart \" style=\"\"><\/h4>\n\n\n\n<h5 class=\"wp-block-heading has-medium-font-size\">El carrer Fuencarral<\/h5>\n\n\n\n<p>Un altre gran focus d&#039;activitat! Amb voreres molt amples i per als vianants cada diumenge, trobes comer\u00e7os de tota mena, cinemes, teatres\u2026 I \u00e9s que a Chamber\u00ed les sales han corregut millor sort que altres m\u00edtics cinemes i teatres de la Gran Via, al districte Centre. Tens el cinema Projeccions (en un edifici art dec\u00f3 de 1932), els Cinemes Verdi, Cinemes Pau, Luxury Palafox. Els Teatres del Canal, els Luchana o l&#039;Abadia.<\/p>\n\n\n\n<figure class=\"wp-block-image\"><img decoding=\"async\" src=\"https:\/\/magazine.monapart.com\/sites\/default\/files\/styles\/scale_960xn_\/public\/mediabrowser\/fuencarral_2.jpg?itok=k5D8AFv9\" alt=\"Recorregut immobiliari per Chamber\u00ed per Nieves Archilla | Monapart \"\/><\/figure>\n\n\n\n<h5 class=\"wp-block-heading has-medium-font-size\">Arapiles, Gaztambide i Vallehermoso<\/h5>\n\n\n\n<p>A l&#039;oest de Chamber\u00ed, els barris d&#039;Arapils, Gaztambide i Vallehermoso tenen una personalitat pr\u00f2pia, amb una forta pres\u00e8ncia universit\u00e0ria gr\u00e0cies a la proximitat a la Ciutat Universit\u00e0ria i diverses institucions acad\u00e8miques com la Universitat Complutense, la UNED i la Universitat Polit\u00e8cnica de Madrid.<\/p>\n\n\n\n<p>Aqu\u00ed el mercat immobiliari est\u00e0 dominat per lloguers a causa de la gran pres\u00e8ncia d&#039;estudiants i professionals joves que se senten atrets per la proximitat a universitats.<\/p>\n\n\n\n<p><strong>Segons Idealista, el preu mitj\u00e0 en aquests barris \u00e9s una mica m\u00e9s assequible, amb una mitjana al voltant dels 6.000 \u20ac\/m2, cosa que els converteix en una opci\u00f3 m\u00e9s interessant per a inversors que busquen rendibilitat de lloguer.&nbsp;<\/strong><\/p>\n\n\n\n<p>Un aspecte destacat \u00e9s l\u201foferta d\u201foci i cultura.&nbsp;<strong>El barri de Vallehermoso est\u00e0 veient un augment en la rehabilitaci\u00f3 d&#039;edificis, cosa que ha generat un inter\u00e8s renovat per aquest barri tradicionalment m\u00e9s residencial.<\/strong><\/p>\n\n\n\n<p>Pel que fa a curiositats arquitect\u00f2niques, el Palauet de la&nbsp;<a href=\"https:\/\/www.instagram.com\/casademexicoenespana\/\" target=\"_blank\" rel=\"noopener\">Casa de M\u00e8xic<\/a>&nbsp;i la Casa de les Flors, de l&#039;arquitecte Secundino Zuazo, destaquen entre els edificis hist\u00f2rics de la zona.&nbsp;<\/p>\n\n\n\n<p>Si ets amant del cinema i la televisi\u00f3, a la Pla\u00e7a del Comte Valle de Suchil podr\u00e0s veure una r\u00e8plica de la famosa cabina de tel\u00e8fon vermella de la pel\u00b7l\u00edcula d&#039;Antonio Mercero \u201cLa cabina\u201d, protagonitzada per Jos\u00e9 Luis L\u00f3pez V\u00e1zquez.<\/p>\n\n\n\n<p>T&#039;agrada la m\u00fasica en directe? Les m\u00edtiques sales Clamores i Galileo Galilei s\u00f3n imprescindibles per gaudir de concerts en un ambient proper i acollidor.<\/p>\n\n\n\n<h5 class=\"wp-block-heading has-medium-font-size\">Alguns comer\u00e7os amb m\u00e9s solera de Chamber\u00ed<\/h5>\n\n\n\n<p>Els comer\u00e7os tradicionals segueixen marcant el car\u00e0cter de Chamber\u00ed, com el&nbsp;<a href=\"https:\/\/www.instagram.com\/salondesfleurs\/\" target=\"_blank\" rel=\"noopener\">Sal\u00f3 de Fleurs<\/a>, un multiespai inspirat en \u201cAl\u00edcia al Pa\u00eds de les Meravelles\u201d que combina floristeria, sal\u00f3 de te i botiga. Un altre referent \u00e9s&nbsp;<a href=\"https:\/\/www.instagram.com\/canterano.decoracion\/\" target=\"_blank\" rel=\"noopener\">del planter<\/a>, una botiga de decoraci\u00f3 que organitza cursos i tallers per als ve\u00efns des de 1984.&nbsp;<\/p>\n\n\n\n<p>Si busques alguna cosa m\u00e9s artesanal,&nbsp;<a href=\"https:\/\/www.instagram.com\/fabricadetexturas\/\" target=\"_blank\" rel=\"noopener\">La F\u00e0brica de textures<\/a>&nbsp;\u00e9s el teu lloc. Aqu\u00ed podeu aprendre t\u00e8cniques d&#039;impressi\u00f3 i serigrafia en un entorn molt creatiu. Meravella.<\/p>\n\n\n\n<p>\u00c9s incre\u00efble trobar tants contrastos i tanta vida a un mateix districte. Aix\u00f2 \u00e9s Chamber\u00ed. Sofisticat, cast\u00eds, tradicional, modern, art\u00edstic, creatiu, cultural\u2026 Un barri que segueix sent barri, i que se segueix transformant perqu\u00e8 viure aqu\u00ed sigui el teu refugi, la teva aventura, el teu tret amb amics\u2026 La teva hist\u00f2ria.<\/p>\n\n\n\n<figure class=\"wp-block-image\"><img decoding=\"async\" src=\"https:\/\/magazine.monapart.com\/sites\/default\/files\/styles\/scale_960xn_\/public\/mediabrowser\/tiendas-con-solera-en-chamberi.jpg?itok=RPxKhg3z\" alt=\"Recorregut immobiliari per Chamber\u00ed per Nieves Archilla | Monapart \"\/><\/figure>\n\n\n\n<p>Chamber\u00ed \u00e9s un districte ple de vida, que combina la tranquil\u00b7litat d\u00b4un barri residencial amb la vitalitat de la seva oferta cultural, comercial i gastron\u00f2mica. En aquest article hem recorregut els carrers, edificis hist\u00f2rics, botigues i monuments, per\u00f2 tamb\u00e9 hem destacat les oportunitats immobili\u00e0ries que ofereix.<\/p>\n\n\n\n<p><\/p>","protected":false},"excerpt":{"rendered":"<p>Chamber\u00ed \u00e9s un dels districtes m\u00e9s emblem\u00e0tics de Madrid on l&#039;arquitectura aristocr\u00e0tica conviu amb una vibrant escena cultural i gastron\u00f2mica.<\/p>","protected":false},"author":14,"featured_media":15496,"comment_status":"closed","ping_status":"closed","sticky":false,"template":"","format":"standard","meta":{"_acf_changed":false,"footnotes":""},"categories":[2844,2847],"tags":[2878],"class_list":["post-15495","post","type-post","status-publish","format-standard","has-post-thumbnail","hentry","category-hogar","category-vida-de-barrio","tag-madrid"],"acf":[],"_links":{"self":[{"href":"https:\/\/www.monapart.com\/magazine\/ca\/wp-json\/wp\/v2\/posts\/15495","targetHints":{"allow":["GET"]}}],"collection":[{"href":"https:\/\/www.monapart.com\/magazine\/ca\/wp-json\/wp\/v2\/posts"}],"about":[{"href":"https:\/\/www.monapart.com\/magazine\/ca\/wp-json\/wp\/v2\/types\/post"}],"author":[{"embeddable":true,"href":"https:\/\/www.monapart.com\/magazine\/ca\/wp-json\/wp\/v2\/users\/14"}],"replies":[{"embeddable":true,"href":"https:\/\/www.monapart.com\/magazine\/ca\/wp-json\/wp\/v2\/comments?post=15495"}],"version-history":[{"count":3,"href":"https:\/\/www.monapart.com\/magazine\/ca\/wp-json\/wp\/v2\/posts\/15495\/revisions"}],"predecessor-version":[{"id":19676,"href":"https:\/\/www.monapart.com\/magazine\/ca\/wp-json\/wp\/v2\/posts\/15495\/revisions\/19676"}],"wp:featuredmedia":[{"embeddable":true,"href":"https:\/\/www.monapart.com\/magazine\/ca\/wp-json\/wp\/v2\/media\/15496"}],"wp:attachment":[{"href":"https:\/\/www.monapart.com\/magazine\/ca\/wp-json\/wp\/v2\/media?parent=15495"}],"wp:term":[{"taxonomy":"category","embeddable":true,"href":"https:\/\/www.monapart.com\/magazine\/ca\/wp-json\/wp\/v2\/categories?post=15495"},{"taxonomy":"post_tag","embeddable":true,"href":"https:\/\/www.monapart.com\/magazine\/ca\/wp-json\/wp\/v2\/tags?post=15495"}],"curies":[{"name":"wp","href":"https:\/\/api.w.org\/{rel}","templated":true}]}}