{"id":15490,"date":"2024-04-01T15:23:00","date_gmt":"2024-04-01T13:23:00","guid":{"rendered":"https:\/\/www.monapart.com\/magazine\/?post_type=mnprt_news_article&#038;p=15490"},"modified":"2025-04-02T10:15:14","modified_gmt":"2025-04-02T08:15:14","slug":"mireia-ruiz-viure-i-crear-a-tot-color","status":"publish","type":"post","link":"https:\/\/www.monapart.com\/magazine\/ca\/hogar\/mireia-ruiz-vivir-y-crear-a-todo-color","title":{"rendered":"Mireia Ruiz, viure i crear a tot color"},"content":{"rendered":"<h1 class=\"wp-block-heading\">Mireia Ruiz, viure i crear a tot color<\/h1>\n\n\n\n<h2 class=\"wp-block-heading\"><strong>Una artista pl\u00e0stica que transforma cada llen\u00e7 en un di\u00e0leg vibrant de colors i formes.<\/strong><\/h2>\n\n\n<div class='post-info'>1 d&#039;abril del 2024 per <a href='https:\/\/www.monapart.com\/magazine\/ca\/autor\/olgasala'>Olga Sala<\/a><\/div>\n\n\n\n<figure class=\"wp-block-image\"><img decoding=\"async\" src=\"https:\/\/magazine.monapart.com\/sites\/default\/files\/styles\/scale_960xn_\/public\/mediabrowser\/mireia_ruiz_arte_entrevista_monapart_12.png?itok=zc76z1Ez\" alt=\"Mireia Ruiz, viure i crear a tot color | Monapart \"\/><\/figure>\n\n\n\n<h3 class=\"wp-block-heading\">Des del seu estudi a Barcelona, la Mireia barreja tons que capturen emocions, i en aquesta entrevista ens explica com aquests colors no nom\u00e9s adornen, sin\u00f3 que narren hist\u00f2ries. No et perdis la perspectiva \u00fanica que combina art, ecologia i un toc m\u00e0gic de nost\u00e0lgia vuitanta. Submergeix-te al seu m\u00f3n!&nbsp;<\/h3>\n\n\n\n<h5 class=\"wp-block-heading has-medium-font-size\">Parla&#039;ns de tu i de la teva feina. On va n\u00e9ixer la teva vocaci\u00f3?<\/h5>\n\n\n\n<p>S\u00f3c artista pl\u00e0stica i visual, nascuda a Barcelona. He exercit com a directora d&#039;art i actualment estic centrada a la meva faceta art\u00edstica.<\/p>\n\n\n\n<p>El meu treball est\u00e0 molt lligat a l&#039;expressi\u00f3 del color com a eina comunicativa ia la composici\u00f3 geom\u00e8trica. La meva obra es basa en el plaer que em provoca combinar colors, els seus tons, freds i calents, neutres i saturats, no tinc barreres\u2026 \u00c9s curi\u00f3s com el meu estat d&#039;\u00e0nim es plasma en aquell mateix moment, en qu\u00e8 faig un pacte de colors davant del llen\u00e7 en blanc.<\/p>\n\n\n\n<p>La meva relaci\u00f3 amb el color ve de petita, una inf\u00e0ncia immersa a l&#039;est\u00e8tica dels anys 80, aix\u00f2 marca la meva carrera i s&#039;expressa en els meus treballs. Recordo que la meva mare insistia molt en la combinaci\u00f3 de colors a la meva roba, els meus mitjons havien d&#039;anar combinats amb la meva samarreta i aix\u00ed amb tot. Tamb\u00e9 vaig tenir \u00e8poques que vestia completament de blau, de vermell o de rosa.<\/p>\n\n\n\n<blockquote class=\"wp-block-quote alignright is-layout-flow wp-block-quote-is-layout-flow\">\n<p>El color exerceix un poder comunicatiu i un missatge positiu en la meva personalitat que intento que es reflecteixi a la meva feina.<\/p>\n<\/blockquote>\n\n\n\n<p>M&#039;apassiona pintar des de sempre. M&#039;agradava \u00abjugar a pintar\u00bb, cosa que no entenien la majoria dels meus amics. El primer record que em va marcar, va ser amb la meva \u00e0via materna, que cada estiu pintava tots els testos del jard\u00ed. Era una experi\u00e8ncia m\u00e0gica de veure com el color podia transformar l&#039;entorn.<\/p>\n\n\n\n<figure class=\"wp-block-image\"><img decoding=\"async\" src=\"https:\/\/magazine.monapart.com\/sites\/default\/files\/styles\/scale_960xn_\/public\/mediabrowser\/mireia_ruiz_arte_entrevista_monapart_4.png?itok=1inNv30J\" alt=\"Mireia Ruiz, viure i crear a tot color | Monapart \"\/><\/figure>\n\n\n\n<figure class=\"wp-block-image\"><img decoding=\"async\" src=\"https:\/\/magazine.monapart.com\/sites\/default\/files\/styles\/scale_960xn_\/public\/mediabrowser\/mireia_ruiz_arte_entrevista_monapart_8.png?itok=3qjUzbZX\" alt=\"Mireia Ruiz, viure i crear a tot color | Monapart \"\/><\/figure>\n\n\n\n<h5 class=\"wp-block-heading has-medium-font-size\">Qu\u00e8 \u00e9s el que m\u00e9s et satisf\u00e0 de la teva feina? Alg\u00fa del que et sentis especialment orgullosa?<\/h5>\n\n\n\n<p>M&#039;agraden especialment les obres que faig amb collage de fustes. S\u00f3n fustes que recicle, ja que les trobo pel bosc, pel carrer o d&#039;un fuster que em deixa recollir els sobrants de la feina. \u00c9s una manera especial de donar una segona vida a aquestes restes i transformar-les en art.<\/p>\n\n\n\n<p>Una obra que representa aquests collage va ser exposada recentment a Su\u00efssa i es diu \u201cTroballes\u201d. En catal\u00e0, \u201ctreballs\u201d \u00e9s el plural de \u201ctroballa\u201d que significa \u201ctroballa\u201d o \u201cdescobriment\u201d. Ve del verb \u201ctrobar\u201d, que significa \u201ctrobar\u201d.<\/p>\n\n\n\n<p>Les peces de fusta que componen l&#039;obra s\u00f3n el resum d&#039;aquestes trobades amb el material i els encaix com si fos un joc de tetris. \u201cTreballs\u201d \u00e9s transformar el que \u00e9s ordinari en una cosa significativa.<\/p>\n\n\n\n<figure class=\"wp-block-image\"><img decoding=\"async\" src=\"https:\/\/magazine.monapart.com\/sites\/default\/files\/styles\/scale_960xn_\/public\/mediabrowser\/mireia_ruiz_arte_entrevista_monapart_11.png?itok=8ZECuzoY\" alt=\"Mireia Ruiz, viure i crear a tot color | Monapart \"\/><\/figure>\n\n\n\n<figure class=\"wp-block-image\"><img decoding=\"async\" src=\"https:\/\/magazine.monapart.com\/sites\/default\/files\/styles\/scale_960xn_\/public\/mediabrowser\/mireia_ruiz_arte_entrevista_monapart_10.png?itok=LfT66UDF\" alt=\"Mireia Ruiz, viure i crear a tot color | Monapart \"\/><\/figure>\n\n\n\n<h5 class=\"wp-block-heading has-medium-font-size\">Com \u00e9s el teu proc\u00e9s creatiu? Quines s\u00f3n les fonts d&#039;inspiraci\u00f3? Alguna m\u00fasica especialment mentre treballes?<\/h5>\n\n\n\n<p>\u200b\u200bEl meu proc\u00e9s creatiu neix en l&#039;elecci\u00f3 de la gamma crom\u00e0tica que \u00e9s un dels moments m\u00e9s importants i que dep\u00e8n de com em senti i qu\u00e8 vull transmetre. Li dono una import\u00e0ncia superior i \u00e9s un dels moments m\u00e9s excitants per a mi.<\/p>\n\n\n\n<p>La meva dosi d&#039;inspiraci\u00f3 \u00e9s a tot arreu, pel carrer, als museus, etc. Per\u00f2 hi ha un lloc que visito cada setmana: \u00e9s un mercat de segona m\u00e0 a Barcelona, Els Encants a prop del museu de Disseny Dhub. Aquest lloc permet veure la quantitat d&#039;objectes que crea l&#039;\u00e9sser hum\u00e0, de tot arreu del m\u00f3n i de totes les \u00e8poques. \u00c9s molt interessant observar cada parada, plena de mil objectes sense connexi\u00f3, i molts s\u00f3n objectes oblidats esperant una segona oportunitat. D&#039;aqu\u00ed en compro molts que despr\u00e9s faig servir a les meves obres i fotografies, \u00e9s una manera de reciclar i consumir d&#039;una manera m\u00e9s responsable.<\/p>\n\n\n\n<p>La m\u00fasica m&#039;acompanya quan treballo, sempre ritmes alegres que em facin ballar.<\/p>\n\n\n\n<h5 class=\"wp-block-heading has-medium-font-size\">Color, llibre, pel\u00b7li i disc favorits. Per aquest ordre! ;D<\/h5>\n\n\n\n<figure class=\"wp-block-image size-large\"><img loading=\"lazy\" decoding=\"async\" width=\"1024\" height=\"410\" src=\"https:\/\/www.monapart.com\/magazine\/wp-content\/uploads\/2024\/04\/Beige-Brown-Animated-Autumn-Harvest-Photo-Collage-Instagram-Reel-Banner-de-exterior-3048-\u00d7-1219-cm-1024x410.png\" alt=\"Mireia Ruiz, viure i crear a tot color | Monapart \" class=\"wp-image-15530\" srcset=\"https:\/\/www.monapart.com\/magazine\/wp-content\/uploads\/2024\/04\/Beige-Brown-Animated-Autumn-Harvest-Photo-Collage-Instagram-Reel-Banner-de-exterior-3048-\u00d7-1219-cm-1024x410.png 1024w, https:\/\/www.monapart.com\/magazine\/wp-content\/uploads\/2024\/04\/Beige-Brown-Animated-Autumn-Harvest-Photo-Collage-Instagram-Reel-Banner-de-exterior-3048-\u00d7-1219-cm-300x120.png 300w, https:\/\/www.monapart.com\/magazine\/wp-content\/uploads\/2024\/04\/Beige-Brown-Animated-Autumn-Harvest-Photo-Collage-Instagram-Reel-Banner-de-exterior-3048-\u00d7-1219-cm-768x307.png 768w, https:\/\/www.monapart.com\/magazine\/wp-content\/uploads\/2024\/04\/Beige-Brown-Animated-Autumn-Harvest-Photo-Collage-Instagram-Reel-Banner-de-exterior-3048-\u00d7-1219-cm-1536x614.png 1536w, https:\/\/www.monapart.com\/magazine\/wp-content\/uploads\/2024\/04\/Beige-Brown-Animated-Autumn-Harvest-Photo-Collage-Instagram-Reel-Banner-de-exterior-3048-\u00d7-1219-cm-2048x819.png 2048w\" sizes=\"auto, (max-width: 1024px) 100vw, 1024px\" \/><\/figure>\n\n\n\n<div class=\"wp-block-columns is-layout-flex wp-container-core-columns-is-layout-9d6595d7 wp-block-columns-is-layout-flex\">\n<div class=\"wp-block-column is-layout-flow wp-block-column-is-layout-flow\" style=\"flex-basis:100%\">\n<figure class=\"wp-block-image\"><img decoding=\"async\" src=\"https:\/\/magazine.monapart.com\/sites\/default\/files\/styles\/scale_960xn_\/public\/mediabrowser\/mireia_ruiz_arte_entrevista_monapart_3.png?itok=Gtw-Ipyk\" alt=\"Mireia Ruiz, viure i crear a tot color | Monapart \"\/><\/figure>\n<\/div>\n<\/div>\n\n\n\n<p><\/p>\n\n\n\n<figure class=\"wp-block-image\"><img decoding=\"async\" src=\"https:\/\/magazine.monapart.com\/sites\/default\/files\/styles\/scale_960xn_\/public\/mediabrowser\/mireia_ruiz_arte_entrevista_monapart_9.png?itok=2_Xo0sbW\" alt=\"Mireia Ruiz, viure i crear a tot color | Monapart \"\/><\/figure>\n\n\n\n<h5 class=\"wp-block-heading has-medium-font-size\">\u00c9s casa teva reflex de qui ets? Explica&#039;ns a qu\u00e8 fa olor, el teu rac\u00f3 favorit, el teu objecte decoratiu o moble fetitxe, si atresores alguna col\u00b7lecci\u00f3\u2026 I si tens mascota, presenta&#039;ns-la!<\/h5>\n\n\n\n<p>Realment el reflex de qui s\u00f3c \u00e9s el meu estudi, on treballo. El meu rac\u00f3 favorit \u00e9s la meva prestatgeria on exposo algunes de les meves obres i objectes peculiars que guardo.<\/p>\n\n\n\n<p>Tinc un motlle d&#039;una dentadura que em t\u00e9 fascinada i el quadre que vaig fer amb tres anys, \u201cEl senyor dels globus\u201d.<\/p>\n\n\n\n<p>El meu moble fetitxe \u00e9s un tamboret al qual tinc un afecte especial. \u00c9s disseny de Curro Claret en col\u00b7laboraci\u00f3 amb la Fundaci\u00f3 Arrels. La pe\u00e7a est\u00e0 feta per membres d?Arrels Barcelona, persones que han estat al carrer i estan en risc d?exclusi\u00f3 social. La intenci\u00f3 \u00e9s involucrar els participants en el proc\u00e9s de creaci\u00f3, oferint una oportunitat per ajudar a recuperar-los.<\/p>\n\n\n\n<p>El meu espai fa olor d&#039;una barreja de pintura i fusta, encara que acostumo a encendre alguna espelma amb una aroma a vainilla, m&#039;agraden les olors dolces.<\/p>\n\n\n\n<p>No tinc mascota, \ud83d\ude41<\/p>\n\n\n\n<figure class=\"wp-block-image\"><img decoding=\"async\" src=\"https:\/\/magazine.monapart.com\/sites\/default\/files\/styles\/scale_960xn_\/public\/mediabrowser\/mireia_ruiz_arte_entrevista_monapart_1.png?itok=yJXHtagp\" alt=\"Mireia Ruiz, viure i crear a tot color | Monapart \"\/><\/figure>\n\n\n\n<figure class=\"wp-block-image\"><img decoding=\"async\" src=\"https:\/\/magazine.monapart.com\/sites\/default\/files\/styles\/scale_960xn_\/public\/mediabrowser\/mireia_ruiz_arte_entrevista_monapart_5.png?itok=Bp236FWE\" alt=\"Mireia Ruiz, viure i crear a tot color | Monapart \"\/><\/figure>\n\n\n\n<h5 class=\"wp-block-heading has-medium-font-size\">Si poguessis comprar-te qualsevol cosa ara mateix i emportar-te-la a casa, quina seria? Qualsevol cosa!<\/h5>\n\n\n\n<p>Em compraria la Dining Windsor Chair de Wilkinson &amp; Rivera<\/p>\n\n\n\n<h5 class=\"wp-block-heading has-medium-font-size\">Un pla a casa sempre inclou\u2026<\/h5>\n\n\n\n<p>Amics, un bon menjar, i sobretaula llarga.<\/p>\n\n\n\n<h5 class=\"wp-block-heading has-medium-font-size\">Tens algun plat estrella?<\/h5>\n\n\n\n<p>M&#039;encanta un bon arr\u00f2s cald\u00f3s de marisc.<\/p>\n\n\n\n<h5 class=\"wp-block-heading has-medium-font-size\">Quin \u00e9s el teu lloc preferit a la teva ciutat? I a l&#039;estranger?<\/h5>\n\n\n\n<p>El meu lloc favorit de Barcelona \u00e9s el mercat dels Encants, m&#039;encanta, vaig cada dissabte.<\/p>\n\n\n\n<p>Em va agradar molt El Moderna Musset de Stockholm que vaig visitar aquest estiu.<\/p>\n\n\n\n<figure class=\"wp-block-image\"><img decoding=\"async\" src=\"https:\/\/magazine.monapart.com\/sites\/default\/files\/styles\/scale_960xn_\/public\/mediabrowser\/mireia_ruiz_arte_entrevista_monapart_6.png?itok=TnALGEOw\" alt=\"Mireia Ruiz, viure i crear a tot color | Monapart \"\/><\/figure>\n\n\n\n<figure class=\"wp-block-image\"><img decoding=\"async\" src=\"https:\/\/magazine.monapart.com\/sites\/default\/files\/styles\/scale_960xn_\/public\/mediabrowser\/mireia_ruiz_arte_entrevista_monapart_7.png?itok=7NORPb6j\" alt=\"Mireia Ruiz, viure i crear a tot color | Monapart \"\/><\/figure>\n\n\n\n<h5 class=\"wp-block-heading has-medium-font-size\">Cosa que ens vulguis explicar i que no t&#039;haguem preguntat. Parla ara o calla per sempre!<\/h5>\n\n\n\n<p>Sempre m&#039;agrada citar com a referent Hilma af Klint\/(1862-1944), pintora sueca i la veritable pionera de l&#039;art abstracte. La que hauria de compartir espai als llibres d&#039;art amb Kandisnky\u2026 Es guanyava la vida amb l&#039;art figuratiu, els paisatges i els retrats. Per\u00f2 va comen\u00e7ar a pintar uns quadres simb\u00f2lics, amb geometries abstractes, etc. Una cosa que a l&#039;\u00e8poca ens es va comprendre i la van rebutjar a les galeries que va visitar. Finalment va guardar aquesta feina i va dir que nom\u00e9s es podia ensenyar passats 20 anys de la seva mort. Ella \u00e9s un exemple per a mi, per la seva experi\u00e8ncia, per la seva feina i la seva hist\u00f2ria com a dona a l&#039;art.<\/p>\n\n\n\n<h3 class=\"wp-block-heading\">Despr\u00e9s de con\u00e8ixer millor Mireia Ruiz, queda clar que cada obra \u00e9s reflex del seu viatge personal. No dubtis a seguir el seu viatge creatiu al seu\u00a0<a href=\"http:\/\/www.mireiaruiz.com\/\" target=\"_blank\" rel=\"noopener\">web<\/a>\u00a0i en el seu\u00a0<a href=\"https:\/\/www.instagram.com\/mireiaysuscosas\/\" target=\"_blank\" rel=\"noopener\">Instagram<\/a>. Apr\u00e8n amb ell com els colors poden transformar la teva percepci\u00f3 del m\u00f3n.<\/h3>\n\n\n\n<p><\/p>","protected":false},"excerpt":{"rendered":"<p>Entra al colorit univers de Mireia Ruiz, una artista pl\u00e0stica que transforma cada llen\u00e7 en un di\u00e0leg vibrant de colors i formes. Des del seu estudi a Barcelona, la Mireia barreja tons que capturen emocions, i en aquesta entrevista ens explica com aquests colors no nom\u00e9s adornen, sin\u00f3 que narren hist\u00f2ries.<\/p>","protected":false},"author":4,"featured_media":15491,"comment_status":"closed","ping_status":"closed","sticky":false,"template":"","format":"standard","meta":{"_acf_changed":false,"footnotes":""},"categories":[2844,2845],"tags":[2868,2870],"class_list":["post-15490","post","type-post","status-publish","format-standard","has-post-thumbnail","hentry","category-hogar","category-mi-monapart","tag-arte","tag-diseno"],"acf":[],"_links":{"self":[{"href":"https:\/\/www.monapart.com\/magazine\/ca\/wp-json\/wp\/v2\/posts\/15490","targetHints":{"allow":["GET"]}}],"collection":[{"href":"https:\/\/www.monapart.com\/magazine\/ca\/wp-json\/wp\/v2\/posts"}],"about":[{"href":"https:\/\/www.monapart.com\/magazine\/ca\/wp-json\/wp\/v2\/types\/post"}],"author":[{"embeddable":true,"href":"https:\/\/www.monapart.com\/magazine\/ca\/wp-json\/wp\/v2\/users\/4"}],"replies":[{"embeddable":true,"href":"https:\/\/www.monapart.com\/magazine\/ca\/wp-json\/wp\/v2\/comments?post=15490"}],"version-history":[{"count":1,"href":"https:\/\/www.monapart.com\/magazine\/ca\/wp-json\/wp\/v2\/posts\/15490\/revisions"}],"predecessor-version":[{"id":15781,"href":"https:\/\/www.monapart.com\/magazine\/ca\/wp-json\/wp\/v2\/posts\/15490\/revisions\/15781"}],"wp:featuredmedia":[{"embeddable":true,"href":"https:\/\/www.monapart.com\/magazine\/ca\/wp-json\/wp\/v2\/media\/15491"}],"wp:attachment":[{"href":"https:\/\/www.monapart.com\/magazine\/ca\/wp-json\/wp\/v2\/media?parent=15490"}],"wp:term":[{"taxonomy":"category","embeddable":true,"href":"https:\/\/www.monapart.com\/magazine\/ca\/wp-json\/wp\/v2\/categories?post=15490"},{"taxonomy":"post_tag","embeddable":true,"href":"https:\/\/www.monapart.com\/magazine\/ca\/wp-json\/wp\/v2\/tags?post=15490"}],"curies":[{"name":"wp","href":"https:\/\/api.w.org\/{rel}","templated":true}]}}