{"id":15476,"date":"2024-05-06T13:44:00","date_gmt":"2024-05-06T11:44:00","guid":{"rendered":"https:\/\/www.monapart.com\/magazine\/?post_type=mnprt_news_article&#038;p=15476"},"modified":"2025-09-22T13:44:06","modified_gmt":"2025-09-22T11:44:06","slug":"joana-santamans-la-natura-com-a-font-inesgotable-dinspiracio","status":"publish","type":"post","link":"https:\/\/www.monapart.com\/magazine\/ca\/hogar\/joana-santamans-la-naturaleza-como-fuente-inagotable-de-inspiracion","title":{"rendered":"Joana Santamans, la natura com a font inesgotable d&#039;inspiraci\u00f3"},"content":{"rendered":"<h1 class=\"wp-block-heading\">Joana Santamans, la natura com a font inesgotable d&#039;inspiraci\u00f3<\/h1>\n\n\n\n<h2 class=\"wp-block-heading\">Ha dissenyat des de murals en hotels de luxe fins a llibres il\u00b7lustrats i \u00e9s col\u00b7laboradora de famoses marques de moda.<\/h2>\n\n\n\n<div class=\"wp-block-group post-header\"><div class=\"wp-block-group__inner-container is-layout-constrained wp-block-group-is-layout-constrained\"><div class='post-info'>6 de maig de 2024 per <a href='https:\/\/www.monapart.com\/magazine\/ca\/autor\/olgasala'>Olga Sala<\/a><\/div>\n\n\n\n<figure class=\"wp-block-image size-full\"><img loading=\"lazy\" decoding=\"async\" width=\"960\" height=\"1176\" src=\"https:\/\/www.monapart.com\/magazine\/wp-content\/uploads\/2025\/03\/joana-santamans-entrevista-monapart-sauvage-peonies.jpg\" alt=\"Joana Santamans, la natura com a font inesgotable d&#039;inspiraci\u00f3 | Monapart\" class=\"wp-image-15478\" style=\"aspect-ratio:16\/9;object-fit:cover\" srcset=\"https:\/\/www.monapart.com\/magazine\/wp-content\/uploads\/2025\/03\/joana-santamans-entrevista-monapart-sauvage-peonies.jpg 960w, https:\/\/www.monapart.com\/magazine\/wp-content\/uploads\/2025\/03\/joana-santamans-entrevista-monapart-sauvage-peonies-245x300.jpg 245w, https:\/\/www.monapart.com\/magazine\/wp-content\/uploads\/2025\/03\/joana-santamans-entrevista-monapart-sauvage-peonies-836x1024.jpg 836w, https:\/\/www.monapart.com\/magazine\/wp-content\/uploads\/2025\/03\/joana-santamans-entrevista-monapart-sauvage-peonies-768x941.jpg 768w\" sizes=\"auto, (max-width: 960px) 100vw, 960px\" \/><\/figure>\n\n\n\n<h3 class=\"wp-block-heading has-medium-font-size\">En aquesta entrevista, explorem el m\u00f3n creatiu de Joana Santamans, una artista multidisciplin\u00e0ria que fusiona pintura, il\u00b7lustraci\u00f3 i disseny per crear obres inspirades a la natura. <\/h3>\n\n\n\n<h5 class=\"wp-block-heading has-medium-font-size\">Parla&#039;ns de tu i de la teva feina. On va n\u00e9ixer la teva vocaci\u00f3?<\/h5>\n\n\n\n<p>Des de petita el meu joc favorit ha estat la pintura i les manualitats creatives de tota mena. Vaig estudiar disseny gr\u00e0fic a EINA perqu\u00e8 vaig pensar que dins del camp art\u00edstic potser era la professi\u00f3 existent que m\u00e9s s&#039;acostava al que em cridava l&#039;atenci\u00f3, per\u00f2 de seguida vaig veure que amb el disseny gr\u00e0fic em sentia limitada, aix\u00ed que vaig fer un postgrau d&#039;il\u00b7lustraci\u00f3 creativa i vaig comen\u00e7ar a pintar.&nbsp;<\/p>\n\n\n\n<p>De mica en mica entre la pintura, el disseny i la il\u00b7lustraci\u00f3 he anat trobant el meu m\u00f3n creatiu i diferents sortides al m\u00f3n professional on faig tant murals per a hotels i restaurants, com llibres il\u00b7lustrats amb diferents editorials, col\u00b7laboracions especials amb empreses per a diferents productes fins a exposicions de les meves col\u00b7leccions de pintura a l&#039;oli i altres t\u00e8cniques.<\/p>\n<\/div><\/div>\n\n\n\n<div class=\"wp-block-group\"><div class=\"wp-block-group__inner-container is-layout-constrained wp-block-group-is-layout-constrained\">\n<div class=\"wp-block-columns is-layout-flex wp-container-core-columns-is-layout-9d6595d7 wp-block-columns-is-layout-flex\">\n<div class=\"wp-block-column is-layout-flow wp-block-column-is-layout-flow\">\n<h5 class=\"wp-block-heading has-medium-font-size\">Qu\u00e8 \u00e9s el que m\u00e9s et satisf\u00e0 de la teva feina? Alg\u00fa del que et sentis especialment orgullosa?<\/h5>\n\n\n\n<p>Estic molt contenta d&#039;haver publicat els meus dos llibres&nbsp;<em>VIDA. Bestiari il\u00b7lustrat<\/em>&nbsp;i&nbsp;<em>VIDA. Herbari Il\u00b7lustrat<\/em>&nbsp;i recentment&nbsp;<em>Animals Invisibles<\/em>&nbsp;amb el pr\u00f2leg de Viggo Mortensen.<\/p>\n\n\n<div class=\"wp-block-image\">\n<figure class=\"alignright size-full is-resized\"><img loading=\"lazy\" decoding=\"async\" width=\"800\" height=\"533\" src=\"https:\/\/www.monapart.com\/magazine\/wp-content\/uploads\/2025\/03\/vida-herbari-illustrat-per-joana-santamans.jpg\" alt=\"Joana Santamans, la natura com a font inesgotable d&#039;inspiraci\u00f3 | Monapart\" class=\"wp-image-15479\" style=\"width:399px;height:auto\" srcset=\"https:\/\/www.monapart.com\/magazine\/wp-content\/uploads\/2025\/03\/vida-herbari-illustrat-per-joana-santamans.jpg 800w, https:\/\/www.monapart.com\/magazine\/wp-content\/uploads\/2025\/03\/vida-herbari-illustrat-per-joana-santamans-300x200.jpg 300w, https:\/\/www.monapart.com\/magazine\/wp-content\/uploads\/2025\/03\/vida-herbari-illustrat-per-joana-santamans-768x512.jpg 768w\" sizes=\"auto, (max-width: 800px) 100vw, 800px\" \/><\/figure>\n<\/div>\n\n\n<p>M&#039;apassiona fer estampats i darrerament he pogut col\u00b7laborar amb la marca de moda YERSE i els meus dissenys han pres forma de teles per a vestits. Estic molt emocionada amb la col\u00b7lecci\u00f3 de wallpapers \u201cNaturae\u201d que he creat amb Coordonn\u00e9, \u00e9s un desig fet realitat des de fa temps. \u00a1L&#039;interiorisme m&#039;atrau un munt des de nena!<\/p>\n\n\n\n<p>Recentment he pintat dos grans murals d&#039;autor a dos hotels de cinc estrelles molt bonics. En concret he pintat un paisatge a l\u00ednia al nou Boutique Hotel Palau Fugit situat al cas antic de Girona i un mural molt bestial d&#039;aire japon\u00e8s a la recepci\u00f3 de l&#039;hotel OHLA al Quadrat d&#039;Or de l&#039;Eixample de Barcelona. Per\u00f2 en aquests moments, el que em satisf\u00e0 m\u00e9s \u00e9s pintar l&#039;oli en gran format. Acabo d&#039;inaugurar una exposici\u00f3 individual de paisatges i flors a l&#039;Espai Par\u00eds by The Room Estudi de Barcelona.<\/p>\n\n\n\n<p>Tamb\u00e9 he estrenat un nou estudi ampli i llumin\u00f3s a l&#039;Empord\u00e0 i m&#039;estic dedicant plenament a la pintura. Estic buscant un nou llenguatge pl\u00e0stic i, despr\u00e9s de la revoluci\u00f3 de la meva recent maternitat, tinc la certesa que el meu cam\u00ed ara em conduir\u00e0 a nous paisatges i noves exposicions plenes de color.<\/p>\n\n\n\n<figure class=\"wp-block-image size-full\"><img loading=\"lazy\" decoding=\"async\" width=\"960\" height=\"641\" src=\"https:\/\/www.monapart.com\/magazine\/wp-content\/uploads\/2025\/03\/joana-santamans-entrevista-monapart-montse-marmol.jpg\" alt=\"Joana Santamans, la natura com a font inesgotable d&#039;inspiraci\u00f3 | Monapart\" class=\"wp-image-15480\" srcset=\"https:\/\/www.monapart.com\/magazine\/wp-content\/uploads\/2025\/03\/joana-santamans-entrevista-monapart-montse-marmol.jpg 960w, https:\/\/www.monapart.com\/magazine\/wp-content\/uploads\/2025\/03\/joana-santamans-entrevista-monapart-montse-marmol-300x200.jpg 300w, https:\/\/www.monapart.com\/magazine\/wp-content\/uploads\/2025\/03\/joana-santamans-entrevista-monapart-montse-marmol-768x513.jpg 768w\" sizes=\"auto, (max-width: 960px) 100vw, 960px\" \/><\/figure>\n<\/div>\n<\/div>\n\n\n\n<h5 class=\"wp-block-heading has-medium-font-size\">Com \u00e9s el teu proc\u00e9s creatiu? Quines s\u00f3n les fonts d&#039;inspiraci\u00f3? Alguna m\u00fasica especialment mentre treballes?<\/h5>\n\n\n\n<p>Tota la meva feina avui dia es caracteritza essencialment per representar plantes i animals. La naturalesa en general \u00e9s una font inesgotable d&#039;inspiraci\u00f3. De petita vaig tenir la sort de cr\u00e9ixer en un entorn rural i vaig estar molt en contacte amb la granja del meu pare. M&#039;atreu mirar els ulls de totes les esp\u00e8cies amb qu\u00e8 compartim el planeta i meravellar-me de la seva exist\u00e8ncia.<\/p>\n\n\n\n<p>Per mi pintar \u00e9s buscar l?ess\u00e8ncia per tocar l?\u00e0nima de l?espectador. En el proc\u00e9s de pintar intento estar molt present i connectada amb l&#039;acci\u00f3 que realitzo. La pintura per mi \u00e9s una necessitat i \u00e9s el que he vingut a fer en aquest m\u00f3n. A les meves pintures em centre sobretot en la composici\u00f3 i el color. M&#039;interessa molt la taca i la textura.<\/p>\n\n\n\n<p>La bellesa \u00e9s una part essencial de la meva feina. I l&#039;art, com a llenguatge universal, ens hauria de connectar amb la bellesa. Moltes vegades m&#039;han dit que semblo una pintora naturalista perqu\u00e8, del proc\u00e9s de pintar, el que m&#039;agrada m\u00e9s \u00e9s observar. M&#039;interessa la pintura de meditaci\u00f3, observar i descobrir un paisatge en un pelatge. \u00c9s com fer zoom per veure un univers sencer\u2026 I aquesta intensitat a la pintura m&#039;interessa. Cert misticisme.&nbsp;<\/p>\n\n\n\n<p>La m\u00fasica m&#039;inspira molt i aconsegueixo crear atmosferes que em recolzen en el proc\u00e9s creatiu, sobretot durant la realitzaci\u00f3. Per pintar escolto m\u00fasica molt variada: pop, folch\u2026 per\u00f2 darrerament sobretot jazz i m\u00fasica cl\u00e0ssica. Un tema que m&#039;encanta ara \u00e9s aquest: de Lakm\u00e9\/ ACT1:&nbsp;<a href=\"https:\/\/open.spotify.com\/track\/3uSyAT77m1gzVhMTbTqcqk?si=7b96836c4ba24b8a\" target=\"_blank\" rel=\"noopener\">\u00abD\u00f4me \u00e9pais\u00bb<\/a><\/p>\n\n\n\n<h5 class=\"wp-block-heading has-medium-font-size\">Color, llibre, pel\u00b7li i disc favorits. Per aquest ordre! ;D<\/h5>\n\n\n\n<figure class=\"wp-block-image size-full\"><img loading=\"lazy\" decoding=\"async\" width=\"960\" height=\"768\" src=\"https:\/\/www.monapart.com\/magazine\/wp-content\/uploads\/2025\/03\/joana-santamans-entrevista-monapart-gustos.png\" alt=\"Joana Santamans, la natura com a font inesgotable d&#039;inspiraci\u00f3 | Monapart\" class=\"wp-image-15481\" srcset=\"https:\/\/www.monapart.com\/magazine\/wp-content\/uploads\/2025\/03\/joana-santamans-entrevista-monapart-gustos.png 960w, https:\/\/www.monapart.com\/magazine\/wp-content\/uploads\/2025\/03\/joana-santamans-entrevista-monapart-gustos-300x240.png 300w, https:\/\/www.monapart.com\/magazine\/wp-content\/uploads\/2025\/03\/joana-santamans-entrevista-monapart-gustos-768x614.png 768w\" sizes=\"auto, (max-width: 960px) 100vw, 960px\" \/><\/figure>\n<\/div><\/div>\n\n\n\n<div class=\"wp-block-group\"><div class=\"wp-block-group__inner-container is-layout-constrained wp-block-group-is-layout-constrained\">\n<h5 class=\"wp-block-heading has-medium-font-size\">\u00c9s casa teva reflex de qui ets? Explica&#039;ns a qu\u00e8 fa olor, el teu rac\u00f3 favorit, el teu objecte decoratiu o moble fetitxe, si atresores alguna col\u00b7lecci\u00f3\u2026 I si tens mascota, presenta&#039;ns-la!<\/h5>\n\n\n<div class=\"wp-block-image\">\n<figure class=\"alignright size-large is-resized\"><img loading=\"lazy\" decoding=\"async\" width=\"683\" height=\"1024\" src=\"https:\/\/www.monapart.com\/magazine\/wp-content\/uploads\/2025\/03\/joana-santamans-entrevista-monapart-ariadna-arnes-683x1024.jpg\" alt=\"Joana Santamans, la natura com a font inesgotable d&#039;inspiraci\u00f3 | Monapart\" class=\"wp-image-15482\" style=\"width:258px;height:auto\" srcset=\"https:\/\/www.monapart.com\/magazine\/wp-content\/uploads\/2025\/03\/joana-santamans-entrevista-monapart-ariadna-arnes-683x1024.jpg 683w, https:\/\/www.monapart.com\/magazine\/wp-content\/uploads\/2025\/03\/joana-santamans-entrevista-monapart-ariadna-arnes-200x300.jpg 200w, https:\/\/www.monapart.com\/magazine\/wp-content\/uploads\/2025\/03\/joana-santamans-entrevista-monapart-ariadna-arnes-768x1152.jpg 768w, https:\/\/www.monapart.com\/magazine\/wp-content\/uploads\/2025\/03\/joana-santamans-entrevista-monapart-ariadna-arnes.jpg 960w\" sizes=\"auto, (max-width: 683px) 100vw, 683px\" \/><\/figure>\n<\/div>\n\n\n<p>\u00c9s clar que s\u00ed! Jo visc i treballo a casa meva. Tant la de Barcelona com la de l&#039;Empord\u00e0 parlen de mi. M&#039;agraden els espais c\u00e0lids i lluminosos amb molta pres\u00e8ncia de fusta i teixits naturals. S\u00f3c molt amant dels espais amb catifes de llana i els sof\u00e0s i llits plens de coixins.<\/p>\n\n\n\n<p>M&#039;agrada l&#039;olor de net, aire fresc i ess\u00e8ncies enfustades. Les parets les prefereixo blanques per alliberar la meva ment i omplir-les de colors en la meva imaginaci\u00f3. Els banys amb papers pintats de la meva col\u00b7lecci\u00f3 Coordonn\u00e9 i els llums de tota la casa amb llum indirecta i molt c\u00e0lida.<\/p>\n\n\n\n<p>La meva gosseta chihuahua \u00e9s petita, afectuosa i divertida, tot un personatge que d\u00f3na molta alegria i afecte a casa, la tinc fillolada i es diu Mica. Me la porto a tot arreu!<\/p>\n<\/div><\/div>\n\n\n\n<div class=\"wp-block-group\"><div class=\"wp-block-group__inner-container is-layout-constrained wp-block-group-is-layout-constrained\">\n<h5 class=\"wp-block-heading has-medium-font-size\">Si poguessis comprar-te qualsevol cosa ara mateix i emportar-te-la a casa, quina seria? Qualsevol cosa!<\/h5>\n\n\n\n<p>Un jard\u00ed m\u00e9s gran amb piscina, ja que m&#039;encanta nedar i els espais oberts. Encara que ara tenir una piscina est\u00e0 totalment fora de lloc amb el poc que plou, per\u00f2 b\u00e9 posats a somiar, m&#039;encantaria que plogu\u00e9s molt\u00edssim i s&#039;omplissin els rius. Aix\u00f2 s\u00ed que ho desitjo de deb\u00f2!<\/p>\n\n\n\n<h5 class=\"wp-block-heading has-medium-font-size\">Un pla a casa sempre inclou\u2026<\/h5>\n\n\n\n<p>Pintar amb la meva filla, ballar a la bogeria, i m\u00fasica tranquil\u00b7la tipus jazz de fons.<\/p>\n\n\n\n<h5 class=\"wp-block-heading has-medium-font-size\">Tens algun plat estrella?<\/h5>\n\n\n\n<p>M&#039;encanta la cuina de mercat. sense gaires floritures ni salses, per exemple: un peix fresc a la planxa amb patates bullides i tom\u00e0quet amb gust de tom\u00e0quet de veritat! Senzill, sabor\u00f3s, equilibrat i que em senti genial.<\/p>\n\n\n\n<h5 class=\"wp-block-heading has-medium-font-size\">Quin \u00e9s el teu lloc preferit a la teva ciutat? I a l&#039;estranger?<\/h5>\n\n\n\n<p>Passejar pel barri de gr\u00e0cia de Barcelona i caminar per Collserola amb vista sobre el mar. Hampsted Heath de Londres.<\/p>\n\n\n\n<h5 class=\"wp-block-heading has-medium-font-size\">Cosa que ens vulguis explicar i que no t&#039;haguem preguntat. Parla ara o calla per sempre!<\/h5>\n\n\n\n<p>De la ind\u00fastria en general m&#039;agradaria que fos m\u00e9s ecol\u00f2gica, m\u00e9s sostenible, m\u00e9s responsable i per tant que no es produ\u00eds tanta quantitat de productes i els que es dissenyessin, fossin mimats al cent per cent.<\/p>\n\n\n\n<h3 class=\"wp-block-heading\"><strong>Durant aquesta entrevista, hem descobert la riquesa del proc\u00e9s creatiu de Joana Santamans, una artista profundament connectada amb la natura. Si us apassiona l&#039;art i el disseny amb \u00e0nima, no us perdeu futures entrevistes com aquesta. Subscriu-te al nostre butllet\u00ed mensual per estar sempre al dia!<\/strong><\/h3>\n<\/div><\/div>","protected":false},"excerpt":{"rendered":"<p>En aquesta entrevista, explorem el m\u00f3n creatiu de Joana Santamans, una artista multidisciplin\u00e0ria que fusiona pintura, il\u00b7lustraci\u00f3 i disseny per crear obres inspirades a la natura. <\/p>","protected":false},"author":4,"featured_media":15478,"comment_status":"closed","ping_status":"closed","sticky":false,"template":"","format":"standard","meta":{"_acf_changed":false,"footnotes":""},"categories":[2844,2845],"tags":[2868],"class_list":["post-15476","post","type-post","status-publish","format-standard","has-post-thumbnail","hentry","category-hogar","category-mi-monapart","tag-arte"],"acf":[],"_links":{"self":[{"href":"https:\/\/www.monapart.com\/magazine\/ca\/wp-json\/wp\/v2\/posts\/15476","targetHints":{"allow":["GET"]}}],"collection":[{"href":"https:\/\/www.monapart.com\/magazine\/ca\/wp-json\/wp\/v2\/posts"}],"about":[{"href":"https:\/\/www.monapart.com\/magazine\/ca\/wp-json\/wp\/v2\/types\/post"}],"author":[{"embeddable":true,"href":"https:\/\/www.monapart.com\/magazine\/ca\/wp-json\/wp\/v2\/users\/4"}],"replies":[{"embeddable":true,"href":"https:\/\/www.monapart.com\/magazine\/ca\/wp-json\/wp\/v2\/comments?post=15476"}],"version-history":[{"count":3,"href":"https:\/\/www.monapart.com\/magazine\/ca\/wp-json\/wp\/v2\/posts\/15476\/revisions"}],"predecessor-version":[{"id":19268,"href":"https:\/\/www.monapart.com\/magazine\/ca\/wp-json\/wp\/v2\/posts\/15476\/revisions\/19268"}],"wp:featuredmedia":[{"embeddable":true,"href":"https:\/\/www.monapart.com\/magazine\/ca\/wp-json\/wp\/v2\/media\/15478"}],"wp:attachment":[{"href":"https:\/\/www.monapart.com\/magazine\/ca\/wp-json\/wp\/v2\/media?parent=15476"}],"wp:term":[{"taxonomy":"category","embeddable":true,"href":"https:\/\/www.monapart.com\/magazine\/ca\/wp-json\/wp\/v2\/categories?post=15476"},{"taxonomy":"post_tag","embeddable":true,"href":"https:\/\/www.monapart.com\/magazine\/ca\/wp-json\/wp\/v2\/tags?post=15476"}],"curies":[{"name":"wp","href":"https:\/\/api.w.org\/{rel}","templated":true}]}}