{"id":15440,"date":"2024-06-17T16:50:00","date_gmt":"2024-06-17T14:50:00","guid":{"rendered":"https:\/\/www.monapart.com\/magazine\/?post_type=mnprt_news_article&#038;p=15440"},"modified":"2026-02-28T17:42:50","modified_gmt":"2026-02-28T16:42:50","slug":"gil-amargs-suneix-a-monapart-per-potenciar-el-servei-de-venda-dimmobles","status":"publish","type":"post","link":"https:\/\/www.monapart.com\/magazine\/ca\/noticias\/gil-amargos-se-une-a-monapart-para-potenciar-su-servicio-de-venta-de-inmuebles","title":{"rendered":"Gil Amarg\u00f3s s&#039;uneix a Monapart per potenciar el servei de venda d&#039;immobles"},"content":{"rendered":"<h1 class=\"wp-block-heading\">Gil Amarg\u00f3s s&#039;uneix a Monapart per potenciar el servei de venda d&#039;immobles<\/h1>\n\n\n\n<h2 class=\"wp-block-heading\">Descobreix com la uni\u00f3 entre Gil Amarg\u00f3s i <a href=\"https:\/\/www.monapart.com\/magazine\/ca\/\">Monapart<\/a>, est\u00e0 revolucionant la comercialitzaci\u00f3 de propietats.<\/h2>\n\n\n<div class='post-info'>17 de juny de 2024 per <a href='https:\/\/www.monapart.com\/magazine\/ca\/autor\/olgasala'>Olga Sala<\/a><\/div>\n\n\n\n<p>Aquest article explica els beneficis d\u201faquesta alian\u00e7a estrat\u00e8gica i com impactar\u00e0 positivament els propietaris de finques a Barcelona.<\/p>\n\n\n\n<figure class=\"wp-block-image size-full\"><img loading=\"lazy\" decoding=\"async\" width=\"960\" height=\"640\" src=\"https:\/\/www.monapart.com\/magazine\/wp-content\/uploads\/2025\/03\/gil_amargos_asmaajc.jpg\" alt=\"\" class=\"wp-image-15441\" srcset=\"https:\/\/www.monapart.com\/magazine\/wp-content\/uploads\/2025\/03\/gil_amargos_asmaajc.jpg 960w, https:\/\/www.monapart.com\/magazine\/wp-content\/uploads\/2025\/03\/gil_amargos_asmaajc-300x200.jpg 300w, https:\/\/www.monapart.com\/magazine\/wp-content\/uploads\/2025\/03\/gil_amargos_asmaajc-768x512.jpg 768w\" sizes=\"auto, (max-width: 960px) 100vw, 960px\" \/><\/figure>\n\n\n\n<h5 class=\"wp-block-heading has-medium-font-size\">Una alian\u00e7a estrat\u00e8gica per potenciar el sector immobiliari<\/h5>\n\n\n\n<p>Amb m\u00e9s de 50 anys d&#039;experi\u00e8ncia al sector immobiliari de Barcelona,&nbsp;<a href=\"https:\/\/www.monapart.com\/magazine\/ca\/agentes\/gil-amargos\/\">Gil Amarg\u00f3s<\/a>&nbsp;ha establert una alian\u00e7a estrat\u00e8gica amb Monapart per enfortir i ampliar el servei de venda d&#039;immobles. Aquesta col\u00b7laboraci\u00f3 permet a Gil Amarg\u00f3s potenciar la comercialitzaci\u00f3 de les finques que administra, oferint als seus propietaris un acc\u00e9s directe a serveis especialitzats i una major visibilitat al mercat.<\/p>\n\n\n\n<p>Anna San Mart\u00edn Gil, directora de Gil Amarg\u00f3s, afirma:&nbsp;<em>\u00abLa proximitat amb els nostres clients sempre ha estat la nostra prioritat. Amb Monapart, podem combinar la nostra experi\u00e8ncia i coneixement local amb eines digitals avan\u00e7ades que ens ajudaran a maximitzar el valor dels immobles que gestionem, especialment per als propietaris que dipositen la confian\u00e7a en nosaltres.\u00bb<\/em><\/p>\n\n\n\n<h5 class=\"wp-block-heading has-medium-font-size\">L&#039;evoluci\u00f3 de Gil Amarg\u00f3s: tradici\u00f3 i modernitat<\/h5>\n\n\n\n<p><img decoding=\"async\" src=\"https:\/\/magazine.monapart.com\/sites\/default\/files\/styles\/scale_960xn_\/public\/mediabrowser\/gil_amargos_color.png?itok=7jJ05yKk\" alt=\"Logo Gil Amarg\u00f3s | Monapart\" style=\"\">La hist\u00f2ria de Gil Amarg\u00f3s \u00e9s un exemple d&#039;adaptabilitat i de visi\u00f3 de futur. Des de la seva fusi\u00f3 fa tres anys entre Gil, especialitzada en administraci\u00f3 de comunitats, i Amarg\u00f3s, centrada en la gesti\u00f3 patrimonial, la companyia ha evolucionat cap a un model modern i s&#039;ha adaptat a un mercat en constant evoluci\u00f3, sense renunciar als valors de proximitat i confian\u00e7a que sempre l&#039;han definit.<\/p>\n\n\n\n<p>Albert Amarg\u00f3s, gestor patrimonial, destaca:&nbsp;<em>\u00abPer als propietaris de les finques que administrem, aquesta alian\u00e7a suposa una oportunitat \u00fanica de comptar amb un servei de comercialitzaci\u00f3 altament professionalitzat. Gr\u00e0cies a Monapart, els podem oferir un abast que va m\u00e9s enll\u00e0 del que podr\u00edem aconseguir pel nostre compte, connectant les seves propietats amb el p\u00fablic adequat i optimitzant els resultats.\u00bb<\/em><\/p>\n\n\n\n<h5 class=\"wp-block-heading has-medium-font-size\">El repte dels administradors immobiliaris segons el CSIM<\/h5>\n\n\n\n<p>Gil Amarg\u00f3s \u00e9s membre del Cl\u00faster de Serveis Immobiliaris de Catalunya (CSIM), una entitat que fomenta la innovaci\u00f3 i el desenvolupament al sector. A les recents&nbsp;<a href=\"https:\/\/magazine.monapart.com\/es\/magazine\/noticias\/monapart-participa-en-las-jornadas-del-cluster-de-servicios-inmobiliarios-csim\" target=\"_blank\" rel=\"noopener\">jornades del CSIM<\/a>, es va destacar com la sostenibilitat, la digitalitzaci\u00f3 i la personalitzaci\u00f3 s\u00f3n reptes fonamentals per als administradors immobiliaris.<\/p>\n\n\n\n<p><em>Les conclusions d&#039;aquestes jornades ens han reafirmat en la nostra visi\u00f3 de futur.<\/em>, comenta Amarg\u00f3s.&nbsp;<em>\u00abLa transpar\u00e8ncia i la capacitat de personalitzar el servei s\u00f3n essencials per a nosaltres, i la col\u00b7laboraci\u00f3 amb Monapart ens permet refor\u00e7ar aquests aspectes per als propietaris i llogaters que confien en la nostra gesti\u00f3.\u00bb<\/em><\/p>\n\n\n\n<p>La necessitat dun servei de comercialitzaci\u00f3 adaptat i eficient est\u00e0 en l\u00ednia amb el que els propietaris esperen duna empresa que gestiona les seves propietats.&nbsp;<strong>Aquesta alian\u00e7a permet a Gil Amarg\u00f3s oferir una soluci\u00f3 integral, des de la gesti\u00f3 administrativa fins a la venda de les propietats, tot sota un est\u00e0ndard de qualitat elevat.<\/strong><\/p>\n\n\n\n<h5 class=\"wp-block-heading has-medium-font-size\">Monapart: Innovaci\u00f3 al servei del sector immobiliari<\/h5>\n\n\n\n<p><img decoding=\"async\" src=\"https:\/\/magazine.monapart.com\/sites\/default\/files\/styles\/scale_960xn_\/public\/mediabrowser\/cobrand_gilamargos_propuestas-02.jpg?itok=9abKjdn-\" alt=\"Alian\u00e7a entre Gil Amarg\u00f3s i Monapart | Monapart\" style=\"\">El relleu generacional a Gil Amarg\u00f3s ha impulsat la modernitzaci\u00f3 dels seus processos i la seva imatge corporativa. Aquest canvi, ara complementat per l&#039;alian\u00e7a amb Monapart, assegura que l&#039;empresa estigui preparada per&nbsp;<a href=\"https:\/\/magazine.monapart.com\/es\/magazine\/sector-inmobiliario\/desafios-actuales-para-agentes-inmobiliarios\" target=\"_blank\" rel=\"noopener\">els desafiaments del mercat actual<\/a>.&nbsp;<em>\u00abAquesta col\u00b7laboraci\u00f3 \u00e9s un pas natural dins de la nostra evoluci\u00f3\u00bb<\/em>, assenyala Sant Mart\u00ed.&nbsp;<em>\u00abVolem donar als nostres clients la tranquil\u00b7litat de saber que la seva propietat est\u00e0 en mans expertes, i ara, amb Monapart, tamb\u00e9 poden confiar que la seva comercialitzaci\u00f3 ser\u00e0 efica\u00e7 i professional\u00bb.<\/em><\/p>\n\n\n\n<p>Des de Monapart, Eduard Sol\u00e9, director d&#039;operacions, destaca la import\u00e0ncia d&#039;aquesta associaci\u00f3:&nbsp;<em>\u00abGil Amarg\u00f3s aporta un coneixement profund del territori i una reputaci\u00f3 impecable entre els clients. Per a Monapart, col\u00b7laborar amb una empresa tan consolidada ens permet arribar encara m\u00e9s lluny en el nostre prop\u00f2sit de transformar el sector immobiliari amb serveis de qualitat i tecnologia avan\u00e7ada.\u00bb<\/em><\/p>\n\n\n\n<p>L&#039;alian\u00e7a entre Gil Amarg\u00f3s i Monapart marca un abans i un despr\u00e9s al servei que l&#039;empresa pot oferir als propietaris de les finques que administra.&nbsp;<strong>La combinaci\u00f3 d&#039;experi\u00e8ncia local, tecnologia i un enfocament a la personalitzaci\u00f3 i la qualitat garanteix una proposta de valor \u00fanica al mercat immobiliari de Barcelona.<\/strong><\/p>\n\n\n\n<p><em>\u00abEstem conven\u00e7uts que aquesta etapa ens permetr\u00e0 no nom\u00e9s cr\u00e9ixer com a empresa, sin\u00f3 tamb\u00e9 consolidar la confian\u00e7a dels nostres clients en un sector que evoluciona r\u00e0pidament\u00bb<\/em>, conclou Sant Mart\u00ed.<\/p>\n\n\n\n<p>L?alian\u00e7a entre Gil Amarg\u00f3s i Monapart representa un pas decisiu cap a la modernitzaci\u00f3 del sector immobiliari a Barcelona. Combinant l&#039;experi\u00e8ncia i la proximitat de Gil Amarg\u00f3s amb la innovaci\u00f3 tecnol\u00f2gica i l&#039;enfocament estrat\u00e8gic de Monapart, els propietaris de finques es beneficien d&#039;un servei integral, personalitzat i altament efectiu que garanteix el m\u00e0xim valor per a les propietats.<\/p>\n\n\n\n<p><\/p>","protected":false},"excerpt":{"rendered":"<p>Amb aquesta alian\u00e7a entre Gil Amarg\u00f3s i Monapart, els propietaris de finques es beneficiaran d&#039;un servei integral, personalitzat i altament efectiu que garanteix el m\u00e0xim valor per a les seves propietats.<\/p>","protected":false},"author":4,"featured_media":15761,"comment_status":"closed","ping_status":"closed","sticky":false,"template":"","format":"standard","meta":{"_acf_changed":false,"footnotes":""},"categories":[2852,2854],"tags":[2872,2910],"class_list":["post-15440","post","type-post","status-publish","format-standard","has-post-thumbnail","hentry","category-noticias","category-actualidad","tag-barcelona","tag-buenagente"],"acf":[],"_links":{"self":[{"href":"https:\/\/www.monapart.com\/magazine\/ca\/wp-json\/wp\/v2\/posts\/15440","targetHints":{"allow":["GET"]}}],"collection":[{"href":"https:\/\/www.monapart.com\/magazine\/ca\/wp-json\/wp\/v2\/posts"}],"about":[{"href":"https:\/\/www.monapart.com\/magazine\/ca\/wp-json\/wp\/v2\/types\/post"}],"author":[{"embeddable":true,"href":"https:\/\/www.monapart.com\/magazine\/ca\/wp-json\/wp\/v2\/users\/4"}],"replies":[{"embeddable":true,"href":"https:\/\/www.monapart.com\/magazine\/ca\/wp-json\/wp\/v2\/comments?post=15440"}],"version-history":[{"count":4,"href":"https:\/\/www.monapart.com\/magazine\/ca\/wp-json\/wp\/v2\/posts\/15440\/revisions"}],"predecessor-version":[{"id":19134,"href":"https:\/\/www.monapart.com\/magazine\/ca\/wp-json\/wp\/v2\/posts\/15440\/revisions\/19134"}],"wp:featuredmedia":[{"embeddable":true,"href":"https:\/\/www.monapart.com\/magazine\/ca\/wp-json\/wp\/v2\/media\/15761"}],"wp:attachment":[{"href":"https:\/\/www.monapart.com\/magazine\/ca\/wp-json\/wp\/v2\/media?parent=15440"}],"wp:term":[{"taxonomy":"category","embeddable":true,"href":"https:\/\/www.monapart.com\/magazine\/ca\/wp-json\/wp\/v2\/categories?post=15440"},{"taxonomy":"post_tag","embeddable":true,"href":"https:\/\/www.monapart.com\/magazine\/ca\/wp-json\/wp\/v2\/tags?post=15440"}],"curies":[{"name":"wp","href":"https:\/\/api.w.org\/{rel}","templated":true}]}}