{"id":15401,"date":"2019-01-15T14:17:00","date_gmt":"2019-01-15T13:17:00","guid":{"rendered":"https:\/\/www.monapart.com\/magazine\/?post_type=mnprt_news_article&#038;p=15401"},"modified":"2025-06-19T19:03:01","modified_gmt":"2025-06-19T17:03:01","slug":"autoconsum-electric-a-casa-2","status":"publish","type":"post","link":"https:\/\/www.monapart.com\/magazine\/ca\/hogar\/autoconsumo-electrico-en-casa","title":{"rendered":"Autoconsum el\u00e8ctric a casa"},"content":{"rendered":"<h1 class=\"wp-block-heading\">Autoconsum el\u00e8ctric a casa<\/h1>\n\n\n\n<h2 class=\"wp-block-heading\"><strong>Qu\u00e8 \u00e9s i qui pot tenir una instal\u00b7laci\u00f3 d&#039;autoconsum fotovoltaic a casa?<\/strong><\/h2>\n\n\n\n<div class=\"wp-block-group post-header\"><div class=\"wp-block-group__inner-container is-layout-constrained wp-block-group-is-layout-constrained\"><div class='post-info'>15 de gener de 2019 per <a href='https:\/\/www.monapart.com\/magazine\/ca\/autor\/josep-maria-coll'>Josep Maria Coll<\/a><\/div>\n<\/div><\/div>\n\n\n\n<figure class=\"wp-block-image size-full\"><img loading=\"lazy\" decoding=\"async\" width=\"498\" height=\"620\" src=\"https:\/\/www.monapart.com\/magazine\/wp-content\/uploads\/2025\/03\/autoconsum_electric_1-1.png\" alt=\"Autoconsum el\u00e8ctric a casa | Monapart \" class=\"wp-image-15404\" srcset=\"https:\/\/www.monapart.com\/magazine\/wp-content\/uploads\/2025\/03\/autoconsum_electric_1-1.png 498w, https:\/\/www.monapart.com\/magazine\/wp-content\/uploads\/2025\/03\/autoconsum_electric_1-1-241x300.png 241w\" sizes=\"auto, (max-width: 498px) 100vw, 498px\" \/><\/figure>\n\n\n\n<div class=\"wp-block-group post-header\"><div class=\"wp-block-group__inner-container is-layout-constrained wp-block-group-is-layout-constrained\">\n<p>Entenem per autoconsum denergia el\u00e8ctrica la producci\u00f3 delectricitat per a consum propi. Actualment qualsevol consumidor d&#039;energia el\u00e8ctrica pot generar la seva pr\u00f2pia electricitat amb una instal\u00b7laci\u00f3 d&#039;autoconsum connectada a la xarxa. A nivell dom\u00e8stic, l&#039;autoconsum es fa principalment mitjan\u00e7ant instal\u00b7lacions d&#039;energia solar fotovoltaica de petita pot\u00e8ncia. Tamb\u00e9 \u00e9s possible que diferents consumidors comparteixin una instal\u00b7laci\u00f3 d&#039;autoconsum.<\/p>\n\n\n\n<figure class=\"wp-block-image size-large is-resized\"><img loading=\"lazy\" decoding=\"async\" width=\"1024\" height=\"576\" src=\"https:\/\/www.monapart.com\/magazine\/wp-content\/uploads\/2025\/03\/raze-solar-Q8V1EEvnJgk-unsplash-1024x576.jpg\" alt=\"Autoconsum el\u00e8ctric a casa | Monapart\" class=\"wp-image-15405\" style=\"width:730px;height:auto\" srcset=\"https:\/\/www.monapart.com\/magazine\/wp-content\/uploads\/2025\/03\/raze-solar-Q8V1EEvnJgk-unsplash-1024x576.jpg 1024w, https:\/\/www.monapart.com\/magazine\/wp-content\/uploads\/2025\/03\/raze-solar-Q8V1EEvnJgk-unsplash-300x169.jpg 300w, https:\/\/www.monapart.com\/magazine\/wp-content\/uploads\/2025\/03\/raze-solar-Q8V1EEvnJgk-unsplash-768x432.jpg 768w, https:\/\/www.monapart.com\/magazine\/wp-content\/uploads\/2025\/03\/raze-solar-Q8V1EEvnJgk-unsplash-1536x864.jpg 1536w, https:\/\/www.monapart.com\/magazine\/wp-content\/uploads\/2025\/03\/raze-solar-Q8V1EEvnJgk-unsplash-2048x1152.jpg 2048w\" sizes=\"auto, (max-width: 1024px) 100vw, 1024px\" \/><\/figure>\n<\/div><\/div>\n\n\n\n<div class=\"wp-block-group\"><div class=\"wp-block-group__inner-container is-layout-constrained wp-block-group-is-layout-constrained\">\n<p>Amb les <a href=\"https:\/\/www.monapart.com\/magazine\/ca\/mnprt_news_article\/tecnologia-per-a-la-llar\/\" data-type=\"link\" data-id=\"https:\/\/www.monapart.com\/magazine\/mnprt_news_article\/tecnologia-para-el-hogar\/\">instal\u00b7lacions d&#039;autoconsum<\/a> es pot cobrir totalment o parcialment el consum denergia el\u00e8ctrica de lhabitatge, la comunitat de ve\u00efns, ledifici o qualsevol centre consumidor.<\/p>\n\n\n\n<p>Quan el sistema de generaci\u00f3 no produeix prou energia es pot continuar consumint electricitat a trav\u00e9s de la xarxa el\u00e8ctrica i, en determinats casos, quan la producci\u00f3 sigui superior a la demanda, \u00e9s possible abocar l&#039;excedent a la xarxa.<\/p>\n\n\n\n<p>Hi ha diverses eines per calcular una instal\u00b7laci\u00f3 d&#039;autoconsum, com el Calculador d&#039;una instal\u00b7laci\u00f3 solar fotovoltaica per a autoconsum el\u00e8ctric de la&nbsp;<a href=\"http:\/\/www.eneragen.org\/es\/\" target=\"_blank\" rel=\"noreferrer noopener\">Associaci\u00f3 d&#039;Ag\u00e8ncies Espanyoles de Gesti\u00f3 de l&#039;Energia<\/a>.<\/p>\n\n\n\n<div class=\"wp-block-columns is-layout-flex wp-container-core-columns-is-layout-9d6595d7 wp-block-columns-is-layout-flex\">\n<div class=\"wp-block-column is-layout-flow wp-block-column-is-layout-flow\" style=\"flex-basis:40%\">\n<blockquote class=\"wp-block-quote is-layout-flow wp-block-quote-is-layout-flow\">\n<p>Qualsevol persona pot generar la seva pr\u00f2pia electricitat i consumir-la a casa.<\/p>\n<\/blockquote>\n<\/div>\n\n\n\n<div class=\"wp-block-column is-layout-flow wp-block-column-is-layout-flow\" style=\"flex-basis:60%\">\n<figure class=\"wp-block-image size-large is-resized\"><img loading=\"lazy\" decoding=\"async\" width=\"683\" height=\"1024\" src=\"https:\/\/www.monapart.com\/magazine\/wp-content\/uploads\/2025\/03\/vivint-solar-9CalgkSRZb8-unsplash-683x1024.jpg\" alt=\"Autoconsum el\u00e8ctric a casa | Monapart\" class=\"wp-image-15406\" style=\"width:343px;height:auto\" srcset=\"https:\/\/www.monapart.com\/magazine\/wp-content\/uploads\/2025\/03\/vivint-solar-9CalgkSRZb8-unsplash-683x1024.jpg 683w, https:\/\/www.monapart.com\/magazine\/wp-content\/uploads\/2025\/03\/vivint-solar-9CalgkSRZb8-unsplash-200x300.jpg 200w, https:\/\/www.monapart.com\/magazine\/wp-content\/uploads\/2025\/03\/vivint-solar-9CalgkSRZb8-unsplash-768x1152.jpg 768w, https:\/\/www.monapart.com\/magazine\/wp-content\/uploads\/2025\/03\/vivint-solar-9CalgkSRZb8-unsplash-1024x1536.jpg 1024w, https:\/\/www.monapart.com\/magazine\/wp-content\/uploads\/2025\/03\/vivint-solar-9CalgkSRZb8-unsplash-1365x2048.jpg 1365w, https:\/\/www.monapart.com\/magazine\/wp-content\/uploads\/2025\/03\/vivint-solar-9CalgkSRZb8-unsplash-scaled.jpg 1707w\" sizes=\"auto, (max-width: 683px) 100vw, 683px\" \/><\/figure>\n<\/div>\n<\/div>\n<\/div><\/div>\n\n\n\n<div class=\"wp-block-group\"><div class=\"wp-block-group__inner-container is-layout-constrained wp-block-group-is-layout-constrained\">\n<h5 class=\"wp-block-heading has-medium-font-size\"><strong>Aprofita tota l&#039;energia amb bateries<\/strong><strong>.<\/strong><\/h5>\n\n\n\n<p>\u00c9s molt \u00fatil disposar de bateries en una instal\u00b7laci\u00f3 d&#039;autoconsum, ja que permet emmagatzemar l&#039;energia el\u00e8ctrica sobrant en moments de consum menor per aprofitar-la en moments en qu\u00e8 no tinguem generaci\u00f3 pr\u00f2pia. Fins i tot podem utilitzar les bateries del cotxe el\u00e8ctric per emmagatzemar-la! La generalitzaci\u00f3 d&#039;instal\u00b7lacions d&#039;autoconsum fotovoltaic a sostres i terrats amb bateries facilitar\u00e0 la creaci\u00f3 de comunitats solars de ciutadans que participin activament en el nou model energ\u00e8tic.<\/p>\n<\/div><\/div>\n\n\n\n<div class=\"wp-block-group extended-image-group\"><div class=\"wp-block-group__inner-container is-layout-constrained wp-block-group-is-layout-constrained\">\n<blockquote class=\"wp-block-quote has-text-align-center is-layout-flow wp-block-quote-is-layout-flow\">\n<p>La generalitzaci\u00f3 d&#039;instal\u00b7lacions d&#039;autoconsum fotovoltaic a sostres i terrats amb bateries facilitar\u00e0 la creaci\u00f3 de comunitats solars de ciutadans que participin activament en el nou model energ\u00e8tic.<\/p>\n<\/blockquote>\n<\/div><\/div>\n\n\n\n<div class=\"wp-block-group\"><div class=\"wp-block-group__inner-container is-layout-constrained wp-block-group-is-layout-constrained\">\n<h5 class=\"wp-block-heading has-medium-font-size\"><strong>Autoconsum: tot s\u00f3n avantatges.<\/strong><\/h5>\n\n\n\n<p>L&#039;autoconsum t\u00e9 diversos avantatges tant des d&#039;un punt de vista global com des d&#039;un punt de vista particular del consumidor i del sistema el\u00e8ctric:<\/p>\n\n\n\n<p>Afavoreix la digitalitzaci\u00f3 de l&#039;energia i les xarxes intel\u00b7ligents.<\/p>\n\n\n\n<p>Redueix el consum de combustibles f\u00f2ssils i la depend\u00e8ncia energ\u00e8tica amb exterior.<\/p>\n\n\n\n<p>Contribueix a la descarbonitzaci\u00f3 de lenergia i la millora de la qualitat de laire.<\/p>\n\n\n\n<p>Incentiva l&#039;activitat econ\u00f2mica i industrial i fomenta la creaci\u00f3 de llocs de treball no deslocalitzables.<\/p>\n\n\n\n<p>Suposa un estalvi energ\u00e8tic i econ\u00f2mic per al consumidor.<\/p>\n\n\n\n<p>Permet que el consumidor tingui el control de la gesti\u00f3 energ\u00e8tica i afavoreixi l&#039;apoderament del ciutad\u00e0 en el model energ\u00e8tic.<\/p>\n\n\n\n<p>Obre la porta al vehicle el\u00e8ctric amb energia km zero.<\/p>\n\n\n\n<p>No suposa un cost econ\u00f2mic regulat pel sistema el\u00e8ctric i no requereix primes per la seva rendibilitat econ\u00f2mica.<\/p>\n\n\n\n<p>Redueix les p\u00e8rdues associades al transport i la distribuci\u00f3 d&#039;electricitat.<\/p>\n\n\n\n<p>Contribueix a reduir saturacions a la xarxa de distribuci\u00f3.<\/p>\n\n\n\n<p>Ajuda a la reducci\u00f3 del preu marginalista del mercat el\u00e8ctric.<\/p>\n\n\n\n<p>L\u00b4energia solar fotovoltaica contribueix a la cobertura de la punta de demanda al\u00b4estiu.<\/p>\n\n\n\n<p>Contribueix a lemmagatzematge delectricitat de forma distribu\u00efda.<\/p>\n<\/div><\/div>","protected":false},"excerpt":{"rendered":"<p>Entenem per autoconsum denergia el\u00e8ctrica la producci\u00f3 delectricitat per a consum propi. Actualment qualsevol consumidor d&#039;energia el\u00e8ctrica pot generar la seva pr\u00f2pia electricitat amb una instal\u00b7laci\u00f3 d&#039;autoconsum connectada a la xarxa. A nivell dom\u00e8stic, l&#039;autoconsum es fa principalment mitjan\u00e7ant instal\u00b7lacions d&#039;energia solar fotovoltaica de petita pot\u00e8ncia. Tamb\u00e9 \u00e9s possible que diferents consumidors comparteixin una instal\u00b7laci\u00f3 d&#039;autoconsum.<\/p>","protected":false},"author":17,"featured_media":15406,"comment_status":"closed","ping_status":"closed","sticky":false,"template":"","format":"standard","meta":{"_acf_changed":false,"footnotes":""},"categories":[2844,2848],"tags":[3008],"class_list":["post-15401","post","type-post","status-publish","format-standard","has-post-thumbnail","hentry","category-hogar","category-hogar-eco","tag-sostenibilidad"],"acf":[],"_links":{"self":[{"href":"https:\/\/www.monapart.com\/magazine\/ca\/wp-json\/wp\/v2\/posts\/15401","targetHints":{"allow":["GET"]}}],"collection":[{"href":"https:\/\/www.monapart.com\/magazine\/ca\/wp-json\/wp\/v2\/posts"}],"about":[{"href":"https:\/\/www.monapart.com\/magazine\/ca\/wp-json\/wp\/v2\/types\/post"}],"author":[{"embeddable":true,"href":"https:\/\/www.monapart.com\/magazine\/ca\/wp-json\/wp\/v2\/users\/17"}],"replies":[{"embeddable":true,"href":"https:\/\/www.monapart.com\/magazine\/ca\/wp-json\/wp\/v2\/comments?post=15401"}],"version-history":[{"count":1,"href":"https:\/\/www.monapart.com\/magazine\/ca\/wp-json\/wp\/v2\/posts\/15401\/revisions"}],"predecessor-version":[{"id":15780,"href":"https:\/\/www.monapart.com\/magazine\/ca\/wp-json\/wp\/v2\/posts\/15401\/revisions\/15780"}],"wp:featuredmedia":[{"embeddable":true,"href":"https:\/\/www.monapart.com\/magazine\/ca\/wp-json\/wp\/v2\/media\/15406"}],"wp:attachment":[{"href":"https:\/\/www.monapart.com\/magazine\/ca\/wp-json\/wp\/v2\/media?parent=15401"}],"wp:term":[{"taxonomy":"category","embeddable":true,"href":"https:\/\/www.monapart.com\/magazine\/ca\/wp-json\/wp\/v2\/categories?post=15401"},{"taxonomy":"post_tag","embeddable":true,"href":"https:\/\/www.monapart.com\/magazine\/ca\/wp-json\/wp\/v2\/tags?post=15401"}],"curies":[{"name":"wp","href":"https:\/\/api.w.org\/{rel}","templated":true}]}}