{"id":15252,"date":"2024-02-05T12:19:55","date_gmt":"2024-02-05T11:19:55","guid":{"rendered":"https:\/\/www.monapart.com\/magazine\/?post_type=mnprt_news_article&#038;p=15252"},"modified":"2025-06-20T12:31:00","modified_gmt":"2025-06-20T10:31:00","slug":"cuina-saludable-amb-laura-sense-refinar","status":"publish","type":"post","link":"https:\/\/www.monapart.com\/magazine\/ca\/hogar\/cocina-saludable-con-laura-sin-refinar","title":{"rendered":"Cuina saludable amb Laura sense Refinar"},"content":{"rendered":"<h1 class=\"wp-block-heading\">Cuina saludable amb Laura sense Refinar<\/h1>\n\n\n\n<div class=\"wp-block-group post-header\"><div class=\"wp-block-group__inner-container is-layout-constrained wp-block-group-is-layout-constrained\">\n<h2 class=\"wp-block-heading\">La recepta per a una vida plena de benestar.<\/h2>\n\n\n<div class='post-info'>5 de febrer de 2024 per <a href='https:\/\/www.monapart.com\/magazine\/ca\/autor\/olgasala'>Olga Sala<\/a><\/div>\n\n\n\n<figure class=\"wp-block-image size-full\"><img loading=\"lazy\" decoding=\"async\" width=\"1200\" height=\"818\" src=\"https:\/\/www.monapart.com\/magazine\/wp-content\/uploads\/2024\/02\/Laura-sin-refinar-.avif\" alt=\"Cuina amb la Laura sense refinar | Monapart\" class=\"wp-image-15292\" style=\"aspect-ratio:16\/9;object-fit:cover\" srcset=\"https:\/\/www.monapart.com\/magazine\/wp-content\/uploads\/2024\/02\/Laura-sin-refinar-.avif 1200w, https:\/\/www.monapart.com\/magazine\/wp-content\/uploads\/2024\/02\/Laura-sin-refinar--300x205.avif 300w, https:\/\/www.monapart.com\/magazine\/wp-content\/uploads\/2024\/02\/Laura-sin-refinar--1024x698.avif 1024w, https:\/\/www.monapart.com\/magazine\/wp-content\/uploads\/2024\/02\/Laura-sin-refinar--768x524.avif 768w\" sizes=\"auto, (max-width: 1200px) 100vw, 1200px\" \/><\/figure>\n\n\n\n<h3 class=\"wp-block-heading\">Descobreix en aquesta entrevista com la Laura, darrere de la Laura sense Refinar, va transformar la seva passi\u00f3 per la cuina i un diagn\u00f2stic de salut al seu ikigai. Explorem el viatge cap a una vida dedicada a la cuina saludable, el seu proc\u00e9s creatiu i com la seva llar reflecteix la seva ess\u00e8ncia. Prepareu-vos per a una dosi d&#039;inspiraci\u00f3 que us portar\u00e0 a repensar els vostres h\u00e0bits i l&#039;espai que habiteu.<\/h3>\n\n\n\n<div class=\"wp-block-columns is-layout-flex wp-container-core-columns-is-layout-9d6595d7 wp-block-columns-is-layout-flex\">\n<div class=\"wp-block-column is-layout-flow wp-block-column-is-layout-flow\" style=\"flex-basis:40%\">\n<blockquote class=\"wp-block-quote is-layout-flow wp-block-quote-is-layout-flow\">\n<p>\u201cM&#039;encanta la meva feina i s\u00e9 que mai no podria deixar de crear\u201d.<\/p>\n<\/blockquote>\n<\/div>\n\n\n\n<div class=\"wp-block-column is-layout-flow wp-block-column-is-layout-flow\" style=\"flex-basis:60%\">\n<h5 class=\"wp-block-heading\">Parla&#039;ns de tu i de la teva feina. On va n\u00e9ixer la teva vocaci\u00f3?<\/h5>\n\n\n\n<p>Tot neix fa molts anys de la literatura i del realisme m\u00e0gic de Garc\u00eda M\u00e1rquez. Sempre em va agradar molt llegir i escriure les meves pr\u00f2pies hist\u00f2ries, per\u00f2 quan era a l&#039;institut i vaig llegir per primera vegada Gabo, em va atrapar de manera que vaig sentir que aix\u00f2 era el que volia fer, explicar hist\u00f2ries i deixar que les persones se submergessin en el meu m\u00f3n, fent de l&#039;extraordinari una cosa quotidiana i de l&#039;aparentment insignificant una cosa \u00fanica. Vaig buscar el meu propi llenguatge i aquest el vaig trobar a trav\u00e9s de l&#039;art i el color.<\/p>\n<\/div>\n<\/div>\n<\/div><\/div>\n\n\n\n<h5 class=\"wp-block-heading has-medium-font-size\">Qu\u00e8 \u00e9s el que m\u00e9s et satisf\u00e0 de la teva feina?&nbsp;<\/h5>\n\n\n\n<p>El m\u00e9s satisfactori sens dubte \u00e9s sentir que ajudo, que serveixo altres persones que es recolzen en mi per millorar els seus h\u00e0bits, alimentaci\u00f3, salut\u2026 \u00e9s realment bonic. Es genera una energia d&#039;anada i tornada on aquestes persones se senten agra\u00efdes pel que els aporto, i en mi l&#039;agra\u00efment \u00e9s infinit per aquesta llum que em donen i que fa que em senti valorada.<\/p>\n\n\n\n<h5 class=\"wp-block-heading has-medium-font-size\">Com \u00e9s el teu proc\u00e9s creatiu? Quines s\u00f3n les fonts d&#039;inspiraci\u00f3? Alguna m\u00fasica especialment mentre treballes?<\/h5>\n\n\n\n<p>A la nit acostumo a tenir idees, inspiraci\u00f3\u2026 les anoto per poder desenvolupar-les despr\u00e9s. S\u00f2l fer primer la recepta, i un cop tinc el v\u00eddeo editat, en veure&#039;l em sorgeixen idees, reflexions que desenvolupo i adapto sobre la marxa.<\/p>\n\n\n\n<p>La inspiraci\u00f3 \u00e9s variada: els remeis ancestrals, la salut, la natura, les emocions, els meus \u00e9ssers estimats, la cuina de les \u00e0vies\u2026 La vida.&nbsp;<\/p>\n\n\n\n<p>Quan enregistro els meus v\u00eddeos no poso m\u00fasica, ja que prenc els sons de cuina; quan faig pa i rebosteria a l&#039;obrador s\u00ed escolto m\u00fasica. \u00daltimament sobretot m\u00fasica relaxant, curativa\u2026 encara que tamb\u00e9 m&#039;encanta la m\u00fasica ballable.<\/p>\n\n\n\n<h5 class=\"wp-block-heading has-medium-font-size\">Color, llibre, pel\u00b7li i disc favorits. Per aquest ordre! ;D<\/h5>\n\n\n\n<p>Que dif\u00edcil! El meu color sempre ha estat el vermell, per\u00f2 avui em quedo amb els blancs i els crus.&nbsp;<\/p>\n\n\n\n<p>Llibre cl\u00e0ssic \u00abHamlet\u00bb, i presenti \u00abPa de llimona amb llavors de rosella\u00bb. Mai m&#039;he plantejat triar nom\u00e9s un llibre, pel\u00b7l\u00edcula o disc\u2026 adoro les tres arts a quin m\u00e9s\u2026<\/p>\n\n\n\n<p>Vaig cr\u00e9ixer amb l&#039;animaci\u00f3 de Disney (em quedo de llavors amb La bella i la B\u00e8stia) i Moulin Rouge.&nbsp;<\/p>\n\n\n\n<p>Disc\u2026 \u00abHistory\u00bb, \u00abInvincible\u00bb\u2026 en realitat qualsevol de Michael Jackson, el meu esperit guia.<\/p>\n\n\n\n<h5 class=\"wp-block-heading has-medium-font-size\">Si poguessis comprar-te qualsevol cosa ara mateix i emportar-te-la a casa, quina seria? Qualsevol cosa!<\/h5>\n\n\n\n<div class=\"wp-block-group\"><div class=\"wp-block-group__inner-container is-layout-constrained wp-block-group-is-layout-constrained\">\n<p>Fa una estona que dono voltes a aquesta pregunta i no hi ha manera\u2026 Crec que voldria tenir casa nostra al costat de Sin Refinar, a la finca del meu pare; per\u00f2 aix\u00f2 no \u00e9s un b\u00e9 que agafis en una botiga i t&#039;ho portis\u2026 un val de viatges serveix?<\/p>\n\n\n\n<h5 class=\"wp-block-heading has-medium-font-size\">Un pla a casa sempre inclou\u2026<\/h5>\n\n\n\n<p>A l&#039;hivern \u00abxocolata o creps, pel\u00b7li, sof\u00e0 i manta\u00bb ia l&#039;estiu suposo que jard\u00ed i barbacoa!<\/p>\n\n\n\n<h5 class=\"wp-block-heading has-medium-font-size\">Tens algun plat estrella?<\/h5>\n\n\n\n<p>Crec que el meu noi adora la meva sarsuela, i els petits el pollastre rostit \u00abde Nadal\u00bb (els sap diferent). Jo crec que els guisats i quadrar les masses saludables s\u00f3n el meu fort.<\/p>\n\n\n\n<h5 class=\"wp-block-heading has-medium-font-size\">Quin \u00e9s el teu lloc preferit a la teva ciutat? I a l&#039;estranger?<\/h5>\n\n\n\n<p>Sens dubte Passeig Independ\u00e8ncia, carrer Alfonso, Pla\u00e7a Salamero\u2026 aquells carrers c\u00e8ntrics em van veure cr\u00e9ixer, i sento una energia molt, molt particular quan les trepitjo. Tamb\u00e9 el palau de l&#039;Aljaferia, ning\u00fa no sap les hores que passem Jacko i jo passejant-hi\u2026<\/p>\n\n\n\n<p>De l&#039;estranger em quedo amb Flor\u00e8ncia, em va impressionar molt, per\u00f2 si \u00e9s per viure prefereixo Sardenya\u2026 \u00c9s encantadora.<\/p>\n\n\n\n<h5 class=\"wp-block-heading has-medium-font-size\">Cosa que ens vulguis explicar i que no t&#039;haguem preguntat. Parla ara o calla per sempre!<\/h5>\n\n\n\n<p>La nostra societat continuar\u00e0 emmalaltint fins que no entengui que no es tracta de fer petar s\u00edmptomes sin\u00f3 d&#039;anar a l&#039;arrel dels problemes, i aquesta arrel est\u00e0 en els h\u00e0bits b\u00e0sics. Gesti\u00f3 de l&#039;estr\u00e8s i les emocions, esport, somni, alimentaci\u00f3, naturalesa. Vivim d&#039;esquena a la natura i tot s&#039;intenta arreglar des d&#039;una visi\u00f3 farmacocentrista. Hi ha molta gent que viu entre lorazepam, omeprazol i ibuprof\u00e8\u2026<\/p>\n\n\n\n<p>S\u00f3c mani\u00e0tica\u2026 m&#039;agraden els senars i sempre pujo els v\u00eddeos a les 7:57 pm. M&#039;encanta escriure, filosofar\u2026 Crec que Sense Refinar em permet donar curs a tot el que m&#039;agrada fer: llegir i estudiar sobre h\u00e0bits evolutius, epigen\u00e8tica, herbes, ayurveda, ioga, psicologia\u2026 idear receptes saludables, elixirs i remeis, gravar v\u00eddeos amb una est\u00e8tica dol\u00e7a i calenta.<\/p>\n<\/div><\/div>\n\n\n\n<h5 class=\"wp-block-heading has-large-font-size\">Bonus Track: <\/h5>\n\n\n\n<p>Descobreix el secret de la longevitat i el benestar amb aquesta pasta de Golden Milk, una joia de l&#039;Ayurveda que aprofita les propietats antiinflamat\u00f2ries, anticancer\u00edgenes, de refor\u00e7 immunitari, digestives i antioxidants de la c\u00farcuma, entre d&#039;altres. Preparada en format pasta per a la comoditat di\u00e0ria, aquesta recepta et permetr\u00e0 gaudir del teu elixir sense presses, mantenint un estil de vida slow. Es conserva perfectament a la nevera durant 2-3 setmanes, i nom\u00e9s necessites una culleradeta de caf\u00e8 per preparar el teu Golden Milk cada dia. Ideal per comen\u00e7ar el mat\u00ed amb energia o per relaxar-te a la nit amb un toc de valeriana o melissa.<\/p>\n\n\n<div class=\"wp-block-image\">\n<figure class=\"aligncenter size-large is-resized\"><img loading=\"lazy\" decoding=\"async\" width=\"768\" height=\"1024\" src=\"https:\/\/www.monapart.com\/magazine\/wp-content\/uploads\/2024\/02\/Nude-Simple-Breakfast-Recipes-Pinterest-Pin-Post-de-Lemon8-vertical-1-768x1024.png\" alt=\"Laura sense refinar | Monapart\" class=\"wp-image-15291\" style=\"width:491px;height:auto\" srcset=\"https:\/\/www.monapart.com\/magazine\/wp-content\/uploads\/2024\/02\/Nude-Simple-Breakfast-Recipes-Pinterest-Pin-Post-de-Lemon8-vertical-1-768x1024.png 768w, https:\/\/www.monapart.com\/magazine\/wp-content\/uploads\/2024\/02\/Nude-Simple-Breakfast-Recipes-Pinterest-Pin-Post-de-Lemon8-vertical-1-225x300.png 225w, https:\/\/www.monapart.com\/magazine\/wp-content\/uploads\/2024\/02\/Nude-Simple-Breakfast-Recipes-Pinterest-Pin-Post-de-Lemon8-vertical-1-1152x1536.png 1152w, https:\/\/www.monapart.com\/magazine\/wp-content\/uploads\/2024\/02\/Nude-Simple-Breakfast-Recipes-Pinterest-Pin-Post-de-Lemon8-vertical-1-1536x2048.png 1536w\" sizes=\"auto, (max-width: 768px) 100vw, 768px\" \/><\/figure>\n<\/div>\n\n\n<h5 class=\"wp-block-heading has-large-font-size\"><strong>Nota:<\/strong><\/h5>\n\n\n\n<p>Aquesta pasta de Golden Milk \u00e9s un complement meravell\u00f3s per a la teva rutina de benestar, oferint-te un moment de pau i salut cada dia. Espero que aquesta recepta et brindi tant reconfort com a mi des del primer glop.<\/p>\n\n\n\n<h3 class=\"wp-block-heading\">En aquesta xerrada amb la Laura, fundadora de la Laura sense Refinar, hem navegat per la seva inspiradora transici\u00f3 cap a una vida dedicada a la cuina saludable. Si aix\u00f2 apel\u00b7la als teus interessos, no deixis de seguir-la al seu\u00a0<a href=\"https:\/\/www.instagram.com\/laurasinrefinar\/\" target=\"_blank\" rel=\"noopener\">Instagram<\/a>\u00a0i visitar la seva\u00a0<a href=\"http:\/\/www.laurasinrefinar.com\/\" target=\"_blank\" rel=\"noopener\">web<\/a>.\u00a0<\/h3>","protected":false},"excerpt":{"rendered":"<p>La Laura, darrere de la Laura sense Refinar, va transformar la seva passi\u00f3 per la cuina i un diagn\u00f2stic de salut al seu ikigai. Explorem el viatge cap a una vida dedicada a la cuina saludable, el seu proc\u00e9s creatiu i com la seva llar reflecteix la seva ess\u00e8ncia.<\/p>","protected":false},"author":4,"featured_media":15292,"comment_status":"closed","ping_status":"closed","sticky":false,"template":"","format":"standard","meta":{"_acf_changed":false,"footnotes":""},"categories":[2844,2845],"tags":[3264,3000],"class_list":["post-15252","post","type-post","status-publish","format-standard","has-post-thumbnail","hentry","category-hogar","category-mi-monapart","tag-alimentacion","tag-salud"],"acf":[],"_links":{"self":[{"href":"https:\/\/www.monapart.com\/magazine\/ca\/wp-json\/wp\/v2\/posts\/15252","targetHints":{"allow":["GET"]}}],"collection":[{"href":"https:\/\/www.monapart.com\/magazine\/ca\/wp-json\/wp\/v2\/posts"}],"about":[{"href":"https:\/\/www.monapart.com\/magazine\/ca\/wp-json\/wp\/v2\/types\/post"}],"author":[{"embeddable":true,"href":"https:\/\/www.monapart.com\/magazine\/ca\/wp-json\/wp\/v2\/users\/4"}],"replies":[{"embeddable":true,"href":"https:\/\/www.monapart.com\/magazine\/ca\/wp-json\/wp\/v2\/comments?post=15252"}],"version-history":[{"count":3,"href":"https:\/\/www.monapart.com\/magazine\/ca\/wp-json\/wp\/v2\/posts\/15252\/revisions"}],"predecessor-version":[{"id":17072,"href":"https:\/\/www.monapart.com\/magazine\/ca\/wp-json\/wp\/v2\/posts\/15252\/revisions\/17072"}],"wp:featuredmedia":[{"embeddable":true,"href":"https:\/\/www.monapart.com\/magazine\/ca\/wp-json\/wp\/v2\/media\/15292"}],"wp:attachment":[{"href":"https:\/\/www.monapart.com\/magazine\/ca\/wp-json\/wp\/v2\/media?parent=15252"}],"wp:term":[{"taxonomy":"category","embeddable":true,"href":"https:\/\/www.monapart.com\/magazine\/ca\/wp-json\/wp\/v2\/categories?post=15252"},{"taxonomy":"post_tag","embeddable":true,"href":"https:\/\/www.monapart.com\/magazine\/ca\/wp-json\/wp\/v2\/tags?post=15252"}],"curies":[{"name":"wp","href":"https:\/\/api.w.org\/{rel}","templated":true}]}}