{"id":1507,"date":"2024-01-15T12:15:37","date_gmt":"2024-01-15T11:15:37","guid":{"rendered":"https:\/\/www.monapart.com\/magazine\/?p=1507"},"modified":"2025-09-26T14:13:07","modified_gmt":"2025-09-26T12:13:07","slug":"la-casa-dolors-al%c2%b7lesen-un-viatge-a-traves-del-temps-i-larquitectura","status":"publish","type":"post","link":"https:\/\/www.monapart.com\/magazine\/ca\/hogar\/la-casa-dolors-alesan-un-viaje-a-traves-del-tiempo-y-la-arquitectura","title":{"rendered":"La Casa Dolors Alesan: un viatge a trav\u00e9s del temps i l&#039;arquitectura"},"content":{"rendered":"<h1 class=\"wp-block-heading\">La Casa Dolors Alesan: un viatge a trav\u00e9s del temps i l&#039;arquitectura<\/h1>\n\n\n\n<h2 class=\"wp-block-heading\">En un m\u00f3n on all\u00f2 nou sovint reempla\u00e7a all\u00f2 vell sense reflexi\u00f3, projectes com la recent renovaci\u00f3 de la Casa Dolors Ales\u00e1n, joia arquitect\u00f2nica modernista de Barcelona, posa de manifest la import\u00e0ncia de la conservaci\u00f3 arquitect\u00f2nica com un acte de sostenibilitat cultural i ambiental, preservant un llegat per a les generacions futures en un espai que continua explicant la seva hist\u00f2ria mentre abra\u00e7a el seu historial.<\/h2>\n\n\n\n<figure class=\"wp-block-image is-resized\"><img loading=\"lazy\" decoding=\"async\" width=\"840\" height=\"1200\" src=\"https:\/\/www.monapart.com\/magazine\/wp-content\/uploads\/2024\/01\/casa-dolors-alesan-monapart-modernismo-barcelona_1.jpg\" alt=\"Casa Dolors Alesan rehabilitaci\u00f3 modernisme barcelona | Monapart\" class=\"wp-image-1508\" style=\"width:820px;height:auto\" srcset=\"https:\/\/www.monapart.com\/magazine\/wp-content\/uploads\/2024\/01\/casa-dolors-alesan-monapart-modernismo-barcelona_1.jpg 840w, https:\/\/www.monapart.com\/magazine\/wp-content\/uploads\/2024\/01\/casa-dolors-alesan-monapart-modernismo-barcelona_1-210x300.jpg 210w, https:\/\/www.monapart.com\/magazine\/wp-content\/uploads\/2024\/01\/casa-dolors-alesan-monapart-modernismo-barcelona_1-717x1024.jpg 717w, https:\/\/www.monapart.com\/magazine\/wp-content\/uploads\/2024\/01\/casa-dolors-alesan-monapart-modernismo-barcelona_1-768x1097.jpg 768w\" sizes=\"auto, (max-width: 840px) 100vw, 840px\" \/><\/figure>\n\n\n\n<figure class=\"wp-block-image is-resized\"><img loading=\"lazy\" decoding=\"async\" width=\"960\" height=\"1370\" src=\"https:\/\/www.monapart.com\/magazine\/wp-content\/uploads\/2024\/01\/casa-dolors-alesan-monapart-modernismo-barcelona_2_1.jpg\" alt=\"Casa Dolors Alesan rehabilitaci\u00f3 modernisme barcelona | Monapart\" class=\"wp-image-1509\" style=\"width:820px;height:auto\" srcset=\"https:\/\/www.monapart.com\/magazine\/wp-content\/uploads\/2024\/01\/casa-dolors-alesan-monapart-modernismo-barcelona_2_1.jpg 960w, https:\/\/www.monapart.com\/magazine\/wp-content\/uploads\/2024\/01\/casa-dolors-alesan-monapart-modernismo-barcelona_2_1-210x300.jpg 210w, https:\/\/www.monapart.com\/magazine\/wp-content\/uploads\/2024\/01\/casa-dolors-alesan-monapart-modernismo-barcelona_2_1-718x1024.jpg 718w, https:\/\/www.monapart.com\/magazine\/wp-content\/uploads\/2024\/01\/casa-dolors-alesan-monapart-modernismo-barcelona_2_1-768x1096.jpg 768w\" sizes=\"auto, (max-width: 960px) 100vw, 960px\" \/><\/figure>\n\n\n\n<h5 class=\"wp-block-heading has-medium-font-size\">L&#039;Ess\u00e8ncia de la Rehabilitaci\u00f3 de la Casa Dolors Alesan. Recuperar per conservar<\/h5>\n\n\n\n<p>La Casa Dolors Alesan, situada a l&#039;emblem\u00e0tic passeig de Sant Joan, \u00e9s un testimoni vivent de la riquesa arquitect\u00f2nica de Barcelona. Encarregada el 1902 per Dolors Alesan a l&#039;arquitecte Enric Fatj\u00f3 i Torras, aquesta <a href=\"\/magazine\/ca\/node\/846\/\">finca r\u00e8gia<\/a> no nom\u00e9s destaca per la seva rica decoraci\u00f3 tant exterior com a interior, sin\u00f3 tamb\u00e9 pel seu significatiu valor hist\u00f2ric i cultural sent un component fonamental del Patrimoni Arquitect\u00f2nic de Barcelona.<\/p>\n\n\n\n<p>La recent intervenci\u00f3 de <a href=\"http:\/\/www.bacharquitectes.com\/\" target=\"_blank\" rel=\"noopener\">Bach Arquitectes<\/a> ha estat un delicat exercici d&#039;equilibri entre preservar el car\u00e0cter senyorial de l&#039;edifici i adaptar-lo a les necessitats contempor\u00e0nies, transformant-lo en un espai habitable amb 16 habitatges i 2 \u00e0tics d\u00faplex afegits, passant de 4 a 18 pisos sense afectar el paisatge urb\u00e0 ni la relaci\u00f3 visual amb el ve\u00ed Palau Macaya (rehabilitat tamb\u00e9 harmoni\u00f3s entre tots dos edificis.<\/p>\n\n\n\n<p>La incorporaci\u00f3 dels dos \u00e0tics d\u00faplex a la coberta \u00e9s un testimoniatge de com la innovaci\u00f3 pot conviure amb la tradici\u00f3, oferint noves perspectives sense eclipsar la bellesa original. Aquests nous espais presenten una soluci\u00f3 arquitect\u00f2nica contempor\u00e0nia amb el seu \u00abcub flotant\u00bb que s&#039;integra discretament al paisatge, visible nom\u00e9s des d&#039;angles espec\u00edfics en pujar pel passeig de Sant Joan.<\/p>\n\n\n\n<p>La intervenci\u00f3 de Bach Arquitectes ha estat un proc\u00e9s meticul\u00f3s on cada element, des dels <a href=\"\/magazine\/ca\/node\/3187\/\">terres hidr\u00e0ulics<\/a> fins a les motllures d&#039;escaiola dels sostres artesonats, els vidres emplomats, les baranes, etc. ha estat acuradament catalogat, restaurat o reinterpretat. Aquest respecte pel passat es veu reflectit a cada rac\u00f3 de la Casa Dolors Alesan, on la hist\u00f2ria es palpa en la textura de les parets i en la llum que banya els espais renovats. La fa\u00e7ana, una barreja de pedra i estuc, ostenta les inicials \u00abDA\u00bb a la porta principal, un homenatge a la seva hist\u00f2ria lligada a una fam\u00edlia de qu\u00edmics i terratinents, destacada a l&#039;exposici\u00f3 del 89.<\/p>\n\n\n\n<figure class=\"wp-block-image\"><img decoding=\"async\" src=\"https:\/\/magazine.monapart.com\/sites\/default\/files\/mediabrowser\/casa-dolors-alesan-monapart-modernismo-barcelona-arquitectura.png\" alt=\"Casa Dolors Alesan rehabilitaci\u00f3 modernisme barcelona | Monapart\"\/><\/figure>\n\n\n\n<p>A m\u00e9s, el projecte va enfrontar tamb\u00e9 el desafiament de complir la normativa actual en termes de seguretat i a\u00efllament i en la creaci\u00f3 d&#039;accessos adaptats, sense comprometre l&#039;est\u00e8tica o la integritat estructural de la finca. La soluci\u00f3 per salvar el desnivell de les escales sense necessitat d&#039;una rampa va ser enginyosa, cosa que va permetre l&#039;acc\u00e9s per a cadires de rodes a trav\u00e9s d&#039;un local adjacent.<\/p>\n\n\n\n<h5 class=\"wp-block-heading has-medium-font-size\">La Casa Dolors Alesan avui<\/h5>\n\n\n\n<p>Estucs, escultura en pedra, metal\u00b7listeria i vidrieres formen una fa\u00e7ana de belles proporcions i pres\u00e8ncia al Passeig de Sant Joan. A l&#039;interior de la Casa Dolores Alesan, destaca el vest\u00edbul d&#039;entrada i l&#039;escala, amb un gran lluerna a la coberta que proporciona llum natural a tots els espais. A l&#039;interior dels habitatges es conserven els terres hidr\u00e0ulics i la majoria de sostres amb decoraci\u00f3 en escaiola, aix\u00ed com unes belles tribunes a fa\u00e7ana i galeries a l&#039;interior d&#039;illa.<\/p>\n\n\n\n<p>L&#039;ampliaci\u00f3 de la Casa Dolors Alesan amb dos \u00e0tics d\u00faplex de 190m2 cadascun \u00e9s un exemple destacat de com l&#039;arquitectura contempor\u00e0nia pot complementar i enriquir el patrimoni existent. Aquests nous espais, dissenyats amb llenguatge modern i materials que dialoguen amb l&#039;estructura original, ofereixen una visi\u00f3 de com l&#039;arquitectura pot evolucionar mantenint les seves arrels.<\/p>\n\n\n\n<p>Els d\u00faplex s&#039;integren en un volum nou edificat amb un cert nivell d&#039;abstracci\u00f3 que se separa lleugerament de la finca original. La proposta aconsegueix establir un di\u00e0leg amb el confrontant Palau Macaya i la relaci\u00f3 dels dos volums arquitect\u00f2nics \u00e9s visible nom\u00e9s a l&#039;hivern, quan la vegetaci\u00f3 del passeig de Sant Joan, de fulla caduca, permet veure aquesta part dels edificis. La resta de l&#039;any, la coronaci\u00f3 de l&#039;edifici queda oculta darrere de la vegetaci\u00f3, nom\u00e9s visible des dels terrats de les finques ve\u00efnes.<\/p>\n\n\n\n<figure class=\"wp-block-image\"><img decoding=\"async\" src=\"https:\/\/magazine.monapart.com\/sites\/default\/files\/mediabrowser\/casa-dolors-alesan-monapart-modernismo-barcelona_vivienda.jpg\" alt=\"Casa Dolors Alesan rehabilitaci\u00f3 modernisme barcelona | Monapart\"\/><\/figure>\n\n\n\n<h5 class=\"wp-block-heading has-medium-font-size\">Bach Arquitectes<\/h5>\n\n\n\n<p>Bach Arquitectes \u00e9s un estudi d&#039;arquitectura que opera en un ampli espectre del disseny, des de l&#039;escala urbana fins a la dom\u00e8stica i el disseny d&#039;interiors i industrial. A trav\u00e9s de la innovaci\u00f3 i la recerca, l&#039;estudi cerca noves solucions i alternatives a cada projecte, aconseguint una alta qualitat a trav\u00e9s d&#039;optimitzar tant els recursos naturals com els econ\u00f2mics. Des de la seva fundaci\u00f3 fa 25 anys, l&#039;estudi ha dissenyat projectes a totes les escales i m\u00faltiples programes i ha rebut nombrosos premis i reconeixements. L&#039;estudi est\u00e0 format per un equip multidisciplinari de professionals a l&#039;\u00e0mbit del disseny urb\u00e0 i arquitectura, disseny d&#039;interiors i instal\u00b7lacions ef\u00edmeres.<\/p>\n\n\n\n<p>La reforma de Casa Dolors Alesan per Bach Arquitectes \u00e9s un testimoni del poder de l&#039;arquitectura per connectar el passat amb el futur. En preservar l&#039;ess\u00e8ncia de la finca mentre s&#039;introdueix una nova vida dins els murs, el projecte serveix com un recordatori inspirador que el respecte per la hist\u00f2ria i l&#039;adaptaci\u00f3 a la modernitat poden coexistir en harmonia.<\/p>","protected":false},"excerpt":{"rendered":"<p>La renovaci\u00f3 recent de la Casa Dolors Ales\u00e1n, joia arquitect\u00f2nica modernista de Barcelona, posa de manifest la import\u00e0ncia de la conservaci\u00f3 arquitect\u00f2nica com un acte de sostenibilitat cultural i ambiental.<\/p>","protected":false},"author":4,"featured_media":1510,"comment_status":"closed","ping_status":"closed","sticky":false,"template":"","format":"standard","meta":{"_acf_changed":false,"footnotes":""},"categories":[2844,2846],"tags":[2885],"class_list":["post-1507","post","type-post","status-publish","format-standard","has-post-thumbnail","hentry","category-hogar","category-espacios-y-vida","tag-arquitectura"],"acf":[],"_links":{"self":[{"href":"https:\/\/www.monapart.com\/magazine\/ca\/wp-json\/wp\/v2\/posts\/1507","targetHints":{"allow":["GET"]}}],"collection":[{"href":"https:\/\/www.monapart.com\/magazine\/ca\/wp-json\/wp\/v2\/posts"}],"about":[{"href":"https:\/\/www.monapart.com\/magazine\/ca\/wp-json\/wp\/v2\/types\/post"}],"author":[{"embeddable":true,"href":"https:\/\/www.monapart.com\/magazine\/ca\/wp-json\/wp\/v2\/users\/4"}],"replies":[{"embeddable":true,"href":"https:\/\/www.monapart.com\/magazine\/ca\/wp-json\/wp\/v2\/comments?post=1507"}],"version-history":[{"count":2,"href":"https:\/\/www.monapart.com\/magazine\/ca\/wp-json\/wp\/v2\/posts\/1507\/revisions"}],"predecessor-version":[{"id":19400,"href":"https:\/\/www.monapart.com\/magazine\/ca\/wp-json\/wp\/v2\/posts\/1507\/revisions\/19400"}],"wp:featuredmedia":[{"embeddable":true,"href":"https:\/\/www.monapart.com\/magazine\/ca\/wp-json\/wp\/v2\/media\/1510"}],"wp:attachment":[{"href":"https:\/\/www.monapart.com\/magazine\/ca\/wp-json\/wp\/v2\/media?parent=1507"}],"wp:term":[{"taxonomy":"category","embeddable":true,"href":"https:\/\/www.monapart.com\/magazine\/ca\/wp-json\/wp\/v2\/categories?post=1507"},{"taxonomy":"post_tag","embeddable":true,"href":"https:\/\/www.monapart.com\/magazine\/ca\/wp-json\/wp\/v2\/tags?post=1507"}],"curies":[{"name":"wp","href":"https:\/\/api.w.org\/{rel}","templated":true}]}}