{"id":1488,"date":"2024-03-04T19:39:00","date_gmt":"2024-03-04T18:39:00","guid":{"rendered":"https:\/\/www.monapart.com\/magazine\/?p=1488"},"modified":"2025-09-09T17:05:17","modified_gmt":"2025-09-09T15:05:17","slug":"nuria-moliner-larquitectura-com-a-tercera-pell","status":"publish","type":"post","link":"https:\/\/www.monapart.com\/magazine\/ca\/hogar\/nuria-moliner-la-arquitectura-como-tercera-piel","title":{"rendered":"N\u00faria Moliner, l&#039;arquitectura com a tercera pell"},"content":{"rendered":"\n<h1 class=\"wp-block-heading\">N\u00faria Moliner, la arquitectura como tercera piel<\/h1>\n\n\n\n<h2 class=\"wp-block-heading\">Hablamos con ella sobre arquitectura y vivienda, el principal escenario de nuestra vida y nuestra tercera piel.<\/h2>\n\n\n<div class='post-info'>4 de mar\u00e7 de 2024 por <a href='https:\/\/www.monapart.com\/magazine\/ca\/autor\/olgasala'>Olga Sala<\/a><\/div>\n\n\n\n<p><\/p>\n\n\n\n<figure class=\"wp-block-image\"><img decoding=\"async\" src=\"https:\/\/magazine.monapart.com\/sites\/default\/files\/styles\/scale_960xn_\/public\/mediabrowser\/nuria-moliner-entrevista-monapart_1.jpeg?itok=YtqvZ2f_\" alt=\"N\u00faria Moliner, la arquitectura como tercera piel | Monapart\"\/><\/figure>\n\n\n\n<h3 class=\"wp-block-heading\">N\u00faria Moliner es arquitecta, comunicadora, m\u00fasica y ecologista. Si alguno de estos temas es de tu inter\u00e9s, la habr\u00e1s visto en la serie documental&nbsp;<a href=\"https:\/\/www.ccma.cat\/3cat\/animals-arquitectes\/\" target=\"_blank\" rel=\"noopener\">\u201cAnimals arquitectes\u201d<\/a>&nbsp;en 3Cat, en el programa&nbsp;<a href=\"https:\/\/www.rtve.es\/play\/videos\/escala-humana\/\" target=\"_blank\" rel=\"noopener\">\u201cEscala Humana\u201d<\/a>&nbsp;TVE o en sus numerosas colaboraciones en festivales, congresos o prensa. O quiz\u00e1s la has tenido de profesora de Teor\u00eda de la Arquitectura en la ETSAB (UPC), o has disfrutado alguno de sus conciertos con su banda&nbsp;<a href=\"https:\/\/www.intanamusic.com\/\" target=\"_blank\" rel=\"noopener\">Intana<\/a>&nbsp;o con Delaf\u00e9 y las Flores Azules. Un no parar.&nbsp;<\/h3>\n\n\n\n<p>[P] En una entrevista reciente afirmabas que \u201cSi conocemos mejor la arquitectura tomaremos mejores decisiones. Especialmente en el momento de alquilar o comprar una vivienda\u201d.&nbsp;<\/p>\n\n\n\n<p>[R] Es una pena que no se hable m\u00e1s de arquitectura, dise\u00f1o o interiorismo en las escuelas. Es una carencia y un error enormes porque&nbsp;<strong>la arquitectura, como escenograf\u00eda de nuestras vidas, nos define como sociedad y cultura, influyendo en nuestras decisiones cotidianas.<\/strong><\/p>\n\n\n\n<p>Si no sabemos nada de arquitectura, \u00bfc\u00f3mo podemos valorar si una vivienda se adapta a nuestras necesidades? \u00bfC\u00f3mo saber si la iluminaci\u00f3n de una vivienda es \u00f3ptima? \u00bfConocemos los materiales de que est\u00e1 hecha? Si entendemos la arquitectura como parte de nuestra cultura tendremos m\u00e1s herramientas para tomar mejores decisiones a la hora de encontrar la casa de nuestros sue\u00f1os.<\/p>\n\n\n\n<blockquote class=\"wp-block-quote alignright is-layout-flow wp-block-quote-is-layout-flow\">\n<p>\u00abLa arquitectura es la escenograf\u00eda de nuestras vidas, nos define como sociedad y cultura, influyendo enormemente en nuestras decisiones cotidianas.\u00bb<\/p>\n<\/blockquote>\n\n\n\n<figure class=\"wp-block-image\"><img decoding=\"async\" src=\"https:\/\/magazine.monapart.com\/sites\/default\/files\/styles\/scale_960xn_\/public\/mediabrowser\/nuria-moliner-en-casa-entrevista-monapart_2.jpeg?itok=3DcRrRKs\" alt=\"N\u00faria Moliner, la arquitectura como tercera piel | Monapart\"\/><\/figure>\n\n\n\n<h2 class=\"wp-block-heading\">\u00bfQu\u00e9 es importante para ti en una casa?<\/h2>\n\n\n\n<p>Me he mudado much\u00edsimas veces y ha sido todo un aprendizaje para aprender qu\u00e9 necesito y qu\u00e9 no. Por encima de todo me gusta que la vivienda tenga mucha luz natural; durante a\u00f1os viv\u00ed en un piso oscuro porque me importaba m\u00e1s la ubicaci\u00f3n que c\u00f3mo era el piso por dentro\u2026 Viv\u00ed tambi\u00e9n en un piso muy ruidoso y ahora claro, tambi\u00e9n valoro mucho el silencio.&nbsp;<\/p>\n\n\n\n<figure class=\"wp-block-image\"><img decoding=\"async\" src=\"https:\/\/magazine.monapart.com\/sites\/default\/files\/styles\/scale_960xn_\/public\/mediabrowser\/nuria-moliner-en-casa-entrevista-monapart_3.jpeg?itok=j9D5p1Qm\" alt=\"N\u00faria Moliner, la arquitectura como tercera piel | Monapart\"\/><\/figure>\n\n\n\n<p>Por lo que respecta a texturas y materialidades, he ido cambiando. Me sigue gustando mucho la arquitectura tradicional de Barcelona, con sus suelos hidr\u00e1ulicos, sus techos altos con vigas de madera\u2026 y creo que eso se tiene que preservar para que los pisos conserven su identidad. Por eso soy una gran defensora de la rehabilitaci\u00f3n m\u00e1s que de la obra nueva, porque la obra nueva en general est\u00e1 muy estandarizada, muy globalizada y no refleja la identidad de donde se ubica.&nbsp;<strong>Si vamos perdiendo identidad patrimonial por el camino, vamos perdiendo cultura.<\/strong><\/p>\n\n\n\n<p>Me gustan especialmente los pisos antiguos que han sido rehabilitados manteniendo sus elementos de origen con gusto sin renunciar a las materialidades del momento o al lenguaje arquitect\u00f3nico del presente.&nbsp;<strong>Por encima de todo me gustan lugares con mucha personalidad. Intento vivir en pisos con identidad propia, espacios especiales y \u00fanicos que me interpelen<\/strong>&nbsp;y no en pisos est\u00e1ndares que se han hecho siguiendo estrictos criterios de rentabilidad econ\u00f3mica, con acabados mediocres y materiales sint\u00e9ticos para un mismo modelo de familia o estilo de vida, sea lo que sea eso hoy en d\u00eda.<\/p>\n\n\n\n<h5 class=\"wp-block-heading has-medium-font-size\">\u00bfLa rehabilitaci\u00f3n es el presente y el futuro de la arquitectura?<\/h5>\n\n\n\n<p>Totalmente, y especialmente en tejidos densos y consolidados como las ciudades europeas. En Europa hay un parque edificado viej\u00edsimo y por eso rehabilitar es una necesidad porque es m\u00e1s sostenible que construir desde cero y m\u00e1s si se rehabilita con conciencia energ\u00e9tica.&nbsp;<\/p>\n\n\n\n<blockquote class=\"wp-block-quote alignright is-layout-flow wp-block-quote-is-layout-flow\">\n<p>\u00abLa rehabilitaci\u00f3n es el presente y el futuro de la arquitectura, especialmente en tejidos densos y consolidados como las ciudades europeas.\u00bb<\/p>\n<\/blockquote>\n\n\n\n<p>La rehabilitaci\u00f3n tambi\u00e9n es una oportunidad no s\u00f3lo como transici\u00f3n hacia un entorno m\u00e1s ecol\u00f3gico sino tambi\u00e9n como forma de reconectar con la identidad, la cultura y el patrimonio del lugar. Adem\u00e1s ahora hay much\u00edsimos fondos europeos disponibles para as\u00ed cumplir con los objetivos 2030-2050. \u00a1Se prev\u00e9 que esto ocupar\u00e1 a un tercio de los arquitectos!<\/p>\n\n\n\n<h5 class=\"wp-block-heading has-medium-font-size\">En 2021 diste una ponencia sobre la vivienda del futuro, \u00bfcu\u00e1l es tu&nbsp;<em>desideratum<\/em>&nbsp;al respecto?<\/h5>\n\n\n\n<p>La vivienda del futuro creo que deber\u00eda ser autosuficiente m\u00e1s que sostenible (palabra que ya est\u00e1 desprovista de su significado verdadero), y ser un mecanismo integrado en el ecosistema del que forma parte. Imagino una vivienda que recupera la arquitectura vernacular, que entiende el lugar y el clima donde radica y que se construye con materiales locales pero que a la vez incorpora los avances tecnol\u00f3gicos del presente para hacerla todav\u00eda m\u00e1s autosuficiente. Creo que este es el tema de la vivienda del futuro y que es especialmente importante en las ciudades.<\/p>\n\n\n\n<p><strong>Creo que la ciudad debe convertirse m\u00e1s en selva a pesar de que inevitablemente relacionamos ciudad con hormig\u00f3n.&nbsp;<\/strong>Form\u00e9 parte del consejo asesor del Ayuntamiento de Barcelona en el proyecto de la superilla en la c\/ Consejo de Ciento que fue ganado por Cierto Estudio [accede a la&nbsp;<a href=\"https:\/\/magazine.monapart.com\/es\/magazine\/hogar\/entrevista-cierto-estudio\" target=\"_blank\" rel=\"noopener\">entrevista a Cierto Estudio<\/a>&nbsp;que hicimos en Monapart en 2020]. Es muy significativo el hecho de que un equipo de seis arquitectas millennial ganara un concurso internacional an\u00f3nimo por pensar c\u00f3mo debe ser la ciudad en el s. XXI.<\/p>\n\n\n\n<blockquote class=\"wp-block-quote alignright is-layout-flow wp-block-quote-is-layout-flow\">\n<p>\u00abCreo que la ciudad debe convertirse m\u00e1s en selva a pesar de que inevitablemente relacionamos ciudad con hormig\u00f3n.\u00bb<\/p>\n<\/blockquote>\n\n\n\n<p>El lema del proyecto era precisamente \u201ccaminar desde el centro\u201d, toda una declaraci\u00f3n de intenciones que pone a los vecinos en el lugar donde ahora est\u00e1n los coches. Crear espacios agradables y saludables que van m\u00e1s all\u00e1 de meros lugares de tr\u00e1nsito para ir de un sitio a otro, o para consumir o producir sino espacios para estar, leer, jugar, relacionarte\u2026 La idea al final es un espacio p\u00fablico que se asemeja a un espacio dom\u00e9stico.<\/p>\n\n\n\n<figure class=\"wp-block-image\"><img decoding=\"async\" src=\"https:\/\/magazine.monapart.com\/sites\/default\/files\/styles\/scale_960xn_\/public\/mediabrowser\/super-illa-consejo-de-ciento-barcelona-cierto-estudio.jpeg?itok=0ERoT7fW\" alt=\"N\u00faria Moliner, la arquitectura como tercera piel | Monapart\"\/><\/figure>\n\n\n\n<h5 class=\"wp-block-heading has-medium-font-size\">\u00bfEs tu casa reflejo de qui\u00e9n eres?&nbsp;<\/h5>\n\n\n\n<p>Mi casa es un retrato fiel de qui\u00e9n soy. Siempre pongo notas de colores muy vivos, como cuando me visto. Al final, la ropa tambi\u00e9n es una vivienda, es la segunda piel que nos rodea y que habitamos y que nos interconecta con nuestro entorno.&nbsp;<\/p>\n\n\n\n<blockquote class=\"wp-block-quote alignright is-layout-flow wp-block-quote-is-layout-flow\">\n<p>\u00abLa ropa es la segunda piel que habitamos. La vivienda es la tercera.\u00bb<\/p>\n<\/blockquote>\n\n\n\n<p>No colecciono nada pero s\u00ed me gusta guardar objetos de mis viajes, recuerdos\u2026 y los expongo en peque\u00f1os altares en casa.<\/p>\n\n\n\n<p>Y en mis mudanzas siempre me llevo las plantas&#8230; Mi casa es un poco selva.<\/p>\n\n\n\n<h5 class=\"wp-block-heading has-medium-font-size\">\u00bfCrees en la domesticidad ampliada al barrio, la calle, las plazas\u2026?<\/h5>\n\n\n\n<p>Durante 8 a\u00f1os viv\u00ed en el barrio de Gracia [accede a nuestro art\u00edculo sobre la&nbsp;<a href=\"https:\/\/magazine.monapart.com\/es\/magazine\/hogar\/marchando-un-piso-en-gracia-y-una-racion-de-vermut\" target=\"_blank\" rel=\"noopener\">b\u00fasqueda de piso en Gracia<\/a>] y me he implicado en el tejido asociativo, en la organizaci\u00f3n vecinal que decora las calles para las famosas fiestas del barrio\u2026 o sea,&nbsp;<strong>no concibo la vivienda sin su v\u00ednculo inseparable con la comunidad y el entorno inmediato.&nbsp;<\/strong>Me gusta conocer a los vecinos y saludarles por su nombre, conocer bien el comercio local, etc. Me cri\u00e9 en Badalona, una ciudad donde el centro es como un peque\u00f1o pueblo y eso l\u00f3gicamente me ha influido. Poder vivir en esta escala de pueblo dentro de la gran ciudad es ideal.&nbsp;<\/p>\n\n\n\n<h5 class=\"wp-block-heading has-medium-font-size\">\u00bfC\u00f3mo ves Barcelona?<\/h5>\n\n\n\n<p>Hay veces que estoy bastante pesimista porque sufro ansiedad clim\u00e1tica y veo que se toman muchas decisiones que no son coherentes con la conservaci\u00f3n del medioambiente. Aunque tambi\u00e9n celebro las iniciativas que conozco gracias a mi trabajo y que avanzan hacia un urbanismo m\u00e1s consciente.&nbsp;<\/p>\n\n\n\n<p>Estamos avanzando mucho pero estos cambios de entrada generan escepticismo o oposici\u00f3n. La gente se queja de que en la ciudad cada vez es m\u00e1s dif\u00edcil ir en coche\u2026. pero est\u00e1 demostrado que cada segundo de m\u00e1s que dura el sem\u00e1foro en rojo es un % de gente que opta por otro tipo de movilidad m\u00e1s sostenible y saludable. \u00bfPor qu\u00e9 en Copenhague la gente va tanto en bici? \u00bfEs porque son m\u00e1s ecologistas que nadie? \u00bfEs porque son m\u00e1s sanos? No. Es porque el recorrido en bici del punto A al B es el m\u00e1s r\u00e1pido de todos con diferencia, y eso no es casual, es porque ha habido urbanistas que lo han decidido as\u00ed. Es importante que esta consciencia vaya calando y nos vayamos adaptando todos hasta alcanzar el ideal de la ciudad de los 15 minutos (todos los servicios a menos de 15\u2019 a pie) y el territorio de los 45\u2019 (recorridos en tren).&nbsp;&nbsp;<\/p>\n\n\n\n<h5 class=\"wp-block-heading has-medium-font-size\">\u00bfD\u00f3nde naci\u00f3 tu vocaci\u00f3n por la arquitectura? \u00bfAlg\u00fan primer recuerdo?<\/h5>\n\n\n\n<p>De peque\u00f1a me gustaba la arqueolog\u00eda, pero luego me fui interesando m\u00e1s en la arquitectura del presente que en la del pasado. Adem\u00e1s, siempre me gustaron las disciplinas art\u00edsticas y creativas tanto como las t\u00e9cnicas y por eso busqu\u00e9 una disciplina que equilibrara los dos hemisferios cerebrales: la parte t\u00e9cnica y racional junto a la parte m\u00e1s pasional y art\u00edstica. Para m\u00ed aqu\u00ed radica la belleza de la arquitectura.&nbsp;<\/p>\n\n\n\n<p>Uno de mis primeros recuerdos es el primer d\u00eda que cog\u00ed un l\u00e1piz, mi familia dice que enloquec\u00ed. \u00a1Y hay foto!&nbsp;<\/p>\n\n\n\n<figure class=\"wp-block-image\"><img decoding=\"async\" src=\"https:\/\/magazine.monapart.com\/sites\/default\/files\/styles\/scale_960xn_\/public\/mediabrowser\/nuria-moliner-en-casa-entrevista-monapart_4.jpeg?itok=pdbdj1xe\" alt=\"N\u00faria Moliner, la arquitectura como tercera piel | Monapart\"\/><\/figure>\n\n\n\n<h5 class=\"wp-block-heading has-medium-font-size\">\u00bfQu\u00e9 arquitectos son tus referentes?&nbsp;<\/h5>\n\n\n\n<p>Peter Zumthor y su arquitectura humilde, que saca la m\u00e1xima belleza de la materialidad y de los espacios. Tambi\u00e9n Eileen Gray, mujer pionera con una historia incre\u00edble que materializ\u00f3 los conceptos del movimiento moderno en el espacio dom\u00e9stico cosa que nadie hab\u00eda conseguido hacer.<\/p>\n\n\n\n<p>Admiro tambi\u00e9n los arquitectos de aqu\u00ed que tienen una posici\u00f3n muy rupturista como la&nbsp;<a href=\"https:\/\/www.lacol.coop\/\" target=\"_blank\" rel=\"noopener\">Cooperativa de Arquitectos Lacol<\/a>, que ha hecho el primer edificio de vivienda cooperativa con cesi\u00f3n de uso en Barcelona y adem\u00e1s est\u00e1 construido en madera.&nbsp;<\/p>\n\n\n\n<figure class=\"wp-block-image\"><img decoding=\"async\" src=\"https:\/\/magazine.monapart.com\/sites\/default\/files\/styles\/scale_960xn_\/public\/mediabrowser\/sotrac-lacol-cooperativa-arquitectes.png?itok=Fbiv_y4d\" alt=\"N\u00faria Moliner, la arquitectura como tercera piel | Monapart\"\/><\/figure>\n\n\n\n<h5 class=\"wp-block-heading has-medium-font-size\">\u00bfQu\u00e9 es lo que m\u00e1s te gusta de tu trabajo? \u00bfAlgo de lo que te sientas especialmente orgullosa?<\/h5>\n\n\n\n<p>Me satisface mucho estar aprendiendo constantemente, conocer de primera mano a personas que admiro, poder acceder y visitar sitios interesantes y aprender de la mejor arquitectura que se est\u00e1 haciendo en nuestro pa\u00eds\u2026 En este sentido me siento muy afortunada y agradecida.<\/p>\n\n\n\n<p>De lo que me siento m\u00e1s orgullosa es de haber contribuido junto con el equipo a crear y divulgar contenidos televisivos de arquitectura pensados para un p\u00fablico diverso y amplio que disfruta y aprende de esta disciplina. Antes, la mayor\u00eda de veces se hablaba de arquitectura s\u00f3lo para arquitectos. Por suerte, cada vez hay m\u00e1s gente y proyectos que divulgan la cultura arquitect\u00f3nica de una manera m\u00e1s accesible. Y me hace muy feliz dedicarme a ello.<\/p>\n\n\n\n<h5 class=\"wp-block-heading has-medium-font-size\">Color, libro, disco\u2026<\/h5>\n\n\n\n<p>Amarillo |&nbsp;<em>Walden<\/em>&nbsp;de H. D. Thoreau |&nbsp;<em>Ok Computer<\/em>&nbsp;de Radiohead<\/p>\n\n\n\n<figure class=\"wp-block-image\"><img decoding=\"async\" src=\"https:\/\/magazine.monapart.com\/sites\/default\/files\/styles\/scale_960xn_\/public\/mediabrowser\/delafe-y-las-flores-azules_nuria-moliner.jpg?itok=ZeB3XmiX\" alt=\"N\u00faria Moliner, la arquitectura como tercera piel | Monapart\"\/><\/figure>\n\n\n\n<h5 class=\"wp-block-heading has-medium-font-size\">Algo que nos quieras contar y que no te hayamos preguntado. \u00a1Habla ahora o calla para siempre!<\/h5>\n\n\n\n<p>A veces la belleza parece opcional, un extra, un lujo, algo caro, snob o pedir demasiado. Y la reivindicaci\u00f3n de la belleza parece trivial, fr\u00edvola. Pero todo lo contrario. Si estamos en un espacio bonito nos da bienestar mental, salud\u2026 Creo que es un ideal al que tenemos que aspirar. Acceder a una vivienda digna, funcional y bella no tendr\u00eda que ser un lujo que solo se pueden permitir unos pocos, si no un derecho. El hecho de que alguien haya pensado en los detalles de una taza, de una mesa, de un espacio\u2026 modifica nuestras sensaciones, nuestros actos y hasta nuestras conversaciones.&nbsp;<\/p>\n\n\n\n<h3 class=\"wp-block-heading\"><strong>Cada una de las decisiones de dise\u00f1o, a todas las escalas, determinan la calidad de vida y la salud de las personas.<\/strong><\/h3>\n","protected":false},"excerpt":{"rendered":"<p>N\u00faria Moliner \u00e9s arquitecta, comunicadora, m\u00fasica i ecologista. Si algun d&#039;aquests temes \u00e9s del teu inter\u00e8s, l&#039;haur\u00e0s vist a la televisi\u00f3, a congressos a la premsa o haur\u00e0 estat la teva professora a la universitat. Un no parar.\u00a0<\/p>","protected":false},"author":4,"featured_media":15498,"comment_status":"closed","ping_status":"closed","sticky":false,"template":"","format":"standard","meta":{"_acf_changed":false,"footnotes":""},"categories":[2844,2845],"tags":[2885],"class_list":["post-1488","post","type-post","status-publish","format-standard","has-post-thumbnail","hentry","category-hogar","category-mi-monapart","tag-arquitectura"],"acf":[],"_links":{"self":[{"href":"https:\/\/www.monapart.com\/magazine\/ca\/wp-json\/wp\/v2\/posts\/1488","targetHints":{"allow":["GET"]}}],"collection":[{"href":"https:\/\/www.monapart.com\/magazine\/ca\/wp-json\/wp\/v2\/posts"}],"about":[{"href":"https:\/\/www.monapart.com\/magazine\/ca\/wp-json\/wp\/v2\/types\/post"}],"author":[{"embeddable":true,"href":"https:\/\/www.monapart.com\/magazine\/ca\/wp-json\/wp\/v2\/users\/4"}],"replies":[{"embeddable":true,"href":"https:\/\/www.monapart.com\/magazine\/ca\/wp-json\/wp\/v2\/comments?post=1488"}],"version-history":[{"count":2,"href":"https:\/\/www.monapart.com\/magazine\/ca\/wp-json\/wp\/v2\/posts\/1488\/revisions"}],"predecessor-version":[{"id":19131,"href":"https:\/\/www.monapart.com\/magazine\/ca\/wp-json\/wp\/v2\/posts\/1488\/revisions\/19131"}],"wp:featuredmedia":[{"embeddable":true,"href":"https:\/\/www.monapart.com\/magazine\/ca\/wp-json\/wp\/v2\/media\/15498"}],"wp:attachment":[{"href":"https:\/\/www.monapart.com\/magazine\/ca\/wp-json\/wp\/v2\/media?parent=1488"}],"wp:term":[{"taxonomy":"category","embeddable":true,"href":"https:\/\/www.monapart.com\/magazine\/ca\/wp-json\/wp\/v2\/categories?post=1488"},{"taxonomy":"post_tag","embeddable":true,"href":"https:\/\/www.monapart.com\/magazine\/ca\/wp-json\/wp\/v2\/tags?post=1488"}],"curies":[{"name":"wp","href":"https:\/\/api.w.org\/{rel}","templated":true}]}}