{"id":1451,"date":"2023-10-12T10:56:43","date_gmt":"2023-10-12T08:56:43","guid":{"rendered":"https:\/\/www.monapart.com\/magazine\/?p=1451"},"modified":"2025-09-22T13:45:20","modified_gmt":"2025-09-22T11:45:20","slug":"marta-besada-quadres-que-expliquen-histories","status":"publish","type":"post","link":"https:\/\/www.monapart.com\/magazine\/ca\/hogar\/marta-besada-cuadros-que-cuentan-historias","title":{"rendered":"Marta Besada, quadres que expliquen hist\u00f2ries"},"content":{"rendered":"<div class=\"wp-block-group post-header\"><div class=\"wp-block-group__inner-container is-layout-constrained wp-block-group-is-layout-constrained\">\n<h1 class=\"wp-block-heading\">Marta Besada, quadres que expliquen hist\u00f2ries<\/h1>\n\n\n\n<h2 class=\"wp-block-heading\">Marta ens obre les portes del seu m\u00f3n creatiu a casa seva a Madrid<\/h2>\n\n\n<div class='post-info'>12 d&#039;octubre del 2023 per <a href='https:\/\/www.monapart.com\/magazine\/ca\/autor\/olgasala'>Olga Sala<\/a><\/div>\n\n\n\n<figure class=\"wp-block-image size-large\"><img loading=\"lazy\" decoding=\"async\" width=\"954\" height=\"1024\" src=\"https:\/\/www.monapart.com\/magazine\/wp-content\/uploads\/2023\/10\/marta-besada_3-954x1024.jpg\" alt=\"Marta Besada, quadres que expliquen hist\u00f2ries | Monapart \" class=\"wp-image-1452\" style=\"aspect-ratio:16\/9;object-fit:cover\" srcset=\"https:\/\/www.monapart.com\/magazine\/wp-content\/uploads\/2023\/10\/marta-besada_3-954x1024.jpg 954w, https:\/\/www.monapart.com\/magazine\/wp-content\/uploads\/2023\/10\/marta-besada_3-280x300.jpg 280w, https:\/\/www.monapart.com\/magazine\/wp-content\/uploads\/2023\/10\/marta-besada_3-768x824.jpg 768w, https:\/\/www.monapart.com\/magazine\/wp-content\/uploads\/2023\/10\/marta-besada_3.jpg 960w\" sizes=\"auto, (max-width: 954px) 100vw, 954px\" \/><\/figure>\n\n\n\n<h3 class=\"wp-block-heading\">Marta Besada \u00e9s una artista que a trav\u00e9s dels seus quadres transforma les llars en espais plens d&#039;hist\u00f2ries i de personalitat. La seva obra, marcada per la influ\u00e8ncia de l?escriptor Garc\u00eda M\u00e1rquez, \u00e9s un reflex de la seva capacitat per convertir l?art en el cor de qualsevol habitatge. En aquesta entrevista, ens parla sobre el proc\u00e9s creatiu i com l&#039;art pot transformar qualsevol espai i connectar profundament amb els qui l&#039;habiten.<\/h3>\n<\/div><\/div>\n\n\n\n<div class=\"wp-block-group\"><div class=\"wp-block-group__inner-container is-layout-constrained wp-block-group-is-layout-constrained\">\n<p>Ens explica que casa seva \u00e9s reflex de la seva personalitat i el seu amor per les hist\u00f2ries, plena de mobles restaurats i peces amb hist\u00f2ries pr\u00f2pies. Esperem que, algun dia (aviat), tingui la xemeneia francesa de marbre amb qu\u00e8 somia.<\/p>\n\n\n\n<div class=\"wp-block-columns is-layout-flex wp-container-core-columns-is-layout-9d6595d7 wp-block-columns-is-layout-flex\">\n<div class=\"wp-block-column is-layout-flow wp-block-column-is-layout-flow\" style=\"flex-basis:40%\">\n<blockquote class=\"wp-block-quote is-layout-flow wp-block-quote-is-layout-flow\">\n<p>&quot;Les obres d&#039;art no han de combinar amb l&#039;espai&quot;.<\/p>\n<\/blockquote>\n<\/div>\n\n\n\n<div class=\"wp-block-column is-layout-flow wp-block-column-is-layout-flow\" style=\"flex-basis:60%\">\n<h5 class=\"wp-block-heading has-medium-font-size\">Parla&#039;ns de tu i de la teva feina. On va n\u00e9ixer la teva vocaci\u00f3? Algun primer record?<\/h5>\n\n\n\n<p>Tot neix fa molts anys de la literatura i del realisme m\u00e0gic de Garc\u00eda M\u00e1rquez. Sempre em va agradar molt llegir i escriure les meves pr\u00f2pies hist\u00f2ries, per\u00f2 quan era a l&#039;institut i vaig llegir per primera vegada Gabo, em va atrapar de manera que vaig sentir que aix\u00f2 era el que volia fer, explicar hist\u00f2ries i deixar que les persones se submergessin en el meu m\u00f3n, fent de l&#039;extraordinari una cosa quotidiana i de l&#039;aparentment insignificant una cosa \u00fanica. Vaig buscar el meu propi llenguatge i aquest el vaig trobar a trav\u00e9s de l&#039;art i el color.<\/p>\n<\/div>\n<\/div>\n<\/div><\/div>\n\n\n\n<div class=\"wp-block-group\"><div class=\"wp-block-group__inner-container is-layout-constrained wp-block-group-is-layout-constrained\">\n<h5 class=\"wp-block-heading has-medium-font-size\">Qu\u00e8 \u00e9s el que m\u00e9s et satisf\u00e0 de la teva feina? Alg\u00fa del que et sentis especialment orgullosa? <\/h5>\n\n\n\n<p>M&#039;encanta la meva feina i s\u00e9 que mai no podria deixar de crear. Confesso que sempre em va obsessionar deixar la meva empremta al m\u00f3n, i per a mi, aquesta \u00e9s la millor manera i el que m\u00e9s em satisf\u00e0, sense cap dubte.<\/p>\n\n\n\n<p>Crec que em sento orgullosa de tots els meus treballs perqu\u00e8 mai no mostro res que no em convenci al 100%. Cadasc\u00fa t\u00e9 la seva pr\u00f2pia imatge que parla d&#039;un espai de temps propi. <\/p>\n\n\n\n<p>Des de fa uns anys, treballo amb teles, transformant la idea d&#039;espai, i no fa gaire vaig descobrir la filosofia del kintsugi; aquests dos vessants s\u00f3n ara mateix els que m\u00e9s emocionen.<\/p>\n<\/div><\/div>\n\n\n\n<div class=\"wp-block-group extended-image-group\"><div class=\"wp-block-group__inner-container is-layout-constrained wp-block-group-is-layout-constrained\">\n<div class=\"wp-block-columns is-layout-flex wp-container-core-columns-is-layout-9d6595d7 wp-block-columns-is-layout-flex\">\n<div class=\"wp-block-column is-layout-flow wp-block-column-is-layout-flow\">\n<figure class=\"wp-block-image size-large\"><img loading=\"lazy\" decoding=\"async\" width=\"802\" height=\"1024\" src=\"https:\/\/www.monapart.com\/magazine\/wp-content\/uploads\/2023\/10\/marta-besada_2-802x1024.jpg\" alt=\"Marta Besada, quadres que expliquen hist\u00f2ries | Monapart \" class=\"wp-image-1454\" style=\"aspect-ratio:1;object-fit:cover\" srcset=\"https:\/\/www.monapart.com\/magazine\/wp-content\/uploads\/2023\/10\/marta-besada_2-802x1024.jpg 802w, https:\/\/www.monapart.com\/magazine\/wp-content\/uploads\/2023\/10\/marta-besada_2-235x300.jpg 235w, https:\/\/www.monapart.com\/magazine\/wp-content\/uploads\/2023\/10\/marta-besada_2-768x981.jpg 768w, https:\/\/www.monapart.com\/magazine\/wp-content\/uploads\/2023\/10\/marta-besada_2.jpg 960w\" sizes=\"auto, (max-width: 802px) 100vw, 802px\" \/><\/figure>\n<\/div>\n\n\n\n<div class=\"wp-block-column is-layout-flow wp-block-column-is-layout-flow\">\n<figure class=\"wp-block-image size-large\"><img loading=\"lazy\" decoding=\"async\" width=\"805\" height=\"1024\" src=\"https:\/\/www.monapart.com\/magazine\/wp-content\/uploads\/2023\/10\/marta-besada_5_0-805x1024.jpg\" alt=\"Marta Besada, quadres que expliquen hist\u00f2ries | Monapart \" class=\"wp-image-1455\" style=\"aspect-ratio:1;object-fit:cover\" srcset=\"https:\/\/www.monapart.com\/magazine\/wp-content\/uploads\/2023\/10\/marta-besada_5_0-805x1024.jpg 805w, https:\/\/www.monapart.com\/magazine\/wp-content\/uploads\/2023\/10\/marta-besada_5_0-236x300.jpg 236w, https:\/\/www.monapart.com\/magazine\/wp-content\/uploads\/2023\/10\/marta-besada_5_0-768x977.jpg 768w, https:\/\/www.monapart.com\/magazine\/wp-content\/uploads\/2023\/10\/marta-besada_5_0.jpg 960w\" sizes=\"auto, (max-width: 805px) 100vw, 805px\" \/><\/figure>\n<\/div>\n\n\n\n<div class=\"wp-block-column is-layout-flow wp-block-column-is-layout-flow\">\n<figure class=\"wp-block-image size-large\"><img loading=\"lazy\" decoding=\"async\" width=\"802\" height=\"1024\" src=\"https:\/\/www.monapart.com\/magazine\/wp-content\/uploads\/2023\/10\/marta-besada_2-802x1024.jpg\" alt=\"Marta Besada, quadres que expliquen hist\u00f2ries | Monapart \" class=\"wp-image-1454\" style=\"aspect-ratio:1;object-fit:cover\" srcset=\"https:\/\/www.monapart.com\/magazine\/wp-content\/uploads\/2023\/10\/marta-besada_2-802x1024.jpg 802w, https:\/\/www.monapart.com\/magazine\/wp-content\/uploads\/2023\/10\/marta-besada_2-235x300.jpg 235w, https:\/\/www.monapart.com\/magazine\/wp-content\/uploads\/2023\/10\/marta-besada_2-768x981.jpg 768w, https:\/\/www.monapart.com\/magazine\/wp-content\/uploads\/2023\/10\/marta-besada_2.jpg 960w\" sizes=\"auto, (max-width: 802px) 100vw, 802px\" \/><\/figure>\n<\/div>\n<\/div>\n\n\n\n<p class=\"has-text-align-center pie-de-foto\">Marta Besada a casa-estudi a Madrid<\/p>\n<\/div><\/div>\n\n\n\n<div class=\"wp-block-group\"><div class=\"wp-block-group__inner-container is-layout-constrained wp-block-group-is-layout-constrained\">\n<h5 class=\"wp-block-heading has-medium-font-size\">Com \u00e9s el teu proc\u00e9s creatiu? Quines s\u00f3n les fonts d&#039;inspiraci\u00f3?<\/h5>\n\n\n\n<p>El meu proc\u00e9s creatiu \u00e9s el meu dia a dia, ajudant-me sobretot de la lectura i el cinema. Llegeixo de tot perqu\u00e8 mai no saps qu\u00e8 \u00e9s el que t&#039;est\u00e0s perdent, el que pot sorgir a qualsevol cantonada. <\/p>\n\n\n\n<p>M&#039;encanta el cinema franc\u00e8s i els documentals de la Segona Guerra Mundial. M&#039;agrada observar, prendre apunts, omplir quaderns de camp, apuntar frases, idees, converses, fins i tot coses que em diuen les meves nenes i t&#039;adones que donant-hi una volta \u00e9s una hist\u00f2ria molt interessant\u2026<\/p>\n\n\n\n<p>La m\u00fasica \u00e9s fonamental al meu estudi i la veritat que \u00e9s molt variada, des de Chavela Vargas fins a Homes G o m\u00fasica cl\u00e0ssica, per\u00f2 sempre hi ha m\u00fasica de fons.<\/p>\n<\/div><\/div>\n\n\n\n<div class=\"wp-block-group\"><div class=\"wp-block-group__inner-container is-layout-constrained wp-block-group-is-layout-constrained\">\n<h2 class=\"wp-block-heading has-medium-font-size\">Color, llibre, pel\u00b7li i disc favorits. Per aquest ordre! ;D<\/h2>\n\n\n\n<ul class=\"wp-block-list\">\n<li>El color, sens dubte, el <strong>verd oliva<\/strong>. El faig servir molt en fusteries i cuines. T\u00e9 una mica de c\u00e0lid i natural que combina molt b\u00e9 amb parets blanques de cal\u00e7 o amb l&#039;est\u00e8tica marm\u00f2ria dels murs de t\u00e0pia.<\/li>\n\n\n\n<li>De pel\u00b7l\u00edcula\u2026 costa triar-ne una, per\u00f2 diria \u201c<strong>Fitzcarraldo\u201d<\/strong> d&#039;Herzog amb Klaus Kinski. Encara que tot Kubrick, el primer Kurosawa o el Tarkovski de <em>Sacrifici<\/em> tamb\u00e9 em marquen. \u00daltimament veig moltes s\u00e8ries, i la darrera que m&#039;ha tocat \u00e9s <em>So long Marianne<\/em>, sobre la vida de Leonard Cohen a la illa grega d&#039;Hidra.<\/li>\n\n\n\n<li>I discos\u2026 els que escoltes des del principi fins al final sense saltar-te una can\u00e7\u00f3: <em>Ziggy Stardust<\/em> de David Bowie, <em>Grace<\/em> de Jeff Buckley, <em>After Hours<\/em> de Nina Simone, <em>Construc\u00e7\u00e3o<\/em> de Chico Buarque, <em>1972<\/em> de Cartola, <em>The New Abnormal<\/em> de The Strokes\u2026 I despr\u00e9s hi ha Mozart, \u00e9s clar. La seva <em>R\u00e8quiem<\/em> no t\u00e9 cap rival.<\/li>\n<\/ul>\n\n\n\n<h2 class=\"wp-block-heading has-medium-font-size\">Com \u00e9s casa teva? Et representa?<\/h2>\n\n\n\n<p>Ara visc a Rupi\u00e0, a la casa familiar. Hi ha piano, llibres, xemeneia i un petit estudi d&#039;enregistrament. Visc amb la meva mare i amb la Gea, la seva gossa, que \u00e9s part del paisatge. De vegades imagino tenir una vedella per fer-me el caf\u00e8 amb la llet. De moment, amb somiar prou.<\/p>\n\n\n<div class=\"wp-block-image\">\n<figure class=\"aligncenter size-full is-resized\"><img loading=\"lazy\" decoding=\"async\" width=\"600\" height=\"400\" src=\"https:\/\/magazine.monapart.iquadrat.com\/wp-content\/uploads\/2024\/02\/las-afueras-de-monells-1.jpg\" alt=\"Mart\u00ed Ardanaz: bioconstrucci\u00f3, fang i bona m\u00fasica | Monapart \" class=\"wp-image-16202\" style=\"width:435px;height:auto\" srcset=\"https:\/\/www.monapart.com\/magazine\/wp-content\/uploads\/2024\/02\/las-afueras-de-monells-1.jpg 600w, https:\/\/www.monapart.com\/magazine\/wp-content\/uploads\/2024\/02\/las-afueras-de-monells-1-300x200.jpg 300w\" sizes=\"auto, (max-width: 600px) 100vw, 600px\" \/><\/figure>\n<\/div><\/div><\/div>\n\n\n\n<div class=\"wp-block-group\"><div class=\"wp-block-group__inner-container is-layout-constrained wp-block-group-is-layout-constrained\"><div class=\"wp-block-image\">\n<figure class=\"alignleft size-large is-resized\"><img loading=\"lazy\" decoding=\"async\" width=\"802\" height=\"1024\" src=\"https:\/\/www.monapart.com\/magazine\/wp-content\/uploads\/2023\/10\/marta-besada_2-802x1024.jpg\" alt=\"Marta Besada, quadres que expliquen hist\u00f2ries | Monapart \" class=\"wp-image-1454\" style=\"aspect-ratio:0.75;object-fit:cover;width:354px;height:auto\" srcset=\"https:\/\/www.monapart.com\/magazine\/wp-content\/uploads\/2023\/10\/marta-besada_2-802x1024.jpg 802w, https:\/\/www.monapart.com\/magazine\/wp-content\/uploads\/2023\/10\/marta-besada_2-235x300.jpg 235w, https:\/\/www.monapart.com\/magazine\/wp-content\/uploads\/2023\/10\/marta-besada_2-768x981.jpg 768w, https:\/\/www.monapart.com\/magazine\/wp-content\/uploads\/2023\/10\/marta-besada_2.jpg 960w\" sizes=\"auto, (max-width: 802px) 100vw, 802px\" \/><\/figure>\n<\/div>\n\n\n<h5 class=\"wp-block-heading\">Si poguessis comprar-te qualsevol cosa ara mateix i emportar-te-la a casa, quina seria? Qualsevol cosa!<\/h5>\n\n\n\n<p>Una xemeneia francesa de marbre grisenc. S\u00f3c fan de les xemeneies i el que passa al seu voltant. <\/p>\n\n\n\n<h5 class=\"wp-block-heading\">Un pla a casa sempre inclou\u2026 <\/h5>\n\n\n\n<p>Caf\u00e8, un bon documental i la millor companyia. <\/p>\n\n\n\n<h5 class=\"wp-block-heading\">Tens algun plat estrella? <\/h5>\n\n\n\n<p>A casa meva sol triomfar la lasanya i les galtes de vedella amb les meves filles com a jurat.<\/p>\n\n\n\n<h5 class=\"wp-block-heading\">Quin \u00e9s el teu lloc preferit a la teva ciutat? I a l&#039;estranger?<\/h5>\n\n\n\n<p>A la meva ciutat sens dubte el carrer on visc; les seves terrasses plenes d&#039;enrenou, els arbres, l&#039;espai per passejar, c\u00f3rrer, anar amb bici\u2026 A l&#039;estranger reconec que \u00e9s una enamorada de Par\u00eds per\u00f2 Flor\u00e8ncia sens dubte tamb\u00e9 ha robat el meu cor.<\/p>\n<\/div><\/div>\n\n\n\n<div class=\"wp-block-group\"><div class=\"wp-block-group__inner-container is-layout-constrained wp-block-group-is-layout-constrained\">\n<div class=\"wp-block-group\"><div class=\"wp-block-group__inner-container is-layout-constrained wp-block-group-is-layout-constrained\">\n<h5 class=\"wp-block-heading\">Cosa que ens vulguis explicar i que no t&#039;haguem preguntat. Parla ara o calla per sempre!<\/h5>\n\n\n\n<p>Una cosa que sempre dic com una enamorada de la decoraci\u00f3 i artista de professi\u00f3 \u00e9s que les obres d&#039;art no tenen perqu\u00e8 combinar amb l&#039;espai, ja que amb qui realment combinen a la perfecci\u00f3 i funcionen \u00e9s amb tu i com poden parlar de tu al teu espai.<\/p>\n<\/div><\/div>\n<\/div><\/div>\n\n\n\n<div class=\"wp-block-group\"><div class=\"wp-block-group__inner-container is-layout-constrained wp-block-group-is-layout-constrained\">\n<h3 class=\"wp-block-heading\">Marta Besada ens mostra com l\u00b4art pot enriquir l\u00b4\u00e0nima d\u00b4una llar. Els seus quadres, m\u00e9s que decoratius, s\u00f3n narratives visuals que atorguen vida a cada espai. No deixis de seguir-la a Instagram&nbsp;<a href=\"https:\/\/www.instagram.com\/em.besada\/\" target=\"_blank\" rel=\"noopener\">@em.besada<\/a>&nbsp;i estar al dia dels seus propers projectes a trav\u00e9s de la seva p\u00e0gina web www.mbesada.com.<\/h3>\n\n\n\n<p><\/p>\n<\/div><\/div>","protected":false},"excerpt":{"rendered":"<p>Marta Besada \u00e9s una artista que a trav\u00e9s dels seus quadres transforma les llars en espais plens d&#039;hist\u00f2ries i de personalitat. La seva obra, marcada per la influ\u00e8ncia de l?escriptor Garc\u00eda M\u00e1rquez, \u00e9s un reflex de la seva capacitat per convertir l?art en el cor de qualsevol habitatge. <\/p>","protected":false},"author":4,"featured_media":16374,"comment_status":"closed","ping_status":"closed","sticky":false,"template":"","format":"standard","meta":{"_acf_changed":false,"footnotes":""},"categories":[2844,2845],"tags":[2868],"class_list":["post-1451","post","type-post","status-publish","format-standard","has-post-thumbnail","hentry","category-hogar","category-mi-monapart","tag-arte"],"acf":[],"_links":{"self":[{"href":"https:\/\/www.monapart.com\/magazine\/ca\/wp-json\/wp\/v2\/posts\/1451","targetHints":{"allow":["GET"]}}],"collection":[{"href":"https:\/\/www.monapart.com\/magazine\/ca\/wp-json\/wp\/v2\/posts"}],"about":[{"href":"https:\/\/www.monapart.com\/magazine\/ca\/wp-json\/wp\/v2\/types\/post"}],"author":[{"embeddable":true,"href":"https:\/\/www.monapart.com\/magazine\/ca\/wp-json\/wp\/v2\/users\/4"}],"replies":[{"embeddable":true,"href":"https:\/\/www.monapart.com\/magazine\/ca\/wp-json\/wp\/v2\/comments?post=1451"}],"version-history":[{"count":3,"href":"https:\/\/www.monapart.com\/magazine\/ca\/wp-json\/wp\/v2\/posts\/1451\/revisions"}],"predecessor-version":[{"id":19271,"href":"https:\/\/www.monapart.com\/magazine\/ca\/wp-json\/wp\/v2\/posts\/1451\/revisions\/19271"}],"wp:featuredmedia":[{"embeddable":true,"href":"https:\/\/www.monapart.com\/magazine\/ca\/wp-json\/wp\/v2\/media\/16374"}],"wp:attachment":[{"href":"https:\/\/www.monapart.com\/magazine\/ca\/wp-json\/wp\/v2\/media?parent=1451"}],"wp:term":[{"taxonomy":"category","embeddable":true,"href":"https:\/\/www.monapart.com\/magazine\/ca\/wp-json\/wp\/v2\/categories?post=1451"},{"taxonomy":"post_tag","embeddable":true,"href":"https:\/\/www.monapart.com\/magazine\/ca\/wp-json\/wp\/v2\/tags?post=1451"}],"curies":[{"name":"wp","href":"https:\/\/api.w.org\/{rel}","templated":true}]}}