{"id":1440,"date":"2023-09-28T17:05:44","date_gmt":"2023-09-28T15:05:44","guid":{"rendered":"https:\/\/www.monapart.com\/magazine\/?p=1440"},"modified":"2025-08-06T17:21:44","modified_gmt":"2025-08-06T15:21:44","slug":"monica-preto-en-com-ex","status":"publish","type":"post","link":"https:\/\/www.monapart.com\/magazine\/ca\/noticias\/monica-prieto-en-com-ex","title":{"rendered":"M\u00f3nica Prieto a COM-EX"},"content":{"rendered":"<h1 class=\"wp-block-heading\">M\u00f3nica Prieto a COM-EX<\/h1>\n\n\n\n<h2 class=\"wp-block-heading\">Una oportunitat \u00fanica per con\u00e8ixer les tend\u00e8ncies i les estrat\u00e8gies m\u00e9s innovadores en la gesti\u00f3 de comunitats.<\/h2>\n\n\n<div class='post-info'>28 de setembre de 2023 per <a href='https:\/\/www.monapart.com\/magazine\/ca\/autor\/monapart'>Monapart<\/a><\/div>\n\n\n\n<p>El passat mes de juny, M\u00f3nica Prieto, directora de <a href=\"https:\/\/www.monapart.com\/magazine\/ca\/agentes\/\">comunitat de Monapart<\/a>, va participar com a panelista a la <a href=\"https:\/\/www.groundinn.world\/events\/example-event\" target=\"_blank\" rel=\"noopener\">segona edici\u00f3 de la trobada COM-EX<\/a> organitzat per GroundInn a Barcelona amb altres experts en negocis del sector immobiliari que impulsen la creaci\u00f3 d&#039;una comunitat com a estrat\u00e8gia de creixement.\u00a0<\/p>\n\n\n\n<figure class=\"wp-block-image\"><img loading=\"lazy\" decoding=\"async\" width=\"480\" height=\"320\" src=\"https:\/\/www.monapart.com\/magazine\/wp-content\/uploads\/2023\/09\/groundinn-comex-monica-prieto-comunidad-monapart.png\" alt=\"monica preto en com-ex | Monapart\" class=\"wp-image-1441\" srcset=\"https:\/\/www.monapart.com\/magazine\/wp-content\/uploads\/2023\/09\/groundinn-comex-monica-prieto-comunidad-monapart.png 480w, https:\/\/www.monapart.com\/magazine\/wp-content\/uploads\/2023\/09\/groundinn-comex-monica-prieto-comunidad-monapart-300x200.png 300w\" sizes=\"auto, (max-width: 480px) 100vw, 480px\" \/><\/figure>\n\n\n\n<p>La trobada va tenir lloc al Club Caramel, una antiga f\u00e0brica de caramels del barri del Born reconvertida en un espai compartit per a artistes de totes les disciplines, l&#039;escenari perfecte per a un esdeveniment dedicat a reflexionar i descobrir noves maneres d&#039;enfortir i empoderar les comunitats.<\/p>\n\n\n\n<h5 class=\"wp-block-heading has-medium-font-size\">Local Collaboration in Real Estate<\/h5>\n\n\n\n<figure class=\"wp-block-image\"><img loading=\"lazy\" decoding=\"async\" width=\"800\" height=\"450\" src=\"https:\/\/www.monapart.com\/magazine\/wp-content\/uploads\/2023\/09\/monica_priero_en_com-ex.png\" alt=\"monica preto en com-ex | Monapart\" class=\"wp-image-1442\" srcset=\"https:\/\/www.monapart.com\/magazine\/wp-content\/uploads\/2023\/09\/monica_priero_en_com-ex.png 800w, https:\/\/www.monapart.com\/magazine\/wp-content\/uploads\/2023\/09\/monica_priero_en_com-ex-300x169.png 300w, https:\/\/www.monapart.com\/magazine\/wp-content\/uploads\/2023\/09\/monica_priero_en_com-ex-768x432.png 768w\" sizes=\"auto, (max-width: 800px) 100vw, 800px\" \/><\/figure>\n\n\n\n<figure class=\"wp-block-image\"><img loading=\"lazy\" decoding=\"async\" width=\"800\" height=\"450\" src=\"https:\/\/www.monapart.com\/magazine\/wp-content\/uploads\/2023\/09\/jose_luis_echeverria_en_com-ex.png\" alt=\"monica preto en com-ex | Monapart\" class=\"wp-image-1443\" srcset=\"https:\/\/www.monapart.com\/magazine\/wp-content\/uploads\/2023\/09\/jose_luis_echeverria_en_com-ex.png 800w, https:\/\/www.monapart.com\/magazine\/wp-content\/uploads\/2023\/09\/jose_luis_echeverria_en_com-ex-300x169.png 300w, https:\/\/www.monapart.com\/magazine\/wp-content\/uploads\/2023\/09\/jose_luis_echeverria_en_com-ex-768x432.png 768w\" sizes=\"auto, (max-width: 800px) 100vw, 800px\" \/><\/figure>\n\n\n\n<p>M\u00f3nica va compartir panell amb Samuel Toribio, director de mercats internacionals de Homelike i Enric Sol\u00e9, cofundador i CEO de Circles Houses, tots dos experts en coliving i allotjaments de curta mitjana estada. Junts, van debatre sobre la import\u00e0ncia i els desafiaments de crear comunitats en un sector tradicionalment conservador que ha d&#039;escoltar m\u00e9s activament els seus clients per adaptar-se a les necessitats reals.&nbsp;<\/p>\n\n\n\n<p>Samuel Toribio va comen\u00e7ar la xerrada aportant estad\u00edstiques i tend\u00e8ncies observades des del 2020 a Homelike, una plataforma que ofereix estades mensuals a m\u00e9s de 500 ciutats, per analitzar com han evolucionat les necessitats dels seus usuaris i com han sorgit noves demandes en termes de creaci\u00f3 de comunitats en aquest \u00e0mbit.<\/p>\n\n\n\n<figure class=\"wp-block-image\"><img loading=\"lazy\" decoding=\"async\" width=\"960\" height=\"768\" src=\"https:\/\/www.monapart.com\/magazine\/wp-content\/uploads\/2023\/09\/com-ex_barcelona_groundinn_x_monapart.png\" alt=\"monica preto en com-ex | Monapart\" class=\"wp-image-1444\" srcset=\"https:\/\/www.monapart.com\/magazine\/wp-content\/uploads\/2023\/09\/com-ex_barcelona_groundinn_x_monapart.png 960w, https:\/\/www.monapart.com\/magazine\/wp-content\/uploads\/2023\/09\/com-ex_barcelona_groundinn_x_monapart-300x240.png 300w, https:\/\/www.monapart.com\/magazine\/wp-content\/uploads\/2023\/09\/com-ex_barcelona_groundinn_x_monapart-768x614.png 768w\" sizes=\"auto, (max-width: 960px) 100vw, 960px\" \/><\/figure>\n\n\n\n<p>A continuaci\u00f3, M\u00f3nica va compartir la seva experi\u00e8ncia a Airbnb gestionant durant gaireb\u00e9 set anys la comunitat de llars compartides a Espanya i Portugal, aplicant aquests aprenentatges a projectes amb \u00e0nima com la comunitat de #buenagent de Monapart que creix forta i sana amb els agents com a protagonistes d&#039;una manera diferent de fer i ser immobili\u00e0ria.&nbsp;<\/p>\n\n\n\n<blockquote class=\"wp-block-quote alignright is-layout-flow wp-block-quote-is-layout-flow\">\n<p><em>Una comunitat no se&#039;n t\u00e9, es lidera. Les comunitats han d&#039;esdevenir all\u00f2 que les comunitats vulguin ser\u2026 Nom\u00e9s aix\u00ed la comunitat es converteix en un aliat de l&#039;empresa.&nbsp;<\/em><\/p>\n<\/blockquote>\n\n\n\n<p>Per la seva banda, Enric Sol\u00e9 va explicar la seva proposta de coliving i coworking per a emprenedors internacionals a Barcelona. Circles destaca per estar generant sinergies intergeneracionals en un espai on no nom\u00e9s conviuen n\u00f2mades digitals joves. La generaci\u00f3 m\u00e9s boomer tamb\u00e9 cerca activament l&#039;oportunitat de formar part d&#039;una comunitat plena de dinamisme.&nbsp;<\/p>\n\n\n\n<p>A la trobada tamb\u00e9 es van poder escoltar les opinions d&#039;experts com Cot\u00e9 Soler, actor i CEO de BeLiquid, que va compartir idees innovadores sobre com dissenyar comunitats m\u00e9s inclusives i sostenibles; o del nostre CEO Jos\u00e9 Luis Echeverr\u00eda que va destacar la import\u00e0ncia de construir una comunitat interna forta i sana en el context empresarial actual.&nbsp;<\/p>\n\n\n\n<blockquote class=\"wp-block-quote alignright is-layout-flow wp-block-quote-is-layout-flow\">\n<p><em>Anem construint una via de tren mentre el tren avan\u00e7a\u2026 Com es gestionen tantes voluntats? Calen professionals que gestionin totes aquestes energies.<\/em><\/p>\n<\/blockquote>\n\n\n\n<h5 class=\"wp-block-heading has-medium-font-size\">Els desafiaments del sector immobiliari<\/h5>\n\n\n\n<p>Els agents immobiliaris s\u00f3n professionals aut\u00f2noms als quals la societat no concedeix reconeixement ni prestigi sense importar-ne el grau de compet\u00e8ncia. Solen treballar sols, amb ingressos irregulars i incerts, sovint sense m\u00e9s marca que la pr\u00f2pia i sense el suport adequat per oferir el millor servei als seus clients. Aquest punt \u00e9s especialment preocupant ja que, tal com va destacar la nostra directora de comunitat durant la trobada COM-EX, segons l&#039;estudi m\u00e9s longeu de la Universitat de Harvard en adults, la soledat i l&#039;a\u00efllament afecta tant com el tabaquisme o l&#039;alcoholisme.&nbsp;<\/p>\n\n\n\n<p>Fins i tot en els moments m\u00e9s complicats, com a la meitat d&#039;una pand\u00e8mia mundial, els humans tendim de manera natural a buscar el contacte i la pertinen\u00e7a. Som animals gregaris tant en l&#039;\u00e0mbit personal com professional. Per aix\u00f2 \u00e9s tan important potenciar el networking, les celebracions i les trobades en persona. Si la societat mereix els millors agents possibles, agents en la seva millor versi\u00f3, tamb\u00e9 mereixen el millor suport que els pugui ser brindat i la millor retribuci\u00f3 econ\u00f2mica.<\/p>\n\n\n\n<blockquote class=\"wp-block-quote alignright is-layout-flow wp-block-quote-is-layout-flow\">\n<p><em>No nom\u00e9s comparteixes all\u00f2 que tens sin\u00f3 que comparteixes all\u00f2 que ets.<\/em><\/p>\n<\/blockquote>\n\n\n\n<figure class=\"wp-block-image\"><img loading=\"lazy\" decoding=\"async\" width=\"800\" height=\"450\" src=\"https:\/\/www.monapart.com\/magazine\/wp-content\/uploads\/2023\/09\/jose_luis_echeverria_en_com-ex_2.jpeg\" alt=\"monica preto en com-ex | Monapart\" class=\"wp-image-1445\" srcset=\"https:\/\/www.monapart.com\/magazine\/wp-content\/uploads\/2023\/09\/jose_luis_echeverria_en_com-ex_2.jpeg 800w, https:\/\/www.monapart.com\/magazine\/wp-content\/uploads\/2023\/09\/jose_luis_echeverria_en_com-ex_2-300x169.jpeg 300w, https:\/\/www.monapart.com\/magazine\/wp-content\/uploads\/2023\/09\/jose_luis_echeverria_en_com-ex_2-768x432.jpeg 768w\" sizes=\"auto, (max-width: 800px) 100vw, 800px\" \/><\/figure>\n\n\n\n<figure class=\"wp-block-image\"><img loading=\"lazy\" decoding=\"async\" width=\"800\" height=\"450\" src=\"https:\/\/www.monapart.com\/magazine\/wp-content\/uploads\/2023\/09\/eduard_sole_en_com-ex_2.jpeg\" alt=\"monica preto en com-ex | Monapart\" class=\"wp-image-1446\" srcset=\"https:\/\/www.monapart.com\/magazine\/wp-content\/uploads\/2023\/09\/eduard_sole_en_com-ex_2.jpeg 800w, https:\/\/www.monapart.com\/magazine\/wp-content\/uploads\/2023\/09\/eduard_sole_en_com-ex_2-300x169.jpeg 300w, https:\/\/www.monapart.com\/magazine\/wp-content\/uploads\/2023\/09\/eduard_sole_en_com-ex_2-768x432.jpeg 768w\" sizes=\"auto, (max-width: 800px) 100vw, 800px\" \/><\/figure>\n\n\n\n<p>Podeu seguir la xerrada completa en v\u00eddeo a trav\u00e9s d&#039;aquest <a href=\"https:\/\/youtu.be\/kuu6Hn2Ifqg\" target=\"_blank\" rel=\"noreferrer noopener\">enlla\u00e7<\/a>.&nbsp;<\/p>\n\n\n\n<p>Monapart d\u00f3na servei a una <a href=\"https:\/\/www.monapart.com\/magazine\/ca\/agentes\/comunidad\/\">comunitat d&#039;agents immobiliaris<\/a> independents i experimentats als quals aporta m\u00e0rqueting, m\u00e8tode, tecnologia, formaci\u00f3 i suport integral oferint-los retenir entre el 70% i el 100% de la facturaci\u00f3 i impulsar la seva pr\u00f2pia marca. A Monapart, la comunitat s\u00ed que \u00e9s un element de negoci estrat\u00e8gic perqu\u00e8 entenem la import\u00e0ncia d&#039;un dels motivadors comercials m\u00e9s grans per a la retenci\u00f3 i la captaci\u00f3: pert\u00e0nyer.\u00a0<br><br><br><\/p>\n\n\n\n<p><\/p>","protected":false},"excerpt":{"rendered":"<p>M\u00f3nica Prieto en COM-EX Una oportunidad \u00fanica para conocer las tendencias y estrategias m\u00e1s innovadoras en la gesti\u00f3n de comunidades. El pasado mes de junio, M\u00f3nica Prieto, directora de comunidad de Monapart, particip\u00f3 como panelista en la segunda edici\u00f3n del encuentro COM-EX organizado por GroundInn en Barcelona junto a otros expertos en negocios del sector [&hellip;]<\/p>\n","protected":false},"author":3,"featured_media":1447,"comment_status":"closed","ping_status":"closed","sticky":false,"template":"","format":"standard","meta":{"_acf_changed":false,"footnotes":""},"categories":[2852,2854],"tags":[2967,2872],"class_list":["post-1440","post","type-post","status-publish","format-standard","has-post-thumbnail","hentry","category-noticias","category-actualidad","tag-eventos","tag-barcelona"],"acf":[],"_links":{"self":[{"href":"https:\/\/www.monapart.com\/magazine\/ca\/wp-json\/wp\/v2\/posts\/1440","targetHints":{"allow":["GET"]}}],"collection":[{"href":"https:\/\/www.monapart.com\/magazine\/ca\/wp-json\/wp\/v2\/posts"}],"about":[{"href":"https:\/\/www.monapart.com\/magazine\/ca\/wp-json\/wp\/v2\/types\/post"}],"author":[{"embeddable":true,"href":"https:\/\/www.monapart.com\/magazine\/ca\/wp-json\/wp\/v2\/users\/3"}],"replies":[{"embeddable":true,"href":"https:\/\/www.monapart.com\/magazine\/ca\/wp-json\/wp\/v2\/comments?post=1440"}],"version-history":[{"count":2,"href":"https:\/\/www.monapart.com\/magazine\/ca\/wp-json\/wp\/v2\/posts\/1440\/revisions"}],"predecessor-version":[{"id":18943,"href":"https:\/\/www.monapart.com\/magazine\/ca\/wp-json\/wp\/v2\/posts\/1440\/revisions\/18943"}],"wp:featuredmedia":[{"embeddable":true,"href":"https:\/\/www.monapart.com\/magazine\/ca\/wp-json\/wp\/v2\/media\/1447"}],"wp:attachment":[{"href":"https:\/\/www.monapart.com\/magazine\/ca\/wp-json\/wp\/v2\/media?parent=1440"}],"wp:term":[{"taxonomy":"category","embeddable":true,"href":"https:\/\/www.monapart.com\/magazine\/ca\/wp-json\/wp\/v2\/categories?post=1440"},{"taxonomy":"post_tag","embeddable":true,"href":"https:\/\/www.monapart.com\/magazine\/ca\/wp-json\/wp\/v2\/tags?post=1440"}],"curies":[{"name":"wp","href":"https:\/\/api.w.org\/{rel}","templated":true}]}}