{"id":1422,"date":"2023-09-01T19:15:04","date_gmt":"2023-09-01T17:15:04","guid":{"rendered":"https:\/\/www.monapart.com\/magazine\/?p=1422"},"modified":"2025-04-02T10:06:54","modified_gmt":"2025-04-02T08:06:54","slug":"sampere-ceramica-artesanal-amb-caracter-mediterrani","status":"publish","type":"post","link":"https:\/\/www.monapart.com\/magazine\/ca\/hogar\/sampere-ceramica-artesanal-con-caracter-mediterraneo","title":{"rendered":"Sampere. Cer\u00e0mica artesanal amb car\u00e0cter mediterrani"},"content":{"rendered":"<h1 class=\"wp-block-heading\">Sampere. Cer\u00e0mica artesanal amb car\u00e0cter mediterrani<\/h1>\n\n\n\n<h2 class=\"wp-block-heading\">Sampere \u00e9s una marca de vaixelles per acompanyar l&#039;experi\u00e8ncia que transmeten xefs i restaurants als plats.\u00a0<\/h2>\n\n\n<div class='post-info'>1 de setembre de 2023 per <a href='https:\/\/www.monapart.com\/magazine\/ca\/autor\/olgasala'>Olga Sala<\/a><\/div>\n\n\n\n<figure class=\"wp-block-image\"><img loading=\"lazy\" decoding=\"async\" width=\"960\" height=\"1200\" src=\"https:\/\/www.monapart.com\/magazine\/wp-content\/uploads\/2023\/09\/sampere_photo_by_alejandro_moneo_17.jpg\" alt=\"Sampere. Cer\u00e0mica artesanal amb car\u00e0cter mediterrani | Monapart \" class=\"wp-image-1423\" srcset=\"https:\/\/www.monapart.com\/magazine\/wp-content\/uploads\/2023\/09\/sampere_photo_by_alejandro_moneo_17.jpg 960w, https:\/\/www.monapart.com\/magazine\/wp-content\/uploads\/2023\/09\/sampere_photo_by_alejandro_moneo_17-240x300.jpg 240w, https:\/\/www.monapart.com\/magazine\/wp-content\/uploads\/2023\/09\/sampere_photo_by_alejandro_moneo_17-819x1024.jpg 819w, https:\/\/www.monapart.com\/magazine\/wp-content\/uploads\/2023\/09\/sampere_photo_by_alejandro_moneo_17-768x960.jpg 768w\" sizes=\"auto, (max-width: 960px) 100vw, 960px\" \/><\/figure>\n\n\n\n<h3 class=\"wp-block-heading\">Totes les seves peces estan dissenyades i fabricades a La Bisbal d\u00b4Empord\u00e0 amb gres d\u00b4alta qualitat i seguint un proc\u00e9s 100% artesanal. Cada pe\u00e7a \u00e9s \u00fanica, com a \u00faniques s\u00f3n les experi\u00e8ncies dels m\u00e9s de 50 restaurants amb estrella Michelin que usen les seves vaixelles\u2026<\/h3>\n\n\n\n<p>\u00a9 Alejandro Moneo<\/p>\n\n\n\n<h5 class=\"wp-block-heading has-medium-font-size\"><strong>Parla&#039;ns de tu i de la teva feina. On va n\u00e9ixer la teva vocaci\u00f3? Algun primer record?<\/strong><\/h5>\n\n\n\n<p>Em dic Diego Sampere, s\u00f3c ceramista i amant del bon menjar. Aquestes dues passions va fer que obr\u00eds un taller de cer\u00e0mica artesanal a la Bisbal d&#039;Empord\u00e0, un poble amb molta hist\u00f2ria cer\u00e0mica i ens vam dedicar a fabricar vaixelles per a restaurants.<\/p>\n\n\n\n<h5 class=\"wp-block-heading has-medium-font-size\"><strong>Qu\u00e8 \u00e9s el que m\u00e9s et satisf\u00e0 de la teva feina? Alg\u00fa del que et sentis especialment orgull\u00f3s?<\/strong><\/h5>\n\n\n\n<p>El nostre proc\u00e9s \u00e9s 100% artesanal i la nostra visi\u00f3 com a empresa, encara que petita, \u00e9s donar a con\u00e8ixer aquests oficis que han anat desapareixent en les darreres d\u00e8cades. Ens sentim orgullosos de posar aquest granet de sorra a l&#039;ofici de ceramista aix\u00ed com poder estar a les taules dels millors restaurants del m\u00f3n. Actualment, i ens en sentim molt orgullosos, estem a +50 restaurants amb estrella Michelin.<\/p>\n\n\n\n<figure class=\"wp-block-image\"><img loading=\"lazy\" decoding=\"async\" width=\"960\" height=\"1200\" src=\"https:\/\/www.monapart.com\/magazine\/wp-content\/uploads\/2023\/09\/sampere_product_photo_by_alejandro_moneo_8.jpg\" alt=\"Sampere. Cer\u00e0mica artesanal amb car\u00e0cter mediterrani | Monapart \" class=\"wp-image-1424\" srcset=\"https:\/\/www.monapart.com\/magazine\/wp-content\/uploads\/2023\/09\/sampere_product_photo_by_alejandro_moneo_8.jpg 960w, https:\/\/www.monapart.com\/magazine\/wp-content\/uploads\/2023\/09\/sampere_product_photo_by_alejandro_moneo_8-240x300.jpg 240w, https:\/\/www.monapart.com\/magazine\/wp-content\/uploads\/2023\/09\/sampere_product_photo_by_alejandro_moneo_8-819x1024.jpg 819w, https:\/\/www.monapart.com\/magazine\/wp-content\/uploads\/2023\/09\/sampere_product_photo_by_alejandro_moneo_8-768x960.jpg 768w\" sizes=\"auto, (max-width: 960px) 100vw, 960px\" \/><\/figure>\n\n\n\n<figure class=\"wp-block-image\"><img loading=\"lazy\" decoding=\"async\" width=\"960\" height=\"1200\" src=\"https:\/\/www.monapart.com\/magazine\/wp-content\/uploads\/2023\/09\/sampere_product_photo_by_alejandro_moneo_6.jpg\" alt=\"Sampere. Cer\u00e0mica artesanal amb car\u00e0cter mediterrani | Monapart \" class=\"wp-image-1425\" srcset=\"https:\/\/www.monapart.com\/magazine\/wp-content\/uploads\/2023\/09\/sampere_product_photo_by_alejandro_moneo_6.jpg 960w, https:\/\/www.monapart.com\/magazine\/wp-content\/uploads\/2023\/09\/sampere_product_photo_by_alejandro_moneo_6-240x300.jpg 240w, https:\/\/www.monapart.com\/magazine\/wp-content\/uploads\/2023\/09\/sampere_product_photo_by_alejandro_moneo_6-819x1024.jpg 819w, https:\/\/www.monapart.com\/magazine\/wp-content\/uploads\/2023\/09\/sampere_product_photo_by_alejandro_moneo_6-768x960.jpg 768w\" sizes=\"auto, (max-width: 960px) 100vw, 960px\" \/><\/figure>\n\n\n\n<p>\u00a9 Alejandro Moneo<\/p>\n\n\n\n<h5 class=\"wp-block-heading has-medium-font-size\"><strong>Com \u00e9s el teu proc\u00e9s creatiu? Quines s\u00f3n les fonts d&#039;inspiraci\u00f3?&nbsp;<\/strong><\/h5>\n\n\n\n<p>Nosaltres ens inspirem a la Mediterr\u00e0nia i als seus paisatges. Des de petit he estiuejat sempre per la zona de l&#039;Empord\u00e0 i \u00e9s per aix\u00f2 que vam decidir obrir el taller a la Bisbal d&#039;Empord\u00e0. Les col\u00b7leccions de les nostres vaixelles estan inspirades en colors molt mediterranis.<\/p>\n\n\n\n<h5 class=\"wp-block-heading has-medium-font-size\"><strong>Color, llibre, pel\u00b7li i disc favorits. Per aquest ordre! ;D<\/strong><\/h5>\n\n\n\n<p>Color: Verd<\/p>\n\n\n\n<p>Llibre: Qualsevol novel\u00b7la de misteri<\/p>\n\n\n\n<p>Peli: M&#039;encanta la saga del Senyor dels Anells \ud83d\ude09<\/p>\n\n\n\n<p>M\u00fasica: The National, Guitarricadelafuente<\/p>\n\n\n\n<h5 class=\"wp-block-heading has-medium-font-size\"><strong>\u00c9s casa teva re\ufb02ex de qui ets? Explica&#039;ns a qu\u00e8 fa olor, el teu rac\u00f3 favorit, el teu objecte decoratiu o moble fetitxe, si atresores alguna col\u00b7lecci\u00f3\u2026&nbsp;<\/strong><\/h5>\n\n\n\n<p>El nostre taller \u00e9s el reflex del que som i del que volem ser. Com comentava, la nostra missi\u00f3 \u00e9s donar a con\u00e8ixer l&#039;ofici de ceramista i \u00e9s per aix\u00f2 que el nostre taller est\u00e0 totalment obert al p\u00fablic on es pot veure tot el proc\u00e9s de fabricaci\u00f3 d&#039;una vaixella. La gent ho agraeix molt.<\/p>\n\n\n\n<p>No tinc un rac\u00f3 concret favorit ja que tenir un taller com el que hem aconseguit muntar \u00e9s un somni complert. Tots els racons tenen el seu encant \ud83d\ude09<\/p>\n\n\n\n<figure class=\"wp-block-image\"><img loading=\"lazy\" decoding=\"async\" width=\"960\" height=\"1440\" src=\"https:\/\/www.monapart.com\/magazine\/wp-content\/uploads\/2023\/09\/sampere_photo_by_meritxell_arjalaguer_13.jpg\" alt=\"Sampere. Cer\u00e0mica artesanal amb car\u00e0cter mediterrani | Monapart \" class=\"wp-image-1426\" srcset=\"https:\/\/www.monapart.com\/magazine\/wp-content\/uploads\/2023\/09\/sampere_photo_by_meritxell_arjalaguer_13.jpg 960w, https:\/\/www.monapart.com\/magazine\/wp-content\/uploads\/2023\/09\/sampere_photo_by_meritxell_arjalaguer_13-200x300.jpg 200w, https:\/\/www.monapart.com\/magazine\/wp-content\/uploads\/2023\/09\/sampere_photo_by_meritxell_arjalaguer_13-683x1024.jpg 683w, https:\/\/www.monapart.com\/magazine\/wp-content\/uploads\/2023\/09\/sampere_photo_by_meritxell_arjalaguer_13-768x1152.jpg 768w\" sizes=\"auto, (max-width: 960px) 100vw, 960px\" \/><\/figure>\n\n\n\n<figure class=\"wp-block-image\"><img loading=\"lazy\" decoding=\"async\" width=\"960\" height=\"1440\" src=\"https:\/\/www.monapart.com\/magazine\/wp-content\/uploads\/2023\/09\/sampere_photo_by_meritxell_arjalaguer_4.jpg\" alt=\"Sampere. Cer\u00e0mica artesanal amb car\u00e0cter mediterrani | Monapart \" class=\"wp-image-1427\" srcset=\"https:\/\/www.monapart.com\/magazine\/wp-content\/uploads\/2023\/09\/sampere_photo_by_meritxell_arjalaguer_4.jpg 960w, https:\/\/www.monapart.com\/magazine\/wp-content\/uploads\/2023\/09\/sampere_photo_by_meritxell_arjalaguer_4-200x300.jpg 200w, https:\/\/www.monapart.com\/magazine\/wp-content\/uploads\/2023\/09\/sampere_photo_by_meritxell_arjalaguer_4-683x1024.jpg 683w, https:\/\/www.monapart.com\/magazine\/wp-content\/uploads\/2023\/09\/sampere_photo_by_meritxell_arjalaguer_4-768x1152.jpg 768w\" sizes=\"auto, (max-width: 960px) 100vw, 960px\" \/><\/figure>\n\n\n\n<p>\u00a9 Meritxell Arjalaguer<\/p>\n\n\n\n<h5 class=\"wp-block-heading has-medium-font-size\"><strong>Si poguessis comprar-te qualsevol cosa ara mateix i emportar-te-la a casa, quina seria? Qualsevol cosa!<\/strong><\/h5>\n\n\n\n<p>S\u00f3c un boig de les ferreteries. Cada cop que entro en una podria comprar-me 100 m\u00e0quines i eines \ud83d\ude09<\/p>\n\n\n\n<h5 class=\"wp-block-heading has-medium-font-size\"><strong>Un pla a casa sempre inclou\u2026<\/strong><\/h5>\n\n\n\n<p>Preparar un arr\u00f2s amb amics a Cala Estreta, una petita platja on solem anar-hi.<\/p>\n\n\n\n<h5 class=\"wp-block-heading\"><strong>Tens algun plat estrella?<\/strong><\/h5>\n\n\n\n<p>Els arrossos. La veritat que em surten for\u00e7a b\u00e9 \ud83d\ude09<\/p>\n\n\n\n<h5 class=\"wp-block-heading has-medium-font-size\"><strong>Quin \u00e9s el teu lloc preferit a la teva ciutat? I a l&#039;estranger?<\/strong><\/h5>\n\n\n\n<p>A la meva ciutat, la Bisbal, el meu lloc favorit \u00e9s el meu taller. A la zona, la platja de Cala Estreta.<\/p>\n\n\n\n<p>A l&#039;estranger, em va encantar el viatge que vaig fer al Jap\u00f3. Una meravella.<\/p>\n\n\n\n<figure class=\"wp-block-image\"><img loading=\"lazy\" decoding=\"async\" width=\"960\" height=\"640\" src=\"https:\/\/www.monapart.com\/magazine\/wp-content\/uploads\/2023\/09\/sampere_photo_by_meritxell_arjalaguer_3.jpg\" alt=\"Sampere. Cer\u00e0mica artesanal amb car\u00e0cter mediterrani | Monapart \" class=\"wp-image-1428\" srcset=\"https:\/\/www.monapart.com\/magazine\/wp-content\/uploads\/2023\/09\/sampere_photo_by_meritxell_arjalaguer_3.jpg 960w, https:\/\/www.monapart.com\/magazine\/wp-content\/uploads\/2023\/09\/sampere_photo_by_meritxell_arjalaguer_3-300x200.jpg 300w, https:\/\/www.monapart.com\/magazine\/wp-content\/uploads\/2023\/09\/sampere_photo_by_meritxell_arjalaguer_3-768x512.jpg 768w\" sizes=\"auto, (max-width: 960px) 100vw, 960px\" \/><\/figure>\n\n\n\n<p>\u00a9 Meritxell Arjalaguer<\/p>\n\n\n\n<p>Visita la seva web a <a href=\"https:\/\/samperebarcelona.com\/\" target=\"_blank\" rel=\"noopener\">www.samperebarcelona.com<\/a> i segueix-los a Instagram <a href=\"https:\/\/www.instagram.com\/sampere_barcelona\/\" target=\"_blank\" rel=\"noopener\">@sampere_barcelona<\/a>.&nbsp;<\/p>\n\n\n\n<h3 class=\"wp-block-heading\">Cada pe\u00e7a de Sampere comporta l&#039;ess\u00e8ncia de la Mediterr\u00e0nia i el valor de l&#039;artesania. En un m\u00f3n on tot va tan r\u00e0pid, la seva cer\u00e0mica ens recorda la bellesa del que \u00e9s fet a m\u00e0, del que \u00e9s aut\u00e8ntic, del que perdura.<br><br><br><br><\/h3>","protected":false},"excerpt":{"rendered":"<p>Sampere \u00e9s una marca de vaixelles per acompanyar l&#039;experi\u00e8ncia que transmeten xefs i restaurants als plats.\u00a0<\/p>","protected":false},"author":4,"featured_media":1429,"comment_status":"closed","ping_status":"closed","sticky":false,"template":"","format":"standard","meta":{"_acf_changed":false,"footnotes":""},"categories":[2844,2845],"tags":[2868,2869],"class_list":["post-1422","post","type-post","status-publish","format-standard","has-post-thumbnail","hentry","category-hogar","category-mi-monapart","tag-arte","tag-ceramica"],"acf":[],"_links":{"self":[{"href":"https:\/\/www.monapart.com\/magazine\/ca\/wp-json\/wp\/v2\/posts\/1422","targetHints":{"allow":["GET"]}}],"collection":[{"href":"https:\/\/www.monapart.com\/magazine\/ca\/wp-json\/wp\/v2\/posts"}],"about":[{"href":"https:\/\/www.monapart.com\/magazine\/ca\/wp-json\/wp\/v2\/types\/post"}],"author":[{"embeddable":true,"href":"https:\/\/www.monapart.com\/magazine\/ca\/wp-json\/wp\/v2\/users\/4"}],"replies":[{"embeddable":true,"href":"https:\/\/www.monapart.com\/magazine\/ca\/wp-json\/wp\/v2\/comments?post=1422"}],"version-history":[{"count":1,"href":"https:\/\/www.monapart.com\/magazine\/ca\/wp-json\/wp\/v2\/posts\/1422\/revisions"}],"predecessor-version":[{"id":15772,"href":"https:\/\/www.monapart.com\/magazine\/ca\/wp-json\/wp\/v2\/posts\/1422\/revisions\/15772"}],"wp:featuredmedia":[{"embeddable":true,"href":"https:\/\/www.monapart.com\/magazine\/ca\/wp-json\/wp\/v2\/media\/1429"}],"wp:attachment":[{"href":"https:\/\/www.monapart.com\/magazine\/ca\/wp-json\/wp\/v2\/media?parent=1422"}],"wp:term":[{"taxonomy":"category","embeddable":true,"href":"https:\/\/www.monapart.com\/magazine\/ca\/wp-json\/wp\/v2\/categories?post=1422"},{"taxonomy":"post_tag","embeddable":true,"href":"https:\/\/www.monapart.com\/magazine\/ca\/wp-json\/wp\/v2\/tags?post=1422"}],"curies":[{"name":"wp","href":"https:\/\/api.w.org\/{rel}","templated":true}]}}