{"id":1400,"date":"2023-06-26T18:05:11","date_gmt":"2023-06-26T16:05:11","guid":{"rendered":"https:\/\/www.monapart.com\/magazine\/?p=1400"},"modified":"2025-09-22T13:48:36","modified_gmt":"2025-09-22T11:48:36","slug":"escenografia-interiorisme-chromastudio","status":"publish","type":"post","link":"https:\/\/www.monapart.com\/magazine\/ca\/hogar\/escenografia-interiorismo-chromastudio","title":{"rendered":"Escenografia + Interiorisme = CHROMASTUDIO"},"content":{"rendered":"<h1 class=\"wp-block-heading\">Escenografia + Interiorisme = CHROMASTUDIO<\/h1>\n\n\n\n<h2 class=\"wp-block-heading\">Elga, Giuseppe i Sofia s\u00f3n un equip multidisciplinari que dissenya mitjan\u00e7ant l&#039;\u00fas del color. <\/h2>\n\n\n<div class='post-info'>26 de juny de 2023 per <a href='https:\/\/www.monapart.com\/magazine\/ca\/autor\/monapart'>Monapart<\/a><\/div>\n\n\n\n<figure class=\"wp-block-image\"><img loading=\"lazy\" decoding=\"async\" width=\"600\" height=\"400\" src=\"https:\/\/www.monapart.com\/magazine\/wp-content\/uploads\/2023\/06\/chromastudio.png\" alt=\"Escenografia + Interiorisme = CHROMASTUDIO | Monapart\" class=\"wp-image-1401\" title=\"chromastudio-monapart\" srcset=\"https:\/\/www.monapart.com\/magazine\/wp-content\/uploads\/2023\/06\/chromastudio.png 600w, https:\/\/www.monapart.com\/magazine\/wp-content\/uploads\/2023\/06\/chromastudio-300x200.png 300w\" sizes=\"auto, (max-width: 600px) 100vw, 600px\" \/><\/figure>\n\n\n\n<h3 class=\"wp-block-heading\">La idea va n\u00e9ixer el 2019 de la m\u00e0 d&#039;Elga i Giuseppe, escen\u00f2grafs i interioristes, tots dos apassionats pel disseny i la planificaci\u00f3. L\u00fas del color va ser una conseq\u00fc\u00e8ncia natural. Amb el temps l&#039;equip s&#039;ha ampliat, les col\u00b7laboracions amb altres professionals han fet factible una idea te\u00f2rica, i avui es poden considerar la veritable for\u00e7a d&#039;aquest equip. El 2022, la dissenyadora Sofia es va unir a ells. <\/h3>\n\n\n\n<h5 class=\"wp-block-heading has-medium-font-size\">Parleu-nos de vosaltres i de la vostra feina. On va n\u00e9ixer la vostra vocaci\u00f3? Algun primer record?<\/h5>\n\n\n\n<ul class=\"wp-block-list\">\n<li>Elga: els meus primers records neixen a l&#039;aula, era una alumna que prestava poca atenci\u00f3 a les explicacions, constru\u00efa un m\u00f3n de creativitat on refugiar-me durant les classes. Vaig passar tot el meu temps dibuixant, vaig fer servir el color en totes les seves variants. D&#039;adulta, vaig trobar per casualitat alguns d&#039;aquests dibuixos i vaig descobrir que en realitat tots aquests esbossos no eren m\u00e9s que decorats. De vegades, dibuixava un escenari real on es desenvolupaven les escenes, altres vegades imaginava llocs imaginaris on es desenvolupaven les hist\u00f2ries. Quan em vaig fer gran, vaig oblidar aquesta passi\u00f3 durant diversos anys, fins que en el moment que vaig comen\u00e7ar a anar a Mil\u00e0, aquesta ciutat em va reobrir les portes del meu m\u00f3n de fantasia. Avui miro el m\u00f3n amb la mateixa curiositat.<\/li>\n<\/ul>\n\n\n\n<ul class=\"wp-block-list\">\n<li>Sofia: El meu primer record es remunta quan era petita. La meva fam\u00edlia m&#039;explica que quan nom\u00e9s tenia 8 anys col\u00b7leccionava cat\u00e0legs de mobles, passava hores fullejant-los, despr\u00e9s per diversi\u00f3 vaig comen\u00e7ar a treure el cap a les cases per les finestres, m&#039;encantava imaginar la vida de les persones, crear hist\u00f2ries que sorgien dels seus mobles. Quan em vaig fer gran, vaig comen\u00e7ar a jugar al joc Los Sims, crec que va ser el meu primer acostament amb la m\u00e9s pura creativitat d&#039;aquest ofici. El joc em permetia fer projectes reals, dissenyats \u00edntegrament per mi, aix\u00f2 que sempre havia volgut.<\/li>\n<\/ul>\n\n\n\n<ul class=\"wp-block-list\">\n<li>Giuseppe: Vinc del m\u00f3n dels gr\u00e0fics 3D, aqu\u00ed va n\u00e9ixer la meva idea de l?espai tridimensional. Posteriorment, vaig comen\u00e7ar a sentir la necessitat de crear el meu propi estil, primer nom\u00e9s al m\u00f3n virtual i despr\u00e9s tamb\u00e9 al real. El que porto amb mi dels gr\u00e0fics 3D \u00e9s precisament la idea de dissenyar sense l\u00edmits, al m\u00f3n virtual hom pot jugar amb la imaginaci\u00f3, ho veiem ara amb el naixement del Metavers, un nou m\u00f3n on tot segueix sent possible. Cada cop que comen\u00e7o un nou projecte m&#039;agrada partir de la mateixa premissa: crear una cosa que no tingui l\u00edmits, un cop neix la idea l&#039;adapte a la realitat buscant solucions concretes.<\/li>\n<\/ul>\n\n\n\n<figure class=\"wp-block-image\"><img loading=\"lazy\" decoding=\"async\" width=\"600\" height=\"400\" src=\"https:\/\/www.monapart.com\/magazine\/wp-content\/uploads\/2023\/06\/chromastudio2.png\" alt=\"Escenografia + Interiorisme = CHROMASTUDIO | Monapart\" class=\"wp-image-1402\" title=\"chromastudio-monapart-2\" srcset=\"https:\/\/www.monapart.com\/magazine\/wp-content\/uploads\/2023\/06\/chromastudio2.png 600w, https:\/\/www.monapart.com\/magazine\/wp-content\/uploads\/2023\/06\/chromastudio2-300x200.png 300w\" sizes=\"auto, (max-width: 600px) 100vw, 600px\" \/><\/figure>\n\n\n\n<p><strong>Qu\u00e8 \u00e9s el que m\u00e9s us satisf\u00e0 de la vostra feina? Alg\u00fa del que us sentiu especialment orgullosos?&nbsp;<\/strong><\/p>\n\n\n\n<p>El que ens enorgulleix molt \u00e9s la satisfacci\u00f3 del client, quan sentim que hem ajudat alg\u00fa a fer el seu somni, la idea de casa pr\u00f2pia. La llar \u00e9s un lloc segur, amb la nostra feina toquem una esfera molt delicada, no nom\u00e9s t\u00e9 un valor est\u00e8tic, sin\u00f3 tamb\u00e9 psicol\u00f2gic, es requereix respecte i delicadesa.<\/p>\n\n\n\n<p>Segurament, una altra cosa que ens enorgulleix s\u00f3n els reconeixements p\u00fablics, ser <a href=\"https:\/\/www.chromastudio.it\/about\/\" target=\"_blank\" rel=\"noreferrer noopener\">publicats per revistes<\/a> importants del sector d\u00f3na molt valor al que fem. Cada cop que passa hi ha una gran alegria a la casa <a href=\"https:\/\/www.chromastudio.it\/\" target=\"_blank\" rel=\"noreferrer noopener\">chromastudio<\/a>. Per\u00f2 el que ens enorgulleix m\u00e9s que res \u00e9s la relaci\u00f3 que hi ha dins l&#039;estudi, el treball en equip \u00e9s l&#039;\u00fanic que ens permet assolir els nostres objectius, els altres veuen el resultat, per\u00f2 el cam\u00ed, el viatge que ens ha dut fins all\u00e0 fa nosaltres molt orgullosos del viatge. Ens sentim especialment orgullosos quan rebem el reconeixement dels companys, ens fa entendre que hem fet una bona feina, no nom\u00e9s per al client, sin\u00f3 tamb\u00e9 per als qui coneixen b\u00e9 la nostra feina.<\/p>\n\n\n\n<figure class=\"wp-block-image\"><img loading=\"lazy\" decoding=\"async\" width=\"600\" height=\"400\" src=\"https:\/\/www.monapart.com\/magazine\/wp-content\/uploads\/2023\/06\/chromastudio3.png\" alt=\"Escenografia + Interiorisme = CHROMASTUDIO | Monapart\" class=\"wp-image-1403\" title=\"chromastudio-monapart-3\" srcset=\"https:\/\/www.monapart.com\/magazine\/wp-content\/uploads\/2023\/06\/chromastudio3.png 600w, https:\/\/www.monapart.com\/magazine\/wp-content\/uploads\/2023\/06\/chromastudio3-300x200.png 300w\" sizes=\"auto, (max-width: 600px) 100vw, 600px\" \/><\/figure>\n\n\n\n<p><strong>Com \u00e9s el vostre proc\u00e9s creatiu? Quines s\u00f3n les vostres fonts d&#039;inspiraci\u00f3? Alguna m\u00fasica en especial mentre treballeu?<\/strong><\/p>\n\n\n\n<p>Comparaci\u00f3, tot comen\u00e7a a partir de llavors. La primera aproximaci\u00f3 al projecte \u00e9s la reuni\u00f3 informativa que fem amb el client, seguida d&#039;una pluja d&#039;idees on cadascun de nosaltres donem curs a les nostres idees. Tots posem alguna cosa en el projecte, fins i tot el client \u00e9s membre de l&#039;equip, perqu\u00e8 \u00e9s sobre ell que constru\u00efm el concepte, la uni\u00f3 de les idees de tots d\u00f3na vida al disseny, per aix\u00f2 cada projecte \u00e9s \u00fanic.<\/p>\n\n\n\n<p>Si per contra pensem d&#039;on ve la inspiraci\u00f3, qualsevol cosa pot ser inspiraci\u00f3, els elements de la natura, el treball dels altres, una pel\u00b7l\u00edcula, una obra d&#039;art, un color, no hi ha l\u00edmits, tot dep\u00e8n de la manera com mires les coses, de vegades ajuda mirar-les des d&#039;una altra perspectiva, per canviar el punt de vista. Tamb\u00e9 \u00e9s divertit inspirar-se en una mica d&#039;un m\u00f3n diferent i convertir-lo en un projecte.<\/p>\n\n\n\n<p>Ens agrada treballar amb m\u00fasica, normalment triem la m\u00fasica que millor s&#039;adapta al projecte en qu\u00e8 estem treballant, ens ajuda i sintonitza amb la feina.<\/p>\n\n\n\n<p><strong>Color, llibre, pel\u00b7li i disc favorits. Per aquest ordre! ;D<\/strong><\/p>\n\n\n\n<ul class=\"wp-block-list\">\n<li>Elga:\n<ul class=\"wp-block-list\">\n<li>Verd.<\/li>\n\n\n\n<li>\u201cL&#039;Alquimista\u201d de Paulo Coelho.<\/li>\n\n\n\n<li>&quot;2001: Odissea a l&#039;espai&quot; de Stanley Kubrick.<\/li>\n\n\n\n<li>Emozioni de Lucio Battisti.\u00a0<\/li>\n<\/ul>\n<\/li>\n<\/ul>\n\n\n\n<figure class=\"wp-block-embed is-type-rich is-provider-spotify wp-block-embed-spotify wp-embed-aspect-21-9 wp-has-aspect-ratio\"><div class=\"wp-block-embed__wrapper\">\n<iframe title=\"Spotify Embed: Emozioni\" style=\"border-radius: 12px\" width=\"100%\" height=\"152\" frameborder=\"0\" allowfullscreen allow=\"autoplay; clipboard-write; encrypted-media; fullscreen; picture-in-picture\" loading=\"lazy\" src=\"https:\/\/open.spotify.com\/embed\/track\/3B7plHFM2LK5BVYnwzkD3x?si=jayeSk1FRHemPk0YVpnA4g&#038;utm_source=oembed\"><\/iframe>\n<\/div><\/figure>\n\n\n\n<ul class=\"wp-block-list\">\n<li>Giuseppe:\n<ul class=\"wp-block-list\">\n<li>\u00a0Color alberg\u00ednia.<\/li>\n\n\n\n<li>&quot;Greenlights. L&#039;art de c\u00f3rrer costa avall&quot; de Matthew McConaughey.<\/li>\n\n\n\n<li>\u201cPulp Fiction\u201d de Quentin Tarantino.<\/li>\n\n\n\n<li>\u201cTerratr\u00e8mol\u201d d&#039;I Litfiba.\u00a0<\/li>\n<\/ul>\n<\/li>\n<\/ul>\n\n\n\n<figure class=\"wp-block-embed is-type-rich is-provider-spotify wp-block-embed-spotify wp-embed-aspect-21-9 wp-has-aspect-ratio\"><div class=\"wp-block-embed__wrapper\">\n<iframe title=\"Spotify Embed: Terratr\u00e8mol\" style=\"border-radius: 12px\" width=\"100%\" height=\"352\" frameborder=\"0\" allowfullscreen allow=\"autoplay; clipboard-write; encrypted-media; fullscreen; picture-in-picture\" loading=\"lazy\" src=\"https:\/\/open.spotify.com\/embed\/album\/1mU4dayXRcnEMMbjlnZTfN?si=s0j6pKkpSHiq8KWylNbW0w&#038;utm_source=oembed\"><\/iframe>\n<\/div><\/figure>\n\n\n\n<ul class=\"wp-block-list\">\n<li>Sofia:\n<ul class=\"wp-block-list\">\n<li>Color lila\\violeta.<\/li>\n\n\n\n<li>&quot;La l\u00ednia d&#039;ombra&quot; de Joseph Conrad.<\/li>\n\n\n\n<li>\u201cEl castell ambulant de Howl\u201d de Hayao Miyazaki.<\/li>\n\n\n\n<li>21 d&#039;Adele.\u00a0<\/li>\n<\/ul>\n<\/li>\n<\/ul>\n\n\n\n<figure class=\"wp-block-embed is-type-rich is-provider-spotify wp-block-embed-spotify wp-embed-aspect-21-9 wp-has-aspect-ratio\"><div class=\"wp-block-embed__wrapper\">\n<iframe title=\"Spotify Embed: 21\" style=\"border-radius: 12px\" width=\"100%\" height=\"352\" frameborder=\"0\" allowfullscreen allow=\"autoplay; clipboard-write; encrypted-media; fullscreen; picture-in-picture\" loading=\"lazy\" src=\"https:\/\/open.spotify.com\/embed\/album\/5duyQokC4FMcWPYTV9Gpf9?go=1&#038;sp_cid=fd727a3e1f73196193831a97f99a4aab&#038;utm_source=oembed&#038;utm_medium=desktop&#038;nd=1&#038;dlsi=b29f53f2dc28474a\"><\/iframe>\n<\/div><\/figure>\n\n\n\n<p>Tamb\u00e9 ens agradaria assenyalar un llibre que ens va unir, perqu\u00e8 va marcar el nostre cam\u00ed junts \u00abQui s&#039;ha endut el meu formatge?\u00bb de Spencer Johnson. Ho recomanem a tots aquells que vulguin donar un canvi a les seves vides.<\/p>\n\n\n\n<h5 class=\"wp-block-heading has-medium-font-size\"><strong>\u00c9s casa vostra reflex dels qui sou? Expliqueu-nos a qu\u00e8 fa olor, el vostre rac\u00f3 favorit, el vostre objecte decoratiu o moble fetitxe, si atresoreu alguna col\u00b7lecci\u00f3\u2026 I si teniu mascota, presenteu-nos-la!<\/strong><\/h5>\n\n\n\n<ul class=\"wp-block-list\">\n<li>Sofia: En part s\u00ed, casa meva \u00e9s un reflex de qui s\u00f3c, encara que en alguns aspectes encara no. Quan reflexiono sobre casa meva, encara la veig incompleta, com si tamb\u00e9 hagu\u00e9s de cr\u00e9ixer amb mi. M&#039;agrada pensar que els projectes mai no tenen una conclusi\u00f3, perqu\u00e8 les nostres cases representen el que som en aquest moment \u00fanic, per\u00f2 tamb\u00e9 necessiten ser enriquides, modificades, reestructurades novament. Res no s&#039;atura en un univers que sempre est\u00e0 en moviment.<\/li>\n<\/ul>\n\n\n\n<p>Hi ha diversos racons de casa meva que prefereixo, per exemple, la cuina, els volums que hi ha, la llum que il\u00b7lumina la sala i el capvespre que irradia l&#039;estudi. La llum en un projecte interior \u00e9s fonamental!<\/p>\n\n\n\n<p>Daisy \u00e9s la nostra gateta d&#039;un any, omple els nostres dies de vida i molta dol\u00e7or.<\/p>\n\n\n\n<ul class=\"wp-block-list\">\n<li>Elga i Giuseppe: La nostra llar encara no \u00e9s un reflex del que som, som milanesos per experi\u00e8ncia, per la qual cosa encara no hem trobat el nostre veritable entorn dom\u00e8stic, per\u00f2 estem segurs que aviat podrem fer aquest projecte tamb\u00e9.<\/li>\n<\/ul>\n\n\n\n<p>Si hem de pensar en una olor que ens faci pensar a casa, aquesta \u00e9s l&#039;olor de mar. Som de Puglia, sempre portem el mar dins nostre, en cada projecte, perqu\u00e8 ens agrada imaginar la manera com fa brillar els colors, la manera com ens porta a meditar, la forma en qu\u00e8 fa que el temps s&#039;alenteixi. Les nostres llars haurien de fer aix\u00f2, portar-nos de tornada a aquesta dimensi\u00f3 natural que tant estranyem.<\/p>\n\n\n\n<p>Mascotes? Per descomptat! Floki no \u00e9s nom\u00e9s la nostra mascota, sin\u00f3 tamb\u00e9 el gran gos de l&#039;estudi, ajuda a portar bon humor als llargs dies de treball i despr\u00e9s hi ha Daisy, la gateta de Sofia, que \u00e9s una veritable mascota, la seva simpatia \u00e9s realment contagiosa! Les nostres mascotes s\u00f3n el cor de les nostres llars.<\/p>\n\n\n\n<figure class=\"wp-block-image\"><img loading=\"lazy\" decoding=\"async\" width=\"600\" height=\"400\" src=\"https:\/\/www.monapart.com\/magazine\/wp-content\/uploads\/2023\/06\/chromastudio4.png\" alt=\"Escenografia + Interiorisme = CHROMASTUDIO | Monapart\" class=\"wp-image-1404\" title=\"chromastudio-monapart-4\" srcset=\"https:\/\/www.monapart.com\/magazine\/wp-content\/uploads\/2023\/06\/chromastudio4.png 600w, https:\/\/www.monapart.com\/magazine\/wp-content\/uploads\/2023\/06\/chromastudio4-300x200.png 300w\" sizes=\"auto, (max-width: 600px) 100vw, 600px\" \/><\/figure>\n\n\n\n<h5 class=\"wp-block-heading has-medium-font-size\"><strong>Si pogu\u00e9ssiu comprar-vos qualsevol cosa ara mateix i emporteu-vos-la a casa, quina seria? Qualsevol cosa!<\/strong><\/h5>\n\n\n\n<ul class=\"wp-block-list\">\n<li>Giuseppe: Compraria una casa amb sostres de doble al\u00e7ada, fa una sensaci\u00f3 d&#039;aire i al\u00e8 que no t\u00e9 preu.<\/li>\n\n\n\n<li>Elga: Jo compraria un teatre, amb escenari, tota la programaci\u00f3 dels espectacles, els actors, el vestuari, l&#039;orquestra, les butaques de vellut vermell, en fi, tot! Ho s\u00e9, \u00e9s una resposta boja, per\u00f2 m&#039;agradaria.<\/li>\n\n\n\n<li>Sofia: Somni amb els peus a terra, sempre m&#039;ha encantat el dissenyador Vico Magistretti i vull comprar el llum Atollo, que va dissenyar per a Oluce el 1977.<\/li>\n<\/ul>\n\n\n\n<h5 class=\"wp-block-heading has-medium-font-size\"><strong>Un pla a casa sempre inclou\u2026<\/strong><\/h5>\n\n\n\n<p>Venim de diferents zones d&#039;It\u00e0lia, per\u00f2 la cuina ens uneix a tots, per tant el bon menjar i el bon vi representen la perfecci\u00f3. Ens encanta dedicar-hi temps i amor a la cuina, per aix\u00f2 ens encanta dissenyar l&#039;ambient de la cuina, \u00e9s una de les estances de la casa on es desenvolupen les activitats m\u00e9s boniques de la vida di\u00e0ria.<\/p>\n\n\n\n<figure class=\"wp-block-image\"><img loading=\"lazy\" decoding=\"async\" width=\"600\" height=\"400\" src=\"https:\/\/www.monapart.com\/magazine\/wp-content\/uploads\/2023\/06\/chromastudio5_0.png\" alt=\"Escenografia + Interiorisme = CHROMASTUDIO | Monapart\" class=\"wp-image-1405\" title=\"chromastudio-monapart-5\" srcset=\"https:\/\/www.monapart.com\/magazine\/wp-content\/uploads\/2023\/06\/chromastudio5_0.png 600w, https:\/\/www.monapart.com\/magazine\/wp-content\/uploads\/2023\/06\/chromastudio5_0-300x200.png 300w\" sizes=\"auto, (max-width: 600px) 100vw, 600px\" \/><\/figure>\n\n\n\n<h5 class=\"wp-block-heading has-medium-font-size\"><strong>Teniu algun plat estrella?<\/strong><\/h5>\n\n\n\n<p>Elga: M&#039;encanta cuinar plats a base de peix, Giuseppe \u00e9s el mag de la lasanya i la Sofia ens porta a Orient amb la seva meravellosa Gyoza.<\/p>\n\n\n\n<h5 class=\"wp-block-heading has-medium-font-size\"><strong>Quin \u00e9s el teu lloc preferit a la teva ciutat? I a l&#039;estranger?<\/strong><\/h5>\n\n\n\n<ul class=\"wp-block-list\">\n<li>Sofia: No tinc un lloc preferit en particular, tinc molts en ment relacionats amb la meva ciutat, Roma. Sens dubte, prefereixo els espais oberts envoltats de natura, particularment m&#039;encanten els paisatges buc\u00f2lics. A la ciutat prefereixo anar a museus, o fer visites guiades per con\u00e8ixer els racons m\u00e9s amagats. Un lloc que guardo al meu cor definitivament \u00e9s Barcelona, \u200b\u200bva ser un viatge meravell\u00f3s, els colors, el clima, l&#039;ambient de la ciutat em van il\u00b7luminar l&#039;\u00e0nima.<\/li>\n<\/ul>\n\n\n\n<ul class=\"wp-block-list\">\n<li>Giuseppe: El meu lloc de cor \u00e9s el mar, perqu\u00e8 allibera els meus pensaments, d\u00f3na serenitat i em porta de tornada a casa. Un simple banc al costat del mar, sol o en companyia, \u00e9s el meu lloc preferit. Em vaig enamorar de Cap da Roca, Portugal, \u201cOn acaba la terra i comen\u00e7a el mar\u2026\u201d<\/li>\n<\/ul>\n\n\n\n<ul class=\"wp-block-list\">\n<li>Elga: A la meva vida he viscut a diferents ciutats, a cadascuna he trobat el meu espai, parant atenci\u00f3 a les petites coses. Al meu Puglia, la regi\u00f3 d&#039;on vinc, el meu lloc preferit \u00e9s una platja a\u00efllada, poc concorreguda, on pots admirar meravelloses postes de sol; a Mil\u00e0 estimo les grans altures dels gratacels, el mateix passa a l&#039;estranger, estimo els punts panor\u00e0mics, llocs on pots mirar el m\u00f3n per\u00f2 el m\u00f3n no et pot mirar.<\/li>\n<\/ul>\n\n\n\n<h5 class=\"wp-block-heading has-medium-font-size\"><strong>Cosa que ens vulgueu explicar i que no us h\u00e0gim preguntat. Parleu ara o calleu per sempre!<\/strong><\/h5>\n\n\n\n<p>Que sentim Espanya com una segona casa. Crec que \u00e9s el lloc del m\u00f3n on m\u00e9s a prop ens sentim de la nostra It\u00e0lia. Malauradament, encara no parlem b\u00e9 l&#039;espanyol, per\u00f2 tenim moltes ganes d&#039;aprendre&#039;l, perqu\u00e8 esperem viatjar a Espanya tantes vegades com sigui possible a la nostra vida. Ens encanta la manera com els espanyols celebrem la vida i despr\u00e9s ens encanten els mil colors, la manera com l&#039;arquitectura es comunica amb el paisatge, sempre s\u00f3n una gran font d&#039;inspiraci\u00f3 per a nosaltres. Aleshores ens agradaria dir-los a tots quant estimem la nostra feina i que per a nosaltres aix\u00f2 no \u00e9s nom\u00e9s una professi\u00f3 sin\u00f3 que \u00e9s tota la nostra vida.<\/p>\n\n\n\n<h3 class=\"wp-block-heading\">Avui podem dir que chromastudio \u00e9s un estudi multidisciplinari, que opera en diferents \u00e0rees d&#039;especialitzaci\u00f3: disseny, planificaci\u00f3 d&#039;espais residencials i comercials, instal\u00b7lacions temporals, mirant el m\u00f3n a tots els matisos de color.<\/h3>","protected":false},"excerpt":{"rendered":"<p>Elga, Giuseppe i Sofia s\u00f3n un equip multidisciplinari que dissenya mitjan\u00e7ant l&#039;\u00fas del color.<\/p>","protected":false},"author":3,"featured_media":1401,"comment_status":"closed","ping_status":"closed","sticky":false,"template":"","format":"standard","meta":{"_acf_changed":false,"footnotes":""},"categories":[2844,2845],"tags":[2885,2870,2871],"class_list":["post-1400","post","type-post","status-publish","format-standard","has-post-thumbnail","hentry","category-hogar","category-mi-monapart","tag-arquitectura","tag-diseno","tag-interiorismo"],"acf":[],"_links":{"self":[{"href":"https:\/\/www.monapart.com\/magazine\/ca\/wp-json\/wp\/v2\/posts\/1400","targetHints":{"allow":["GET"]}}],"collection":[{"href":"https:\/\/www.monapart.com\/magazine\/ca\/wp-json\/wp\/v2\/posts"}],"about":[{"href":"https:\/\/www.monapart.com\/magazine\/ca\/wp-json\/wp\/v2\/types\/post"}],"author":[{"embeddable":true,"href":"https:\/\/www.monapart.com\/magazine\/ca\/wp-json\/wp\/v2\/users\/3"}],"replies":[{"embeddable":true,"href":"https:\/\/www.monapart.com\/magazine\/ca\/wp-json\/wp\/v2\/comments?post=1400"}],"version-history":[{"count":2,"href":"https:\/\/www.monapart.com\/magazine\/ca\/wp-json\/wp\/v2\/posts\/1400\/revisions"}],"predecessor-version":[{"id":19274,"href":"https:\/\/www.monapart.com\/magazine\/ca\/wp-json\/wp\/v2\/posts\/1400\/revisions\/19274"}],"wp:featuredmedia":[{"embeddable":true,"href":"https:\/\/www.monapart.com\/magazine\/ca\/wp-json\/wp\/v2\/media\/1401"}],"wp:attachment":[{"href":"https:\/\/www.monapart.com\/magazine\/ca\/wp-json\/wp\/v2\/media?parent=1400"}],"wp:term":[{"taxonomy":"category","embeddable":true,"href":"https:\/\/www.monapart.com\/magazine\/ca\/wp-json\/wp\/v2\/categories?post=1400"},{"taxonomy":"post_tag","embeddable":true,"href":"https:\/\/www.monapart.com\/magazine\/ca\/wp-json\/wp\/v2\/tags?post=1400"}],"curies":[{"name":"wp","href":"https:\/\/api.w.org\/{rel}","templated":true}]}}