{"id":1396,"date":"2023-06-19T11:19:31","date_gmt":"2023-06-19T09:19:31","guid":{"rendered":"https:\/\/www.monapart.com\/magazine\/?p=1396"},"modified":"2025-09-09T17:26:20","modified_gmt":"2025-09-09T15:26:20","slug":"formacio-lagenda-setmanal-dun-agent-immobiliari","status":"publish","type":"post","link":"https:\/\/www.monapart.com\/magazine\/ca\/gente-real\/formacion-la-agenda-semanal-de-un-agente-inmobiliario","title":{"rendered":"Formaci\u00f3: L&#039;agenda setmanal d&#039;un agent immobiliari"},"content":{"rendered":"<h1 class=\"wp-block-heading\">Formaci\u00f3: L&#039;agenda setmanal d&#039;un agent immobiliari<\/h1>\n\n\n\n<h2 class=\"wp-block-heading\">Planifica&#039;t i aconsegueix els teus objectius com a agent immobiliari<\/h2>\n\n\n<div class='post-info'>19 de juny de 2023 per <a href='https:\/\/www.monapart.com\/magazine\/ca\/autor\/monapart'>Monapart<\/a><\/div>\n\n\n\n<p><br>Aconseguir els nostres objectius anuals requereix persistir organitzadament. Aix\u00f2 vol dir que dep\u00e8n del que fem cada mes, cada setmana, cada hora. Per aix\u00f2 \u00e9s essencial dimensionar b\u00e9 els objectius, alinear-los amb tasques i assignar-les a espais concrets de la nostra agenda.<\/p>\n\n\n\n<p>Lorganitzaci\u00f3 est\u00e0 en la clau de l\u00e8xit de qualsevol negoci. I aquest \u00e9s precisament el principal objectiu del curs en l\u00ednia que va impartir el passat 14 de juny <a href=\"https:\/\/www.linkedin.com\/in\/jlecheverria\/\" target=\"_blank\" rel=\"noreferrer noopener\">Jos\u00e9 Luis Echeverr\u00eda<\/a>, CEO de <a href=\"https:\/\/www.monapart.com\/magazine\/ca\/\" target=\"_blank\" rel=\"noreferrer noopener\">Monapart<\/a>&nbsp;a <a href=\"https:\/\/cursosonline.fotocasa.es\/\" target=\"_blank\" rel=\"noreferrer noopener\">Fotocasa Pro<\/a>, aprendre com treure el m\u00e0xim partit a la teva agenda setmanal com a agent immobiliari.<\/p>\n\n\n\n<p>Quins coneixements van poder adquirir aquells que van assistir a la masterclass?<\/p>\n\n\n\n<ul class=\"wp-block-list\">\n<li>Quantificar objectius de manera realista.<\/li>\n\n\n\n<li>Organitzar la nostra agenda setmanal: Leadgen \u2013 Comercial \u2013 Manteniment.<\/li>\n\n\n\n<li>Una introducci\u00f3 al model de Stephen Covey: objectius, rols i agenda setmanal.<\/li>\n\n\n\n<li>Espr\u00e9mer al m\u00e0xim les funcions de Google Calendar.<\/li>\n<\/ul>\n\n\n\n<p>Pots <a href=\"https:\/\/cursosonline.fotocasa.es\/cursos\/grabacion-----la-agenda-semanal--un-contrato-con-nuestra-mejor-version-705?edicion=771&amp;tab=materiales\" target=\"_blank\" rel=\"noreferrer noopener\">accedir des d&#039;aqu\u00ed a l&#039;enregistrament<\/a>&nbsp;i repassar tots els conceptes que es van oferir. I si vols seguir aprenent i formant-te envoltats d&#039;agents immo. top, no ho dubtis i <a href=\"https:\/\/www.monapart.com\/magazine\/ca\/agentes\/?utm_source=linkedin&amp;utm_medium=organic&amp;utm_campaign=continguts-2023&amp;utm_term=jl&amp;utm_content=cda\" target=\"_blank\" rel=\"noreferrer noopener\">uneix-te a la nostra comunitat de #buenagent<\/a>.<\/p>\n\n\n\n<figure class=\"wp-block-image\"><img decoding=\"async\" src=\"https:\/\/www.monapart.com\/magazine\/wp-content\/uploads\/2023\/06\/captura_de_pantalla_2023-06-19_a_las_10.40.25.png\" alt=\"Formaci\u00f3-Jos\u00e9 Luis Echeverr\u00eda-FotocasaPro | Monapart \" class=\"wp-image-1397\" title=\"Formaci\u00f3-Jos\u00e9 Luis Echeverr\u00eda-FotocasaPro\"\/><\/figure>\n\n\n\n<p><\/p>","protected":false},"excerpt":{"rendered":"<p>Aconseguir els nostres objectius anuals requereix persistir organitzadament. \u00c9s essencial dimensionar b\u00e9 els objectius, alinear-los amb tasques i assignar-les a espais concrets de la nostra agenda.<\/p>","protected":false},"author":3,"featured_media":15795,"comment_status":"closed","ping_status":"closed","sticky":false,"template":"","format":"standard","meta":{"_acf_changed":false,"footnotes":""},"categories":[2849,2850],"tags":[2876],"class_list":["post-1396","post","type-post","status-publish","format-standard","has-post-thumbnail","hentry","category-gente-real","category-formacion-inmobiliaria","tag-productividad"],"acf":[],"_links":{"self":[{"href":"https:\/\/www.monapart.com\/magazine\/ca\/wp-json\/wp\/v2\/posts\/1396","targetHints":{"allow":["GET"]}}],"collection":[{"href":"https:\/\/www.monapart.com\/magazine\/ca\/wp-json\/wp\/v2\/posts"}],"about":[{"href":"https:\/\/www.monapart.com\/magazine\/ca\/wp-json\/wp\/v2\/types\/post"}],"author":[{"embeddable":true,"href":"https:\/\/www.monapart.com\/magazine\/ca\/wp-json\/wp\/v2\/users\/3"}],"replies":[{"embeddable":true,"href":"https:\/\/www.monapart.com\/magazine\/ca\/wp-json\/wp\/v2\/comments?post=1396"}],"version-history":[{"count":5,"href":"https:\/\/www.monapart.com\/magazine\/ca\/wp-json\/wp\/v2\/posts\/1396\/revisions"}],"predecessor-version":[{"id":19143,"href":"https:\/\/www.monapart.com\/magazine\/ca\/wp-json\/wp\/v2\/posts\/1396\/revisions\/19143"}],"wp:featuredmedia":[{"embeddable":true,"href":"https:\/\/www.monapart.com\/magazine\/ca\/wp-json\/wp\/v2\/media\/15795"}],"wp:attachment":[{"href":"https:\/\/www.monapart.com\/magazine\/ca\/wp-json\/wp\/v2\/media?parent=1396"}],"wp:term":[{"taxonomy":"category","embeddable":true,"href":"https:\/\/www.monapart.com\/magazine\/ca\/wp-json\/wp\/v2\/categories?post=1396"},{"taxonomy":"post_tag","embeddable":true,"href":"https:\/\/www.monapart.com\/magazine\/ca\/wp-json\/wp\/v2\/tags?post=1396"}],"curies":[{"name":"wp","href":"https:\/\/api.w.org\/{rel}","templated":true}]}}