{"id":1343,"date":"2023-03-21T12:51:42","date_gmt":"2023-03-21T11:51:42","guid":{"rendered":"https:\/\/www.monapart.com\/magazine\/?p=1343"},"modified":"2025-06-23T09:56:40","modified_gmt":"2025-06-23T07:56:40","slug":"factors-clau-per-fixar-el-preu-de-venda-de-casa-teva","status":"publish","type":"post","link":"https:\/\/www.monapart.com\/magazine\/ca\/consejo-inmobiliario\/factores-clave-para-fijar-el-precio-de-venta-de-tu-casa","title":{"rendered":"Factors clau per fixar el preu de venda de casa teva"},"content":{"rendered":"<h1 class=\"wp-block-heading\">Factors clau per fixar el preu de venda de casa teva<\/h1>\n\n\n\n<h2 class=\"wp-block-heading\">Quan val casa teva? En coneixes el valor real de mercat? Et mostrem els factors m\u00e9s importants que cal tenir en compte per evitar ensurts.<\/h2>\n\n\n<div class='post-info'>21 de mar\u00e7 de 2023 per <a href='https:\/\/www.monapart.com\/magazine\/ca\/autor\/monapart'>Monapart<\/a><\/div>\n\n\n\n<figure class=\"wp-block-image\"><img loading=\"lazy\" decoding=\"async\" width=\"600\" height=\"400\" src=\"https:\/\/www.monapart.com\/magazine\/wp-content\/uploads\/2023\/03\/como_se_fija_el_precio_de_venta_de_una_vivienda_monapart_1.png\" alt=\"Factors clau per fixar el preu de venda de casa teva | Monapart \" class=\"wp-image-1344\" title=\"como_se_fija_el_precio_de_venta_de_una_vivienda_monapart_1\" srcset=\"https:\/\/www.monapart.com\/magazine\/wp-content\/uploads\/2023\/03\/como_se_fija_el_precio_de_venta_de_una_vivienda_monapart_1.png 600w, https:\/\/www.monapart.com\/magazine\/wp-content\/uploads\/2023\/03\/como_se_fija_el_precio_de_venta_de_una_vivienda_monapart_1-300x200.png 300w\" sizes=\"auto, (max-width: 600px) 100vw, 600px\" \/><\/figure>\n\n\n\n<h5 class=\"wp-block-heading has-medium-font-size\"><a><\/a>Qu\u00e8 has de fer per fixar un preu de venda adequat<\/h5>\n\n\n\n<p><a href=\"\/magazine\/ca\/node\/2357\/\">La taxaci\u00f3 de la propietat<\/a> \u00e9s un pas clau dins del proc\u00e9s de venda. Un dels primers i m\u00e9s cr\u00edtics, ja que exigeix un gran coneixement t\u00e8cnic. Per aix\u00f2, el nostre consell \u00e9s sempre sol\u00b7licitar assessorament amb -almenys- un expert.&nbsp;<\/p>\n\n\n\n<p>Escollir un bon agent immobiliari \u00e9s molt rellevant, ja que sent ben assessorat podr\u00e0s fixar un preu realista que ajudar\u00e0 a vendre abans i millor. <a href=\"\/magazine\/ca\/node\/3176\/\">Eduard Sol\u00e9, COO de Monapart<\/a>, ho explica en una senzilla frase, \u201cl&#039;important de veritat, a les dades, \u00e9s saber interpretar-les i aix\u00f2 no s&#039;apr\u00e8n en un dia\u201d.<\/p>\n\n\n\n<p>L&#039;agent immobiliari, a m\u00e9s de la taxaci\u00f3, s&#039;encarregar\u00e0 de dos processos imprescindibles per trobar un preu de venda adequat:<\/p>\n\n\n\n<ol class=\"wp-block-list\">\n<li>Realitzar\u00e0 una an\u00e0lisi objectiva i professional del mercat.<\/li>\n\n\n\n<li>Estudiar\u00e0 l&#039;estat de l&#039;oferta i la demanda existent a la zona al moment de vendre&#039;l.&nbsp;<\/li>\n<\/ol>\n\n\n\n<p>Aquests dos processos, juntament amb la taxaci\u00f3, completen els factors m\u00ednims que necessites per evitar desajustos i imprecisions en decidir el valor de venda de limmoble.<\/p>\n\n\n\n<blockquote class=\"wp-block-quote alignright is-layout-flow wp-block-quote-is-layout-flow\">\n<p>Comptar amb l&#039;assessorament expert d&#039;un agent immobiliari \u00e9s l&#039;opci\u00f3 m\u00e9s intel\u00b7ligent.<\/p>\n<\/blockquote>\n\n\n\n<h5 class=\"wp-block-heading has-medium-font-size\"><a id=\"debes bajar el precio de venta\"><\/a>\u00c9s recomanable sortir \u00aba la baixa\u00bb?<\/h5>\n\n\n\n<p>Segons aquest article de primers d&#039;any a <a href=\"http:\/\/www.idealista.com\/news\/inmobiliario\/vivienda\/2023\/01\/13\/803064-como-negociar-el-precio-de-la-compra-de-una-vivienda-en-2023\" target=\"_blank\" rel=\"noopener\">Idealista News<\/a>, sembla que es produir\u00e0 un equilibri entre l&#039;oferta i la demanda, que juntament amb l&#039;increment dels tipus d&#039;inter\u00e8s far\u00e0 que el mercat immobiliari espanyol s&#039;estabilitzi durant el 2023.&nbsp;<\/p>\n\n\n\n<p>Com a conseq\u00fc\u00e8ncia de la guerra entre R\u00fassia i Ucra\u00efna, la crisi energ\u00e8tica, l&#039;augment de mat\u00e8ries primeres i l&#039;al\u00e7a a la inflaci\u00f3, hem passat d&#039;un mercat que afavoria la posici\u00f3 del venedor (tenia m\u00e9s poder per definir preus), cap a un mercat m\u00e9s equilibrat o fins i tot beneficiant els compradors. Com? Tindran m\u00e9s capacitat de negociaci\u00f3 aix\u00ed que preparem-nos per enfrontar-nos a negociacions a la baixa.&nbsp;<\/p>\n\n\n\n<p>Segons <a href=\"http:\/\/www.idealista.com\/news\/inmobiliario\/vivienda\/2022\/12\/19\/800703-analisis-del-mercado-inmobiliario-en-2022-y-previsiones-para-2023-segun-idealista\" target=\"_blank\" rel=\"noopener\">aquestes previsions<\/a>, els preus es refredaran, per\u00f2 es mantindran estables. Els analistes no creuen possible una caiguda generalitzada als grans mercats (Barcelona, Madrid, M\u00e0laga) per\u00f2, com que hi ha menys demanda, \u00e9s plausible pensar que costar\u00e0 una mica m\u00e9s tancar operacions.<\/p>\n\n\n\n<p>A l&#039;hora de negociar el preu final de venda amb el comprador, hi haur\u00e0 altres elements que afectin la negociaci\u00f3:<\/p>\n\n\n\n<ul class=\"wp-block-list\">\n<li>Si \u00e9s obra nova o de segona m\u00e0;&nbsp;<\/li>\n\n\n\n<li>si necessita reformes o \u00e9s a estrenar;&nbsp;<\/li>\n\n\n\n<li>si la venda \u00e9s a trav\u00e9s de particular o ag\u00e8ncia immobili\u00e0ria;&nbsp;<\/li>\n\n\n\n<li>la zona, barri o carrer de la ciutat on estigui ubicat limmoble.<\/li>\n<\/ul>\n\n\n\n<p>Segons la <a href=\"https:\/\/www.idealista.com\/news\/inmobiliario\/vivienda\/2022\/05\/19\/796671-los-compradores-consiguen-rebajar-un-9-el-precio-de-la-vivienda-segun-euroval\" target=\"_blank\" rel=\"noreferrer noopener\">taxadora Euroval<\/a>, en negociar el preu de venda d&#039;un habitatge, els compradors a Espanya aconsegueixen una rebaixa mitjana del 9%.<\/p>\n\n\n\n<p>\u00c9s molt com\u00fa que els vincles emocionals que ens uneixen amb la nostra propietat, ens influeixin i ens portin a sobreestimar-ne el valor al moment de posar-la a la venda.<\/p>\n\n\n\n<figure class=\"wp-block-image\"><img loading=\"lazy\" decoding=\"async\" width=\"600\" height=\"400\" src=\"https:\/\/www.monapart.com\/magazine\/wp-content\/uploads\/2023\/03\/como_se_fija_el_precio_de_venta_de_una_vivienda_monapart.png\" alt=\"Factors clau per fixar el preu de venda de casa teva | Monapart \" class=\"wp-image-1345\" title=\"como_se_fija_el_precio_de_venta_de_una_vivienda_monapart\" srcset=\"https:\/\/www.monapart.com\/magazine\/wp-content\/uploads\/2023\/03\/como_se_fija_el_precio_de_venta_de_una_vivienda_monapart.png 600w, https:\/\/www.monapart.com\/magazine\/wp-content\/uploads\/2023\/03\/como_se_fija_el_precio_de_venta_de_una_vivienda_monapart-300x200.png 300w\" sizes=\"auto, (max-width: 600px) 100vw, 600px\" \/><\/figure>\n\n\n\n<p>(Negociaci\u00f3 del preu de l&#039;habitatge en venda)<\/p>\n\n\n\n<h5 class=\"wp-block-heading has-medium-font-size\"><a id=\"el mercado inmobiliario\"><\/a>El mercat immobiliari el 2023, baixaran els preus?<\/h5>\n\n\n\n<p>2022 va acabar sent un any molt positiu per a les vendes al mercat immobiliari, per\u00f2 els experts vaticinen un <a href=\"https:\/\/www.economiadigital.es\/economia\/cuanto-bajara-el-precio-de-la-vivienda-en-2023-este-experto-responde.html\" target=\"_blank\" rel=\"noreferrer noopener\">descens a la demanda d&#039;habitatge<\/a> com a conseq\u00fc\u00e8ncia de la tend\u00e8ncia alcista dels preus de l?any passat.&nbsp;<\/p>\n\n\n\n<p>El <a href=\"https:\/\/www.larazon.es\/madrid\/20221105\/2uo753fgivfatmhveviontjjiu.html\" target=\"_blank\" rel=\"noreferrer noopener\">Banc Online ING<\/a>, es mulla i considera probable que el creixement de preus es vagi alentint <em>\u201cfins al 1% el 2023, cosa que significa que el creixement nominal dels preus no podr\u00e0 seguir el ritme de la inflaci\u00f3, amb una taxa prevista per al 2023 del 4,4%\u201d.&nbsp;<\/em>\u00bf Qu\u00e8 vol dir amb aix\u00f2? Que el creixement real de preus ser\u00e0 negatiu en un 3% o 4%.<\/p>\n\n\n\n<p>Tampoc no \u00e9s per espantar-se\u2026 Algunes vegades, les prediccions immobili\u00e0ries s&#039;assemblen massa al pron\u00f2stic del temps. Beatriz Amigot, redactora d&#039;economia del diari Expansi\u00f3n, parla d&#039;experts preveient caigudes fins al 10%. Per\u00f2 quan parlem de preus de venda, veiem l&#039;enorme falta de consens. Aqu\u00ed en tens els detalls.<\/p>\n\n\n\n<figure class=\"wp-block-embed is-type-rich is-provider-gestor-del-servicio wp-block-embed-gestor-del-servicio wp-embed-aspect-16-9 wp-has-aspect-ratio\"><div class=\"wp-block-embed__wrapper\">\n<iframe loading=\"lazy\" title=\"\u00bf On baixar\u00e0 m\u00e9s el preu de l&#039;habitatge el 2023?\" width=\"500\" height=\"281\" src=\"https:\/\/www.youtube.com\/embed\/asDEzurXzNY?feature=oembed\" frameborder=\"0\" allow=\"accelerometer; autoplay; clipboard-write; encrypted-media; gyroscope; picture-in-picture; web-share\" referrerpolicy=\"strict-origin-when-cross-origin\" allowfullscreen><\/iframe>\n<\/div><\/figure>\n\n\n\n<h5 class=\"wp-block-heading has-medium-font-size\"><a id=\"conclusi\u00f3n\"><\/a>Conclusions:<\/h5>\n\n\n\n<ul class=\"wp-block-list\">\n<li>Hi haur\u00e0 desacceleraci\u00f3 de les vendes en comparaci\u00f3 del 2022.<\/li>\n\n\n\n<li>Manca claredat sobre el que passar\u00e0 amb els preus aquest 2023.<\/li>\n\n\n\n<li>Hem de ser pacients i estar atents a les variables internes i externes del mercat que els puguin afectar.<\/li>\n<\/ul>\n\n\n\n<p>La nostra reflexi\u00f3 final: fixar el preu compleix un paper molt important, per aix\u00f2 comptar amb l&#039;assessorament expert d&#039;un agent immobiliari \u00e9s l&#039;opci\u00f3 m\u00e9s intel\u00b7ligent. \u00c9s el m\u00e9s segur, m\u00e9s lucratiu, m\u00e9s c\u00f2mode i menys estressant.<\/p>\n\n\n\n<p>Si est\u00e0s pensant en vendre casa teva, nom\u00e9s has de fer UNA cosa: emplenar <a href=\"https:\/\/www.monapart.com\/magazine\/ca\/servicios\/vender\/\">aquest formulari<\/a> perqu\u00e8 de TOT la resta, ens encarreguem nosaltres. F\u00e0cil, no?<\/p>","protected":false},"excerpt":{"rendered":"<p>Quan val casa teva? Coneixes el preu real de mercat? Et mostrem els factors m\u00e9s importants que cal tenir en compte per evitar ensurts.<\/p>","protected":false},"author":3,"featured_media":1344,"comment_status":"closed","ping_status":"closed","sticky":false,"template":"","format":"standard","meta":{"_acf_changed":false,"footnotes":""},"categories":[3268],"tags":[3277,2938],"class_list":["post-1343","post","type-post","status-publish","format-standard","has-post-thumbnail","hentry","category-consejo-inmobiliario","tag-valoracion","tag-compraventa"],"acf":[],"_links":{"self":[{"href":"https:\/\/www.monapart.com\/magazine\/ca\/wp-json\/wp\/v2\/posts\/1343","targetHints":{"allow":["GET"]}}],"collection":[{"href":"https:\/\/www.monapart.com\/magazine\/ca\/wp-json\/wp\/v2\/posts"}],"about":[{"href":"https:\/\/www.monapart.com\/magazine\/ca\/wp-json\/wp\/v2\/types\/post"}],"author":[{"embeddable":true,"href":"https:\/\/www.monapart.com\/magazine\/ca\/wp-json\/wp\/v2\/users\/3"}],"replies":[{"embeddable":true,"href":"https:\/\/www.monapart.com\/magazine\/ca\/wp-json\/wp\/v2\/comments?post=1343"}],"version-history":[{"count":3,"href":"https:\/\/www.monapart.com\/magazine\/ca\/wp-json\/wp\/v2\/posts\/1343\/revisions"}],"predecessor-version":[{"id":17226,"href":"https:\/\/www.monapart.com\/magazine\/ca\/wp-json\/wp\/v2\/posts\/1343\/revisions\/17226"}],"wp:featuredmedia":[{"embeddable":true,"href":"https:\/\/www.monapart.com\/magazine\/ca\/wp-json\/wp\/v2\/media\/1344"}],"wp:attachment":[{"href":"https:\/\/www.monapart.com\/magazine\/ca\/wp-json\/wp\/v2\/media?parent=1343"}],"wp:term":[{"taxonomy":"category","embeddable":true,"href":"https:\/\/www.monapart.com\/magazine\/ca\/wp-json\/wp\/v2\/categories?post=1343"},{"taxonomy":"post_tag","embeddable":true,"href":"https:\/\/www.monapart.com\/magazine\/ca\/wp-json\/wp\/v2\/tags?post=1343"}],"curies":[{"name":"wp","href":"https:\/\/api.w.org\/{rel}","templated":true}]}}