{"id":1329,"date":"2023-04-05T14:04:21","date_gmt":"2023-04-05T12:04:21","guid":{"rendered":"https:\/\/www.monapart.com\/magazine\/?p=1329"},"modified":"2025-03-25T12:30:31","modified_gmt":"2025-03-25T11:30:31","slug":"tecniques-perque-no-se-toblidi-res","status":"publish","type":"post","link":"https:\/\/www.monapart.com\/magazine\/ca\/gente-real\/tecnicas-para-que-no-se-te-olvide-nada","title":{"rendered":"T\u00e8cniques perqu\u00e8 no se t&#039;oblidi res"},"content":{"rendered":"<h1 class=\"wp-block-heading\">T\u00e8cniques perqu\u00e8 no se t&#039;oblidi res<\/h1>\n\n\n\n<h2 class=\"wp-block-heading\">LA TRILOGIA DE L&#039;ACOMIADAMENT (I)<\/h2>\n\n\n<div class='post-info'>5 d&#039;abril del 2023 per <a href='https:\/\/www.monapart.com\/magazine\/ca\/autor\/eduard-sole'>Eduard Sol\u00e9<\/a><\/div>\n\n\n\n<p>Tots ens hem despistat alguna vegada. Despistar-se \u00e9s tan hum\u00e0 com equivocar-se. Per\u00f2 no per \u00e9sser hum\u00e0 ens ho podem permetre, especialment en l&#039;\u00e0mbit professional.\u00a0<\/p>\n\n\n\n<p>Casos que he vist, sentit i\/o patit:<\/p>\n\n\n\n<ul class=\"wp-block-list\">\n<li>Oblidar-se de demanar al client un document rellevant per a una operaci\u00f3.<\/li>\n\n\n\n<li>Oblidar-se de comprovar les c\u00e0rregues registrals (i que la venda et caigui per aix\u00f2 quan ja tenies una oferta).<\/li>\n\n\n\n<li>Oblideu-vos d&#039;enviar la factura (i cobrar) en tancar una operaci\u00f3!<\/li>\n\n\n\n<li>Oblidar-se de coses molt m\u00e9s ximples, com per exemple, enviar-li a un client un pl\u00e0nol que et va demanar durant la visita (i que t&#039;ho hagin de recordar).<\/li>\n<\/ul>\n\n\n\n<p>Aix\u00ed que deixarem la poesia de la badada per als savis. Per als agents immobiliaris he creat &#039;La trilogia de la badada&#039;, una s\u00e8rie de 3 articles:&nbsp;<\/p>\n\n\n\n<ol class=\"wp-block-list\">\n<li>Com evitar la distracci\u00f3 en temes puntuals (el que est\u00e0s llegint).<\/li>\n\n\n\n<li>Com evitar les badades en processos complexos (aviat a les pantalles).<\/li>\n\n\n\n<li>Com protegir-se de les badades dels altres (dins un parell de setmanes).<\/li>\n<\/ol>\n\n\n\n<h5 class=\"wp-block-heading has-medium-font-size\">EL M\u00c8TODE EDU-ARD<\/h5>\n\n\n\n<p><strong>Primer pas (EDU)<\/strong>: Fes-me cas! Ho he provat tot perqu\u00e8 s\u00f3c un paio for\u00e7a despistat. Justament per aix\u00f2 m&#039;he hagut de dotar d&#039;un m\u00e8tode. Des que el faig servir, ni els meus clients ni les meves companyes de feina m&#039;ho noten.<\/p>\n\n\n\n<figure class=\"wp-block-image\"><img loading=\"lazy\" decoding=\"async\" width=\"600\" height=\"400\" src=\"https:\/\/www.monapart.com\/magazine\/wp-content\/uploads\/2023\/04\/como_recordarlo_todo_con_el_metodo_eduard_2.png\" alt=\"T\u00e8cniques perqu\u00e8 no se t&#039;oblidi res | Monapart \" class=\"wp-image-1330\" title=\"como_recordar-ho_tot_amb_el_metodo_eduard_2\" srcset=\"https:\/\/www.monapart.com\/magazine\/wp-content\/uploads\/2023\/04\/como_recordarlo_todo_con_el_metodo_eduard_2.png 600w, https:\/\/www.monapart.com\/magazine\/wp-content\/uploads\/2023\/04\/como_recordarlo_todo_con_el_metodo_eduard_2-300x200.png 300w\" sizes=\"auto, (max-width: 600px) 100vw, 600px\" \/><\/figure>\n\n\n\n<p>Enquesta realitzada a uns quants companys de l&#039;empresa mentre escrivia aquest article. Mira que s\u00f3n #buenagent!<\/p>\n\n\n\n<p><strong>Segon pas (A):<\/strong> Apunta&#039;l. Tot. Sempre. Apunta-ho en el moment en qu\u00e8 et compromets, en el moment en qu\u00e8 t&#039;ho demanen, en el moment en qu\u00e8 se t&#039;acudeix, \u2026 Quan et sorgeixi una tasca, apunta-la.&nbsp;<\/p>\n\n\n\n<p>D&#039;acord, i on? Al bonus track de l&#039;article t&#039;explicar\u00e9 com ho faig jo, per\u00f2 l&#039;\u201con\u201d apuntar-ho \u00e9s poc rellevant, sempre que sigui un suport que portis sempre amb tu:&nbsp;<\/p>\n\n\n\n<ul class=\"wp-block-list\">\n<li>Fes-ho en una agenda de paper, a l&#039;iHand o en una app del m\u00f2bil.\u00a0<\/li>\n\n\n\n<li>Fes-ho sempre de la mateixa manera.\u00a0<\/li>\n\n\n\n<li>No val apuntar a llocs diferents, per m\u00e9s que en aquell moment et pugui semblar que ja et serveix.\u00a0<\/li>\n<\/ul>\n\n\n\n<p>El m\u00e8tode no funcionar\u00e0 si no ets met\u00f2dic des del primer pas. Per aix\u00f2 es diu m\u00e8tode i no fl\u00e8xtode. En aquest tema, la flexibilitat no \u00e9s un valor, sin\u00f3 un error.<\/p>\n\n\n\n<figure class=\"wp-block-image\"><img loading=\"lazy\" decoding=\"async\" width=\"600\" height=\"400\" src=\"https:\/\/www.monapart.com\/magazine\/wp-content\/uploads\/2023\/04\/como_recordarlo_todo_con_el_metodo_eduard_1.png\" alt=\"T\u00e8cniques perqu\u00e8 no se t&#039;oblidi res | Monapart \" class=\"wp-image-1331\" title=\"como_recordar-ho_tot_amb_el_metodo_eduard_1\" srcset=\"https:\/\/www.monapart.com\/magazine\/wp-content\/uploads\/2023\/04\/como_recordarlo_todo_con_el_metodo_eduard_1.png 600w, https:\/\/www.monapart.com\/magazine\/wp-content\/uploads\/2023\/04\/como_recordarlo_todo_con_el_metodo_eduard_1-300x200.png 300w\" sizes=\"auto, (max-width: 600px) 100vw, 600px\" \/><\/figure>\n\n\n\n<p>iHand. No comments.<\/p>\n\n\n\n<p><strong>Tercer pas (R)<\/strong>: Crea una Rutina senzilla.&nbsp;<\/p>\n\n\n\n<p>Una rutina \u00e9s una tasca que fas de forma peri\u00f2dica, en aquest cas cada dia feiner. Reserva una part de la teva agenda di\u00e0ria per a la realitzaci\u00f3 de les tasques que has apuntat durant les 24 hores anteriors. Recomanacions:<\/p>\n\n\n\n<ul class=\"wp-block-list\">\n<li>Tria una franja de temps on puguis estar al teu lloc de treball. No val fer-ho des del bar mentre esmorzes.<\/li>\n\n\n\n<li>Fixa-la al teu calendari. Si pot ser, sempre a la mateixa hora. Si treballeu amb agenda de paper, heu de generar l&#039;h\u00e0bit d&#039;assignar-la cada dia. Si treballes amb un calendari digital, crea una cita recurrent (di\u00e0ria els dies laborables) que s&#039;anomeni, per exemple, \u201cTasques curtes\u201d. La podr\u00e0s anar movent cada dia en funci\u00f3 dels altres temes que hagis d&#039;atendre, per\u00f2 respecta-la com respectaries una cita amb un client.<\/li>\n\n\n\n<li>Assigneu-li una durada raonable i que sigui sempre la mateixa. Si un dia acabes abans amb les teves tasques, ser\u00e0 un temps que guanyat per prendre un tallat. Per\u00f2 no et quedis cortx.<\/li>\n<\/ul>\n\n\n\n<figure class=\"wp-block-image\"><img loading=\"lazy\" decoding=\"async\" width=\"600\" height=\"400\" src=\"https:\/\/www.monapart.com\/magazine\/wp-content\/uploads\/2023\/04\/como_recordarlo_todo_con_el_metodo_eduard_3.png\" alt=\"T\u00e8cniques perqu\u00e8 no se t&#039;oblidi res | Monapart \" class=\"wp-image-1332\" title=\"como_recordar-ho_tot_amb_el_metodo_eduard_3\" srcset=\"https:\/\/www.monapart.com\/magazine\/wp-content\/uploads\/2023\/04\/como_recordarlo_todo_con_el_metodo_eduard_3.png 600w, https:\/\/www.monapart.com\/magazine\/wp-content\/uploads\/2023\/04\/como_recordarlo_todo_con_el_metodo_eduard_3-300x200.png 300w\" sizes=\"auto, (max-width: 600px) 100vw, 600px\" \/><\/figure>\n\n\n\n<p>Exemple de l&#039;agenda d&#039;un mat\u00ed qualsevol, amb franges reservades per a activitats diferents, entre les quals hi ha les Tasques Cortes.<\/p>\n\n\n\n<p><strong>Quart pas (D)<\/strong>: Compleix amb la rutina cada Dia.<\/p>\n\n\n\n<p>No facis trampes al solitari. S&#039;ha acabat l&#039;anarquia. Ara ja tens una franja de la teva jornada dedicada a les petites tasques i totes les tens apuntades en un sol lloc. No hi ha p\u00e8rdua possible. Tens l&#039;h\u00e0bit d&#039;apuntar-les i el moment assignat per fer-les. Tens el m\u00e8tode EDU-ARD (Apuntar + Rutina + Di\u00e0ria).<\/p>\n\n\n\n<p>Els teus clients ho notaran. Failure \u00e9s not an option.<\/p>\n\n\n\n<p>El vostre nivell d&#039;estr\u00e8s baixar\u00e0. Ommmm.<\/p>\n\n\n\n<p>Haur\u00e0s fet un pas m\u00e9s cap a la presa de Ctrl del teu temps. Explica&#039;m, <strong>quin \u00e9s el teu m\u00e8tode?<\/strong><\/p>\n\n\n\n<h5 class=\"wp-block-heading has-medium-font-size\"><strong>Bonus track: Ctrl + C (copiar d&#039;Edu):<\/strong><\/h5>\n\n\n\n<ol class=\"wp-block-list\">\n<li>Cada vegada que em sorgeix una tasca em mano un correu electr\u00f2nic a mi mateix. Recorda que estic parlant de petites gestions, tipus \u201cEnviar el pl\u00e0nol a Pepita\u201d o \u201cInscriure&#039;m al curs de captaci\u00f3 del CEO de Monapart\u201d. No utilitzo llibretes de paper, ni aplicacions de tasques (tipus Tasks). El m\u00f2bil el porto sempre a sobre i tinc l&#039;aplicaci\u00f3 de Gmail (a Monapart utilitzem Google Workspace) molt a m\u00e0, de manera que em resulta f\u00e0cil enviar-me un correu electr\u00f2nic amb la tasca a l&#039;assumpte.<\/li>\n\n\n\n<li>Al meu calendari tinc bloquejada una franja de 50 minuts diaris per a la realitzaci\u00f3 de tasques curtes (jo les anomeno gestions) i el buidatge de la meva safata d&#039;entrada (d&#039;aquest tema ja en parlar\u00e9 en un altre article). Durant aquests 50 minuts nom\u00e9s ho faig aix\u00f2. Ho faig amb tant focus que ni respiro. En diuen digital snorkeling i \u00e9s for\u00e7a perill\u00f3s.\u00a0<\/li>\n\n\n\n<li>Si crec que una tasca em prendr\u00e0 m\u00e9s de 10 minuts o se&#039;m complica durant l&#039;execuci\u00f3, la reservo per al final o us assigno una nova franja amb el temps necessari per al mateix dia o l&#039;endem\u00e0.<\/li>\n\n\n\n<li>Si en aquests 50 minuts no tinc temps de fer-ho tot, posposo aquells emails i autoemails per a un altre moment. No em permeto mai posposar m\u00e9s de 2 vegades una tasca. Si aix\u00f2 passa, concloc que no \u00e9s una tasca important i, per tant, l&#039;elimino i n&#039;assumeixo les conseq\u00fc\u00e8ncies.<\/li>\n<\/ol>","protected":false},"excerpt":{"rendered":"<p>T\u00e9cnicas para que no se te olvide nada LA TRILOG\u00cdA DEL DESPISTE (I) Todos nos hemos despistado alguna vez. Despistarse es tan humano como equivocarse. Pero no por ser humano nos lo podemos permitir, especialmente en el \u00e1mbito profesional.\u00a0 Casos que he visto, o\u00eddo y\/o sufrido: As\u00ed que dejaremos la poes\u00eda del despiste para los [&hellip;]<\/p>\n","protected":false},"author":13,"featured_media":1333,"comment_status":"closed","ping_status":"closed","sticky":false,"template":"","format":"standard","meta":{"_acf_changed":true,"footnotes":""},"categories":[2849,2850],"tags":[2876],"class_list":["post-1329","post","type-post","status-publish","format-standard","has-post-thumbnail","hentry","category-gente-real","category-formacion-inmobiliaria","tag-productividad"],"acf":[],"_links":{"self":[{"href":"https:\/\/www.monapart.com\/magazine\/ca\/wp-json\/wp\/v2\/posts\/1329","targetHints":{"allow":["GET"]}}],"collection":[{"href":"https:\/\/www.monapart.com\/magazine\/ca\/wp-json\/wp\/v2\/posts"}],"about":[{"href":"https:\/\/www.monapart.com\/magazine\/ca\/wp-json\/wp\/v2\/types\/post"}],"author":[{"embeddable":true,"href":"https:\/\/www.monapart.com\/magazine\/ca\/wp-json\/wp\/v2\/users\/13"}],"replies":[{"embeddable":true,"href":"https:\/\/www.monapart.com\/magazine\/ca\/wp-json\/wp\/v2\/comments?post=1329"}],"version-history":[{"count":0,"href":"https:\/\/www.monapart.com\/magazine\/ca\/wp-json\/wp\/v2\/posts\/1329\/revisions"}],"wp:featuredmedia":[{"embeddable":true,"href":"https:\/\/www.monapart.com\/magazine\/ca\/wp-json\/wp\/v2\/media\/1333"}],"wp:attachment":[{"href":"https:\/\/www.monapart.com\/magazine\/ca\/wp-json\/wp\/v2\/media?parent=1329"}],"wp:term":[{"taxonomy":"category","embeddable":true,"href":"https:\/\/www.monapart.com\/magazine\/ca\/wp-json\/wp\/v2\/categories?post=1329"},{"taxonomy":"post_tag","embeddable":true,"href":"https:\/\/www.monapart.com\/magazine\/ca\/wp-json\/wp\/v2\/tags?post=1329"}],"curies":[{"name":"wp","href":"https:\/\/api.w.org\/{rel}","templated":true}]}}