{"id":1316,"date":"2023-02-15T16:21:09","date_gmt":"2023-02-15T15:21:09","guid":{"rendered":"https:\/\/www.monapart.com\/magazine\/?p=1316"},"modified":"2025-09-30T17:25:04","modified_gmt":"2025-09-30T15:25:04","slug":"com-transformar-un-pis-al-raval-gracies-a-lhome-staging","status":"publish","type":"post","link":"https:\/\/www.monapart.com\/magazine\/ca\/hogar\/como-transformar-un-piso-en-el-raval-gracias-al-home-staging","title":{"rendered":"Com transformar un pis al Raval gr\u00e0cies a l&#039;home staging"},"content":{"rendered":"<h1 class=\"wp-block-heading\">Com transformar un pis al Raval gr\u00e0cies a l&#039;home staging<\/h1>\n\n\n\n<h2 class=\"wp-block-heading\">Expliquem el canvi que li van fer des de GM Home Staging a aquest piset del Raval. Un rentat de cara amb gust i delicadesa que va enamorar els potencials clients.<\/h2>\n\n\n<div class='post-info'>15 de febrer de 2023 per <a href='https:\/\/www.monapart.com\/magazine\/ca\/autor\/monapart'>Monapart<\/a><\/div>\n\n\n\n<p>Ja sigui una <a href=\"https:\/\/www.monapart.com\/magazine\/ca\/viviendas-barcelona-compra\/\" target=\"_blank\" rel=\"noreferrer noopener\">habitatge de compra<\/a>&nbsp;o una <a href=\"https:\/\/www.monapart.com\/magazine\/ca\/viviendas-barcelona-alquiler\/\" target=\"_blank\" rel=\"noreferrer noopener\">habitatge de lloguer<\/a> \u00e9s possible que necessiteu un <em>push<\/em> perqu\u00e8 els seus potencials llogaters o compradors se n&#039;enamorin. I aquest <em>push<\/em> \u00e9s el que aconsegueixen donar des de&nbsp;<a href=\"https:\/\/www.instagram.com\/gmhomestaging\/\" target=\"_blank\" rel=\"noreferrer noopener\">GM Home Staging<\/a>. Com <a href=\"\/magazine\/ca\/node\/1226\/\">home stagers<\/a>, preparen els habitatges perqu\u00e8 possibles compradors i llogaters trobin aquesta llar que busquen.<\/p>\n\n\n\n<p>Avui, Anna de GM Home Staging ens explica la feina que han realitzat en un piset del Raval gr\u00e0cies a <strong><a href=\"\/magazine\/ca\/node\/4327\/\">Llu\u00eds Sabino<\/a>, agent immobiliari associat a&nbsp;<a href=\"https:\/\/www.monapart.com\/magazine\/ca\/\" target=\"_blank\" rel=\"noreferrer noopener\">Monapart<\/a><\/strong> que porta molts anys al sector i que sap molt b\u00e9 com connectar amb la gent i ensenyar-los el tipus de pis o casa que busquen. El van con\u00e8ixer gr\u00e0cies a un amic com\u00fa i estan encantats de treballar-hi.<\/p>\n\n\n\n<p>I qu\u00e8 hi ha d&#039;aquest piset al Raval? Despr\u00e9s que el Llu\u00eds els ho ensenyara i els expliqu\u00e9s quin tipus de fam\u00edlia sol viure all\u00e0 i quin seria el pressupost, van presentar la seva proposta de Home Staging perqu\u00e8 quan mostr\u00e9s el pis al futur client aquest pens\u00e9s poc despr\u00e9s d&#039;entrar que aquesta pot ser la seva futura casa, no nom\u00e9s que el vegi, sin\u00f3 que tamb\u00e9 ho senti i es visualitzi realitzant les seves rutines i el seu dia a dia en aquest espai\u2026<\/p>\n\n\n\n<p>Ahhh, important! abans de comen\u00e7ar van intentar sempre que l&#039;habitatge sigui un llen\u00e7 en blanc, per aix\u00f2 demanen que estigui lliure de trastos i sempre neta, d&#039;aquesta manera \u00e9s molt m\u00e9s f\u00e0cil projectar all\u00f2 que tenen al cap.<\/p>\n\n\n\n<p>Aix\u00ed doncs, agafa el teu abric, que marxem Al Raval!<\/p>\n\n\n\n<h5 class=\"wp-block-heading has-medium-font-size\">EL PROC\u00c9S D&#039;HOME STAGING<\/h5>\n\n\n\n<p>En tractar-se d&#039;un pis petit van voler potenciar-ne la llum utilitzant una base neutra i col\u00b7locant els mobles justos per a cada espai, d&#039;aquesta manera van aconseguir ampliar-los i fer-los m\u00e9s agradables. <strong>Cal potenciar al m\u00e0xim els espais per molt petits que siguin<\/strong>.<\/p>\n\n\n\n<p>El mobiliari del menjador i habitacions va ser una<strong> combinaci\u00f3 de moble real i moble ef\u00edmer<\/strong>, com el sofa de cartr\u00f3 i els llits que van vestir amb fundes i edredons neutres i van donar el toc de color amb els coixins, mantes i plaids. Tamb\u00e9 hi van afegir catifes i algunes plantes i flors per donar m\u00e9s calidesa a l&#039;espai.<\/p>\n\n\n\n<figure class=\"wp-block-image\"><img loading=\"lazy\" decoding=\"async\" width=\"600\" height=\"400\" src=\"https:\/\/www.monapart.com\/magazine\/wp-content\/uploads\/2023\/02\/home_staging_el_raval_5.png\" alt=\"Com transformar un pis al raval gr\u00e0cies a l&#039;home staging | Monapart \" class=\"wp-image-1317\" title=\"home_staging_el_raval_5\" srcset=\"https:\/\/www.monapart.com\/magazine\/wp-content\/uploads\/2023\/02\/home_staging_el_raval_5.png 600w, https:\/\/www.monapart.com\/magazine\/wp-content\/uploads\/2023\/02\/home_staging_el_raval_5-300x200.png 300w\" sizes=\"auto, (max-width: 600px) 100vw, 600px\" \/><\/figure>\n\n\n\n<p><em>Sal\u00f3 abans-despr\u00e9s<\/em><\/p>\n\n\n\n<figure class=\"wp-block-image\"><img loading=\"lazy\" decoding=\"async\" width=\"600\" height=\"400\" src=\"https:\/\/www.monapart.com\/magazine\/wp-content\/uploads\/2023\/02\/home_staging_el_raval_4.png\" alt=\"Com transformar un pis al raval gr\u00e0cies a l&#039;home staging | Monapart \" class=\"wp-image-1318\" title=\"home_staging_el_raval_4\" srcset=\"https:\/\/www.monapart.com\/magazine\/wp-content\/uploads\/2023\/02\/home_staging_el_raval_4.png 600w, https:\/\/www.monapart.com\/magazine\/wp-content\/uploads\/2023\/02\/home_staging_el_raval_4-300x200.png 300w\" sizes=\"auto, (max-width: 600px) 100vw, 600px\" \/><\/figure>\n\n\n\n<p><em>Habitaci\u00f3 doble abans-despr\u00e9s<\/em><\/p>\n\n\n\n<figure class=\"wp-block-image\"><img loading=\"lazy\" decoding=\"async\" width=\"600\" height=\"400\" src=\"https:\/\/www.monapart.com\/magazine\/wp-content\/uploads\/2023\/02\/home_staging_el_raval_3.png\" alt=\"Com transformar un pis al raval gr\u00e0cies a l&#039;home staging | Monapart \" class=\"wp-image-1319\" title=\"home_staging_el_raval_3\" srcset=\"https:\/\/www.monapart.com\/magazine\/wp-content\/uploads\/2023\/02\/home_staging_el_raval_3.png 600w, https:\/\/www.monapart.com\/magazine\/wp-content\/uploads\/2023\/02\/home_staging_el_raval_3-300x200.png 300w\" sizes=\"auto, (max-width: 600px) 100vw, 600px\" \/><\/figure>\n\n\n\n<p><em>Habitaci\u00f3 individual abans-despr\u00e9s<\/em><\/p>\n\n\n\n<p>Per a la cuina i els banys, en aquest cas reformats fa un parell d&#039;anys, van optar per afegir petits accessoris com saboneres i tovalloles toves als banys i draps, fustes de tallar i llibre de receptes per a la cuina. <strong>Van crear un ambient c\u00e0lid i acollidor<\/strong>.<\/p>\n\n\n\n<figure class=\"wp-block-image\"><img loading=\"lazy\" decoding=\"async\" width=\"600\" height=\"400\" src=\"https:\/\/www.monapart.com\/magazine\/wp-content\/uploads\/2023\/02\/home_staging_el_raval_2.png\" alt=\"Com transformar un pis al raval gr\u00e0cies a l&#039;home staging | Monapart \" class=\"wp-image-1320\" title=\"home_staging_el_raval_2\" srcset=\"https:\/\/www.monapart.com\/magazine\/wp-content\/uploads\/2023\/02\/home_staging_el_raval_2.png 600w, https:\/\/www.monapart.com\/magazine\/wp-content\/uploads\/2023\/02\/home_staging_el_raval_2-300x200.png 300w\" sizes=\"auto, (max-width: 600px) 100vw, 600px\" \/><\/figure>\n\n\n\n<p><em>Cuina abans-despr\u00e9s<\/em><\/p>\n\n\n\n<figure class=\"wp-block-image\"><img loading=\"lazy\" decoding=\"async\" width=\"600\" height=\"400\" src=\"https:\/\/www.monapart.com\/magazine\/wp-content\/uploads\/2023\/02\/home_staging_el_raval.png\" alt=\"Com transformar un pis al raval gr\u00e0cies a l&#039;home staging | Monapart \" class=\"wp-image-1321\" title=\"home_staging_el_raval\" srcset=\"https:\/\/www.monapart.com\/magazine\/wp-content\/uploads\/2023\/02\/home_staging_el_raval.png 600w, https:\/\/www.monapart.com\/magazine\/wp-content\/uploads\/2023\/02\/home_staging_el_raval-300x200.png 300w\" sizes=\"auto, (max-width: 600px) 100vw, 600px\" \/><\/figure>\n\n\n\n<p><em>Bany abans-despr\u00e9s<\/em><\/p>\n\n\n\n<p>I, encara que resumit, \u00e9s aix\u00ed com van canviar espais que poden semblar freds i petits en espais definits i c\u00e0lids, perqu\u00e8 com tots sabem, una imatge val m\u00e9s que mil paraules.<\/p>\n\n\n\n<p>Si est\u00e0s pensant en <a href=\"https:\/\/www.monapart.com\/magazine\/ca\/servicios\/vender\/\" target=\"_blank\" rel=\"noreferrer noopener\">posar a la venda<\/a> o <a href=\"https:\/\/www.monapart.com\/magazine\/ca\/servicios\/alquilar\/\" target=\"_blank\" rel=\"noreferrer noopener\">llogar<\/a> el teu habitatge, planteja&#039;t un bon home staging per enamorar a tothom que entri per la porta.<\/p>","protected":false},"excerpt":{"rendered":"<p>Expliquem el canvi que li van fer des de GM Home Staging a aquest piset del Raval. Un rentat de cara amb gust i delicadesa que va enamorar els potencials clients.<\/p>","protected":false},"author":3,"featured_media":1317,"comment_status":"closed","ping_status":"closed","sticky":false,"template":"","format":"standard","meta":{"_acf_changed":false,"footnotes":""},"categories":[2844,2846],"tags":[2893],"class_list":["post-1316","post","type-post","status-publish","format-standard","has-post-thumbnail","hentry","category-hogar","category-espacios-y-vida","tag-homestaging"],"acf":[],"_links":{"self":[{"href":"https:\/\/www.monapart.com\/magazine\/ca\/wp-json\/wp\/v2\/posts\/1316","targetHints":{"allow":["GET"]}}],"collection":[{"href":"https:\/\/www.monapart.com\/magazine\/ca\/wp-json\/wp\/v2\/posts"}],"about":[{"href":"https:\/\/www.monapart.com\/magazine\/ca\/wp-json\/wp\/v2\/types\/post"}],"author":[{"embeddable":true,"href":"https:\/\/www.monapart.com\/magazine\/ca\/wp-json\/wp\/v2\/users\/3"}],"replies":[{"embeddable":true,"href":"https:\/\/www.monapart.com\/magazine\/ca\/wp-json\/wp\/v2\/comments?post=1316"}],"version-history":[{"count":2,"href":"https:\/\/www.monapart.com\/magazine\/ca\/wp-json\/wp\/v2\/posts\/1316\/revisions"}],"predecessor-version":[{"id":19451,"href":"https:\/\/www.monapart.com\/magazine\/ca\/wp-json\/wp\/v2\/posts\/1316\/revisions\/19451"}],"wp:featuredmedia":[{"embeddable":true,"href":"https:\/\/www.monapart.com\/magazine\/ca\/wp-json\/wp\/v2\/media\/1317"}],"wp:attachment":[{"href":"https:\/\/www.monapart.com\/magazine\/ca\/wp-json\/wp\/v2\/media?parent=1316"}],"wp:term":[{"taxonomy":"category","embeddable":true,"href":"https:\/\/www.monapart.com\/magazine\/ca\/wp-json\/wp\/v2\/categories?post=1316"},{"taxonomy":"post_tag","embeddable":true,"href":"https:\/\/www.monapart.com\/magazine\/ca\/wp-json\/wp\/v2\/tags?post=1316"}],"curies":[{"name":"wp","href":"https:\/\/api.w.org\/{rel}","templated":true}]}}