{"id":1303,"date":"2023-02-28T13:33:32","date_gmt":"2023-02-28T12:33:32","guid":{"rendered":"https:\/\/www.monapart.com\/magazine\/?p=1303"},"modified":"2025-03-25T12:56:00","modified_gmt":"2025-03-25T11:56:00","slug":"lart-de-xiana","status":"publish","type":"post","link":"https:\/\/www.monapart.com\/magazine\/ca\/hogar\/el-arte-de-xiana","title":{"rendered":"L&#039;art de Xiana"},"content":{"rendered":"<h1 class=\"wp-block-heading\">L&#039;art de Xiana<\/h1>\n\n\n\n<h2 class=\"wp-block-heading\">Creaci\u00f3, art i passi\u00f3 a cada detall.<\/h2>\n\n\n<div class='post-info'>28 de febrer de 2023 per <a href='https:\/\/www.monapart.com\/magazine\/ca\/autor\/monapart'>Monapart<\/a><\/div>\n\n\n\n<figure class=\"wp-block-image\"><img loading=\"lazy\" decoding=\"async\" width=\"600\" height=\"400\" src=\"https:\/\/www.monapart.com\/magazine\/wp-content\/uploads\/2023\/02\/1_1.png\" alt=\"Entrevista Xiana Cobos | Monapart\" class=\"wp-image-1304\" title=\"Entrevista Xiana Cobos 0\" srcset=\"https:\/\/www.monapart.com\/magazine\/wp-content\/uploads\/2023\/02\/1_1.png 600w, https:\/\/www.monapart.com\/magazine\/wp-content\/uploads\/2023\/02\/1_1-300x200.png 300w\" sizes=\"auto, (max-width: 600px) 100vw, 600px\" \/><\/figure>\n\n\n\n<p>Fotografia: <a href=\"https:\/\/www.instagram.com\/ana__paes\/\" target=\"_blank\" rel=\"noreferrer noopener\">Ana Paes<\/a><\/p>\n\n\n\n<h3 class=\"wp-block-heading\">Xiana tenia clar que el seu cam\u00ed aniria lligat a all\u00f2 que les seves mans poguessin crear, i aix\u00ed, juntament amb el descobriment de l&#039;estampaci\u00f3 digital va donar llum a la seva preciosa marca, amb productes bells i delicats que expliquen la seva hist\u00f2ria i tot all\u00f2 viscut fins aquell moment.<\/h3>\n\n\n\n<h5 class=\"wp-block-heading has-medium-font-size\"><strong>1. Parla&#039;ns de tu i de la teva feina. On va n\u00e9ixer la teva vocaci\u00f3? Algun primer record?<\/strong><\/h5>\n\n\n\n<p>Doncs crec que d&#039;una manera for\u00e7a org\u00e0nica. Vaig comen\u00e7ar estudiant Hist\u00f2ria de l&#039;Art perqu\u00e8 sabia que per aquesta branca anava la cosa, per\u00f2 no tenia clar qu\u00e8 volia fer. En aquells anys de carrera, em vaig adonar que la meva feina era treballar amb les mans, el dibuix i\/o fer alguna cosa aplicada. Per aix\u00f2 vaig decidir estudiar Disseny de Moda. De seguida vaig comen\u00e7ar a treballar per a la Ind\u00fastria i va ser all\u00e0 on vaig descobrir l&#039;apassionant m\u00f3n de l&#039;estampaci\u00f3\u2026 primer digital, on vaig treballar molts anys, despr\u00e9s del disseny de peces de roba i, m\u00e9s endavant, amb la meva pr\u00f2pia marca on em vaig obrir m\u00e9s a l&#039;art t\u00e8xtil en general i altres camps com l&#039;estampaci\u00f3 manual, el brodat, etc\u2026<\/p>\n\n\n\n<p>A casa sempre hi va haver molt de disseny, molta inquietud per l&#039;art i la creaci\u00f3. Recordo tota la meva infantesa, fins als onze anys que \u00e9s quan ens mudem, amb una casa en proc\u00e9s de construcci\u00f3. La nostra casa es va anar fent progressivament, invertint el que podien els meus pares a cada moment i cada fase era tota una aventura. Recordo que el pare va fer una maqueta en miniatura de la casa. Ell va contribuir, encara que no era arquitecte, a idear-la basant-se en les idees de l&#039;arquitectura org\u00e0nica de Frank Lloyd Wright i altres refer\u00e8ncies dins de l&#039;arquitectura autosuficient. A la meva mare li agradava molt la decoraci\u00f3, els teixits\u2026 i sempre hi havia per casa retalls aix\u00ed que vaig cr\u00e9ixer fent els vestits als meus canells amb les retallades, i aix\u00f2 que no ten\u00edem m\u00e0quina, sempre cosia a m\u00e0\u2026 una bogeria! Suposo que tot aix\u00f2 va ser el germen del que m\u00e9s endavant seria la meva passi\u00f3.<\/p>\n\n\n\n<h5 class=\"wp-block-heading has-medium-font-size\"><strong>2. Qu\u00e8 \u00e9s el que m\u00e9s et satisf\u00e0 de la teva feina? Alg\u00fa del que et sentis especialment orgull\u00f3s?<\/strong><\/h5>\n\n\n\n<p>Sempre em costa molt quedar-me amb una cosa sola\u2026 per\u00f2 el proc\u00e9s en si mateix. Les restes o les empremtes que va deixant el proc\u00e9s de creaci\u00f3 d&#039;un disseny cada cop em fascinen m\u00e9s, fins i tot m\u00e9s que el resultat ja acabat. Tamb\u00e9 m&#039;encanta el moment de la sessi\u00f3 de fotos, on tot cobra sentit i s&#039;exposa en conjunt la feina de molts mesos. Les peces es relacionen vaig entrar s\u00ed en un lloc, amb unes persones\u2026I quant a una pe\u00e7a, col\u00b7lecci\u00f3 o una mica m\u00e9s tangible estic s\u00faper orgullosa del <a href=\"https:\/\/www.xianacobo.com\/producto\/panuelo-sol\/\" target=\"_blank\" rel=\"noreferrer noopener\">mocador SOL<\/a>, que forma part de la col\u00b7lecci\u00f3 Eclipse. \u00c9s un disseny molt senzill per\u00f2 que funciona molt b\u00e9. Un exemple clar que menys \u00e9s m\u00e9s. El vam treure al mig de la pand\u00e8mia i realment vam donar al clau, va ser donar llum en aquells dies rars i incerts. Ens quedem sense estoc s\u00faper r\u00e0pid\u2026<\/p>\n\n\n\n<figure class=\"wp-block-image\"><img loading=\"lazy\" decoding=\"async\" width=\"600\" height=\"400\" src=\"https:\/\/www.monapart.com\/magazine\/wp-content\/uploads\/2023\/02\/2_1.png\" alt=\"Entrevista Xiana Cobos | Monapart\" class=\"wp-image-1305\" title=\"Entrevista Xiana Cobos 1\" srcset=\"https:\/\/www.monapart.com\/magazine\/wp-content\/uploads\/2023\/02\/2_1.png 600w, https:\/\/www.monapart.com\/magazine\/wp-content\/uploads\/2023\/02\/2_1-300x200.png 300w\" sizes=\"auto, (max-width: 600px) 100vw, 600px\" \/><\/figure>\n\n\n\n<p>Fotografia: Ana Paes<\/p>\n\n\n\n<h5 class=\"wp-block-heading has-medium-font-size\"><strong>3. Com \u00e9s el teu proc\u00e9s creatiu? Quines s\u00f3n les fonts d&#039;inspiraci\u00f3? Alguna m\u00fasica especialment mentre treballes?<\/strong><\/h5>\n\n\n\n<p>L&#039;inici d&#039;una col\u00b7lecci\u00f3 poden ser moltes coses\u2026 per\u00f2 normalment sempre responen a all\u00f2 que he viscut en aquella \u00e8poca, les exposicions que vaig veure, els llibres que vaig llegir, pel\u00b7l\u00edcules, les experi\u00e8ncies\u2026 Al final, suposo que es tracta d&#039;anar unint coses que et van calant i es van relacionant entre si\u2026 No s\u00e9 com passa per\u00f2 al final tot cobra sentit, o potser aix\u00f2 \u00e9s el que \u00e9s.<\/p>\n\n\n\n<figure class=\"wp-block-image\"><img loading=\"lazy\" decoding=\"async\" width=\"600\" height=\"400\" src=\"https:\/\/www.monapart.com\/magazine\/wp-content\/uploads\/2023\/02\/3.png\" alt=\"Entrevista Xiana Cobos | Monapart\" class=\"wp-image-1306\" title=\"Entrevista Xiana Cobos 2\" srcset=\"https:\/\/www.monapart.com\/magazine\/wp-content\/uploads\/2023\/02\/3.png 600w, https:\/\/www.monapart.com\/magazine\/wp-content\/uploads\/2023\/02\/3-300x200.png 300w\" sizes=\"auto, (max-width: 600px) 100vw, 600px\" \/><\/figure>\n\n\n\n<p>Fotografia: Ana Paes<\/p>\n\n\n\n<p>Passo moltes \u00e8poques que treballo en silenci o nom\u00e9s poso podcasts\u2026 per\u00f2 darrerament estic en fase musical per treballar i estic escoltat molt Andrew Bird, Leonie Evans, Wilco, Jo la tinc\u2026<\/p>\n\n\n\n<h5 class=\"wp-block-heading has-medium-font-size\"><strong>4. Color, llibre, pel\u00b7li i disc favorits. Per aquest ordre! ;D<\/strong><\/h5>\n\n\n\n<p>El vermell.<\/p>\n\n\n\n<p><em>El teixit de la civilitzaci\u00f3<\/em>&nbsp;de Virginia Postrel.<\/p>\n\n\n\n<p><em>Harold i Maud<\/em> (1971) d&#039;Hal Ashby.<\/p>\n\n\n\n<p><em>Houses of the Holly<\/em> de Led Zeppelin.<\/p>\n\n\n\n<figure class=\"wp-block-embed is-type-rich is-provider-spotify wp-block-embed-spotify wp-embed-aspect-21-9 wp-has-aspect-ratio\"><div class=\"wp-block-embed__wrapper\">\n<iframe title=\"Spotify Embed: Houses of the Holy (Remaster)\" style=\"border-radius: 12px\" width=\"100%\" height=\"352\" frameborder=\"0\" allowfullscreen allow=\"autoplay; clipboard-write; encrypted-media; fullscreen; picture-in-picture\" loading=\"lazy\" src=\"https:\/\/open.spotify.com\/embed\/album\/0GqpoHJREPp0iuXK3HzrHk?si=bNupWhO5Q3CJy_3ZZKo-fA&#038;utm_source=oembed\"><\/iframe>\n<\/div><\/figure>\n\n\n\n<p>Per\u00f2 \u00e9s el que se m&#039;ha vingut ara, si em preguntes dem\u00e0 potser et responc una altra cosa (haja)<\/p>\n\n\n\n<h5 class=\"wp-block-heading has-medium-font-size\"><strong>5. \u00c9s casa teva reflex de qui ets? Explica&#039;ns a qu\u00e8 fa olor, el teu rac\u00f3 favorit, el teu objecte decoratiu o moble fetitxe, siatores alguna col\u00b7lecci\u00f3\u2026 I si tens mascota, presenta&#039;ns-la!<\/strong><\/h5>\n\n\n\n<p>Doncs que estrany! No s\u00e9 a qu\u00e8 fa olor casa meva\u2026 per\u00f2 una amiga de la meva filla sempre diu que fa olor genial. No s\u00f3c d&#039;ambientar amb res, de vegades alguna espelma. S\u00f3c molt mani\u00e0tica amb les olors fortes, no suporto els ambientadors ni els perfums molt florals\u2026 M&#039;inclino pel m\u00e9s natural: ventilar b\u00e9. A Santiago hi ha molta humitat aix\u00ed que \u00e9s b\u00e0sic. Fa poc que vaig comen\u00e7ar a fer servir a la roba el sab\u00f3 de Marsella aix\u00ed que deixa poc o gens d&#039;olor. Aix\u00f2 s\u00ed, al mat\u00ed a caf\u00e8 i algunes tardes a galetes acabades de coure o pa de pessic, a la meva filla li encanta la cuina\u2026<\/p>\n\n\n\n<p>Tinc especial afecte a una taula de castanyer que em va fer el meu pare fa molts anys. Quan vam anar de casa a estudiar fora, el meu pare ens va fer una taula a cadascuna de les meves germanes ia mi. Si l&#039;hagu\u00e9s dissenyat jo probablement no ho faria aix\u00ed, \u00e9s un estil molt tornejat, per\u00f2 m&#039;encanta.<\/p>\n\n\n\n<p>No tinc mascota, no m?acaba d?atreure la idea de tenir un animal en un pis. Quan vivia a casa dels meus pares sempre vam tenir gossos i formaven part de la nostra vida, m&#039;agradava molt! Per\u00f2 sempre eren fora, eren feli\u00e7os per\u00f2 no compart\u00edem espai de dormir, menjar, etc. Aix\u00ed que, per ara, no sento aquesta necessitat, encara que la meva filla s\u00ed\u2026 potser canvi\u00ef d&#039;idea algun dia\u2026<\/p>\n\n\n\n<figure class=\"wp-block-image\"><img loading=\"lazy\" decoding=\"async\" width=\"600\" height=\"400\" src=\"https:\/\/www.monapart.com\/magazine\/wp-content\/uploads\/2023\/02\/4.png\" alt=\"Entrevista Xiana Cobos | Monapart\" class=\"wp-image-1307\" title=\"Entrevista Xiana Cobo 4\" srcset=\"https:\/\/www.monapart.com\/magazine\/wp-content\/uploads\/2023\/02\/4.png 600w, https:\/\/www.monapart.com\/magazine\/wp-content\/uploads\/2023\/02\/4-300x200.png 300w\" sizes=\"auto, (max-width: 600px) 100vw, 600px\" \/><\/figure>\n\n\n\n<p>Fotografia: Ana Paes<\/p>\n\n\n\n<h5 class=\"wp-block-heading has-medium-font-size\"><strong>6. Si poguessis comprar-te qualsevol cosa ara mateix i emportar-te-la a casa, quina seria? Qualsevol cosa!<\/strong><\/h5>\n\n\n\n<p>Una hamaca. Per fer la migdiada o nom\u00e9s pensar i relaxar-me\u2026 \u00c9s com tornar a estar dins de l&#039;\u00fater. Em sembla una meravella, per\u00f2 aqu\u00ed no hi ha costum pel clima. Tamb\u00e9 em serveix una butaca \u201cou\u201d penjant.<\/p>\n\n\n\n<h5 class=\"wp-block-heading has-medium-font-size\"><strong>7. Un termini a casa sempre inclou\u2026<\/strong><\/h5>\n\n\n\n<p>Amics, m\u00fasica i cerveses amb pica-pica!<\/p>\n\n\n\n<h5 class=\"wp-block-heading has-medium-font-size\"><strong>8. Tens algun plat estrella?<\/strong><\/h5>\n\n\n\n<p>M&#039;agrada cuinar per\u00f2 per falta de temps ho faig poc i em fa una mica de mandra posar-me, ho reconec, aix\u00ed que s\u00f3c s\u00faper pr\u00e0ctica i se&#039;m d\u00f3na genial resoldre r\u00e0pid. Si et dic que faig una truita de patates amb les patates cuinades al microones? Prometo que em surt de mort i la gent al\u00b7lucina quan li dic que he fet la patata d&#039;aquesta manera. Aix\u00ed que podria dir que en aquesta fase de la meva vida la \u201ctruita de patates express\u201d \u00e9s el meu plat estrella.<\/p>\n\n\n\n<h5 class=\"wp-block-heading has-medium-font-size\"><strong>9 Quin \u00e9s el teu lloc preferit a la teva ciutat? I a l&#039;estranger?<\/strong><\/h5>\n\n\n\n<p>A la meva ciutat tinc molts llocs favorits, per\u00f2 si m&#039;hagu\u00e9s de quedar ara mateix amb un seria una passejada: a la vora del riu Sar. Una de les millors coses que t\u00e9 Santiago \u00e9s que hi ha moltes zones verdes dins de la ciutat i que em donen la vida.<br>A l&#039;estranger \u00e9s complicat quedar-se nom\u00e9s amb un, per\u00f2 la veritat m&#039;encantaria tornar al Mercat de les Puces a Par\u00eds (Saint Ouen). Em tornen boja aquest tipus de mercats, en tinc peces que guardo com a or en drap.<\/p>\n\n\n\n<h5 class=\"wp-block-heading has-medium-font-size\"><strong>10. Cosa que ens vulguis explicar i que no t&#039;haguem preguntat. Parla ara o calla per sempre!<\/strong><\/h5>\n\n\n\n<p>Aquest any tindr\u00e9 els meus mocadors a la botiga del Reial Jard\u00ed Bot\u00e0nic dins del <a href=\"https:\/\/www.lafabrica.com\/madriddesignfestival\/\" target=\"_blank\" rel=\"noreferrer noopener\">Madrid Design Festival<\/a>, de febrer a abril. Ens fa molt\u00edssima il\u00b7lusi\u00f3 aix\u00f2 perqu\u00e8 ens encanta aquest indret i sempre que visitem la ciutat ens deixem caure per all\u00e0. \u00c9s un lloc per a nosaltres de refer\u00e8ncia.<\/p>\n\n\n\n<h3 class=\"wp-block-heading\">Xiana tenia clar que el seu cam\u00ed aniria lligat a all\u00f2 que les seves mans poguessin crear, i aix\u00ed, juntament amb el descobriment de l&#039;estampaci\u00f3 digital (i altres artesanies) va donar llum a la seva preciosa marca, amb productes bells i delicats que expliquen la seva hist\u00f2ria i tot all\u00f2 viscut fins aquell moment.<\/h3>","protected":false},"excerpt":{"rendered":"<p>Xiana tenia clar que el seu cam\u00ed aniria lligat amb l&#039;art i all\u00f2 que les seves mans poguessin crear, i aix\u00ed, juntament amb el descobriment de l&#039;estampaci\u00f3 digital va donar llum a la seva preciosa marca, amb productes bells i delicats que expliquen la seva hist\u00f2ria i tot all\u00f2 viscut fins aquell moment.<\/p>","protected":false},"author":3,"featured_media":1308,"comment_status":"closed","ping_status":"closed","sticky":false,"template":"","format":"standard","meta":{"_acf_changed":true,"footnotes":""},"categories":[2844,2845],"tags":[2868,2870],"class_list":["post-1303","post","type-post","status-publish","format-standard","has-post-thumbnail","hentry","category-hogar","category-mi-monapart","tag-arte","tag-diseno"],"acf":[],"_links":{"self":[{"href":"https:\/\/www.monapart.com\/magazine\/ca\/wp-json\/wp\/v2\/posts\/1303","targetHints":{"allow":["GET"]}}],"collection":[{"href":"https:\/\/www.monapart.com\/magazine\/ca\/wp-json\/wp\/v2\/posts"}],"about":[{"href":"https:\/\/www.monapart.com\/magazine\/ca\/wp-json\/wp\/v2\/types\/post"}],"author":[{"embeddable":true,"href":"https:\/\/www.monapart.com\/magazine\/ca\/wp-json\/wp\/v2\/users\/3"}],"replies":[{"embeddable":true,"href":"https:\/\/www.monapart.com\/magazine\/ca\/wp-json\/wp\/v2\/comments?post=1303"}],"version-history":[{"count":0,"href":"https:\/\/www.monapart.com\/magazine\/ca\/wp-json\/wp\/v2\/posts\/1303\/revisions"}],"wp:featuredmedia":[{"embeddable":true,"href":"https:\/\/www.monapart.com\/magazine\/ca\/wp-json\/wp\/v2\/media\/1308"}],"wp:attachment":[{"href":"https:\/\/www.monapart.com\/magazine\/ca\/wp-json\/wp\/v2\/media?parent=1303"}],"wp:term":[{"taxonomy":"category","embeddable":true,"href":"https:\/\/www.monapart.com\/magazine\/ca\/wp-json\/wp\/v2\/categories?post=1303"},{"taxonomy":"post_tag","embeddable":true,"href":"https:\/\/www.monapart.com\/magazine\/ca\/wp-json\/wp\/v2\/tags?post=1303"}],"curies":[{"name":"wp","href":"https:\/\/api.w.org\/{rel}","templated":true}]}}