{"id":1290,"date":"2023-02-02T11:12:22","date_gmt":"2023-02-02T10:12:22","guid":{"rendered":"https:\/\/www.monapart.com\/magazine\/?p=1290"},"modified":"2025-09-20T23:35:32","modified_gmt":"2025-09-20T21:35:32","slug":"beatriu-tempesta-la-bellesa-despres-de-la-camera","status":"publish","type":"post","link":"https:\/\/www.monapart.com\/magazine\/ca\/hogar\/beatriz-tormenta-la-belleza-tras-la-camara","title":{"rendered":"Beatriz Tempesta: la bellesa despr\u00e9s de la c\u00e0mera"},"content":{"rendered":"<h1 class=\"wp-block-heading\">Beatriz Tempesta: la bellesa despr\u00e9s de la c\u00e0mera<\/h1>\n\n\n\n<h2 class=\"wp-block-heading\">Soci\u00f2loga de formaci\u00f3 i fot\u00f2grafa de professi\u00f3, sempre bolcada en tot all\u00f2 que envolta les persones. <\/h2>\n\n\n<div class='post-info'>2 de febrer de 2023 per <a href='https:\/\/www.monapart.com\/magazine\/ca\/autor\/monapart'>Monapart<\/a><\/div>\n\n\n\n<figure class=\"wp-block-image\"><img loading=\"lazy\" decoding=\"async\" width=\"600\" height=\"428\" src=\"https:\/\/www.monapart.com\/magazine\/wp-content\/uploads\/2023\/02\/entrevista_monapart_beatriz_tormenta1.png\" alt=\"Beatriz Tempesta: la bellesa despr\u00e9s de la c\u00e0mera | \" class=\"wp-image-1291\" title=\"entrevista_monapart_beatriz_tormenta1\"\/><\/figure>\n\n\n\n<h3 class=\"wp-block-heading\">Harmonia, colors past\u00eds, art i bonic, aix\u00ed podr\u00edem descriure a Beatriz Tormenta. agafem un paraigua i ens endinsem m\u00e9s a la bellesa de la tempesta?<\/h3>\n\n\n\n<p><strong>1. Parla&#039;ns de tu i de la teva feina. On va n\u00e9ixer la teva vocaci\u00f3? Algun primer record?<\/strong><\/p>\n\n\n\n<p>Em dic Bea, encara que molts em coneixen m\u00e9s com <a href=\"https:\/\/www.instagram.com\/beatriztormenta\/\" target=\"_blank\" rel=\"noreferrer noopener\">Beatriz Tempesta<\/a>. Treballo com a fot\u00f2grafa des del 2015 creant contingut per a les xarxes socials i webs de marques de tota mena, encara que en realitat s\u00f3c soci\u00f2loga de formaci\u00f3. Tot va comen\u00e7ar als 17 anys, i en realitat va ser gr\u00e0cies a un TOC \u2013el de veure tot ordenat i crom\u00e0ticament harm\u00f2nic\u2013 el que em va portar a agafar una c\u00e0mera i immortalitzar-ho tot sense parar, m\u00e9s que com una vocaci\u00f3 en si. L&#039;ordre visual, l&#039;harmonia en els colors i el bonic de la llum natural em van portar, despr\u00e9s de molts anys, a convertir-me en fot\u00f2grafa i viure&#039;n.&nbsp;<\/p>\n\n\n\n<figure class=\"wp-block-image\"><img loading=\"lazy\" decoding=\"async\" width=\"600\" height=\"428\" src=\"https:\/\/www.monapart.com\/magazine\/wp-content\/uploads\/2023\/02\/entrevista_monapart_beatriz_tormenta2.png\" alt=\"Beatriz Tempesta: la bellesa despr\u00e9s de la c\u00e0mera | \" class=\"wp-image-1292\" title=\"entrevista_monapart_beatriz_tormenta2\" srcset=\"https:\/\/www.monapart.com\/magazine\/wp-content\/uploads\/2023\/02\/entrevista_monapart_beatriz_tormenta2.png 600w, https:\/\/www.monapart.com\/magazine\/wp-content\/uploads\/2023\/02\/entrevista_monapart_beatriz_tormenta2-300x214.png 300w\" sizes=\"auto, (max-width: 600px) 100vw, 600px\" \/><\/figure>\n\n\n\n<h5 class=\"wp-block-heading has-medium-font-size\"><strong>2. Qu\u00e8 \u00e9s el que m\u00e9s et satisf\u00e0 de la teva feina? Alg\u00fa del que et sentis especialment orgull\u00f3s?<\/strong><\/h5>\n\n\n\n<p>El que m\u00e9s em satisf\u00e0 de la meva feina \u00e9s que sigui tan variat, tan estimulant i que sempre m&#039;acabi portant a nous llocs creatius que no havia explorat abans. Viure de la teva creativitat \u00e9s dur, no ens enganyem, i per mi \u00e9s una mica com solcar una onada constant en qu\u00e8 convius amb moments s\u00faper l\u00facids, crisis creatives i moments en qu\u00e8 no passa res. Per\u00f2 sempre treus alguna cosa bona i positiva. Sempre sento que aprenc alguna cosa que no sabia cada cop que m&#039;enfronto a una feina oa un client nou i \u00e9s molt satisfactori veure que tot aix\u00f2 que has recollit ho has sembrat tu.&nbsp;&nbsp;<\/p>\n\n\n\n<h5 class=\"wp-block-heading has-medium-font-size\"><strong>3. Com \u00e9s el teu proc\u00e9s creatiu? Quines s\u00f3n les fonts d&#039;inspiraci\u00f3? Alguna m\u00fasica especialment mentre treballes?<\/strong><\/h5>\n\n\n\n<p>El meu proc\u00e9s creatiu \u00e9s for\u00e7a variable en general segons el projecte i segons el meu moment vital i, encara que s\u00f3c met\u00f2dica en el moment de l&#039;execuci\u00f3 i segueixo certs passos, tamb\u00e9 em deixo fluir segons sigui el que m&#039;evoqui el que he de fotografiar. M&#039;inspira molt el cinema i el treball d&#039;altres artistes, per\u00f2 el que m&#039;ajuda m\u00e9s a estimular la meva creativitat \u00e9s viatjar.<\/p>\n\n\n\n<h5 class=\"wp-block-heading has-medium-font-size\"><strong>4. Color, llibre, pel\u00b7li i disc favorits. Per aquest ordre! \ud83d\ude09<\/strong><\/h5>\n\n\n\n<p>Color: Rosa past\u00eds. Sempre.<\/p>\n\n\n\n<p>\u00daltim llibre que m&#039;ha agradat molt\u00edssim (no puc triar un de sol favorit) : <em>Veudevella<\/em> d&#039;Elvira Vict\u00f2ria<\/p>\n\n\n\n<p>Disc favorit darrerament: <em>Being funny in a foreing language<\/em> de The 1975<\/p>\n\n\n\n<figure class=\"wp-block-embed is-type-rich is-provider-spotify wp-block-embed-spotify wp-embed-aspect-21-9 wp-has-aspect-ratio\"><div class=\"wp-block-embed__wrapper\">\n<iframe title=\"Spotify Embed: Being Funny In A Foreign Language\" style=\"border-radius: 12px\" width=\"100%\" height=\"352\" frameborder=\"0\" allowfullscreen allow=\"autoplay; clipboard-write; encrypted-media; fullscreen; picture-in-picture\" loading=\"lazy\" src=\"https:\/\/open.spotify.com\/embed\/album\/6dVCpQ7oGJD1oYs2fv1t5M?si=3At3DNKaTguiFmYi_vrBXw&#038;utm_source=oembed\"><\/iframe>\n<\/div><\/figure>\n\n\n\n<h5 class=\"wp-block-heading has-medium-font-size\"><strong>5. \u00c9s casa teva reflex de qui ets? Explica&#039;ns a qu\u00e8 fa olor, el teu rac\u00f3 favorit, el teu objecte decoratiu o moble fetitxe, si atresores alguna col\u00b7lecci\u00f3\u2026 I si tens mascota, presenta&#039;ns-la!<\/strong><\/h5>\n\n\n\n<p>El que m\u00e9s em diu la gent que ve a casa meva \u00e9s: \u00c9s molt tu. Aix\u00ed que suposo que s\u00ed: m&#039;hi sento molt reflectida i crec que parla molt de com s\u00f3c \ud83d\ude42&nbsp;<\/p>\n\n\n\n<p>El meu rac\u00f3 favorit diria que \u00e9s el meu sal\u00f3, amb els meus quadres, les meves plantes i els meus objectes favorits. Tinc la sort de tenir tota la paret de vidre i m&#039;agrada asseure&#039;m al sof\u00e0 i gaudir de les vistes del meu petit regne mentre treballo, llegeixo o veig una pel\u00b7li.&nbsp;<\/p>\n\n\n\n<p>Entre els meus objectes decoratius favorits hi ha una m\u00e0scara de lleopard d&#039;Equador que em van regalar i els meus quadres de Juan Feo, Clara Cebr\u00edan i <a href=\"\/magazine\/ca\/node\/4196\/\" target=\"_blank\" rel=\"noreferrer noopener\">Alejandra Marroqu\u00edn<\/a>. Cada dia m&#039;agrada m\u00e9s comprar art i pensar que s\u00f3n coses que estaran amb mi tota la vida em posa contenta.&nbsp;<\/p>\n\n\n\n<figure class=\"wp-block-image\"><img loading=\"lazy\" decoding=\"async\" width=\"600\" height=\"428\" src=\"https:\/\/www.monapart.com\/magazine\/wp-content\/uploads\/2023\/02\/entrevista_monapart_beatriz_tormenta4.png\" alt=\"Beatriz Tempesta: la bellesa despr\u00e9s de la c\u00e0mera | \" class=\"wp-image-1293\" title=\"entrevista_monapart_beatriz_tormenta4\" srcset=\"https:\/\/www.monapart.com\/magazine\/wp-content\/uploads\/2023\/02\/entrevista_monapart_beatriz_tormenta4.png 600w, https:\/\/www.monapart.com\/magazine\/wp-content\/uploads\/2023\/02\/entrevista_monapart_beatriz_tormenta4-300x214.png 300w\" sizes=\"auto, (max-width: 600px) 100vw, 600px\" \/><\/figure>\n\n\n\n<p>Pel que fa a les olors, casa meva sempre fa olor de gessam\u00ed i tinc la sort de compartir-la amb la meva gateta Mecha, d&#039;any i mig.<\/p>\n\n\n\n<figure class=\"wp-block-image\"><img loading=\"lazy\" decoding=\"async\" width=\"600\" height=\"428\" src=\"https:\/\/www.monapart.com\/magazine\/wp-content\/uploads\/2023\/02\/entrevista_monapart_beatriz_tormenta3_0.png\" alt=\"Beatriz Tempesta: la bellesa despr\u00e9s de la c\u00e0mera | \" class=\"wp-image-1294\" title=\"entrevista_monapart_beatriz_tormenta3\" srcset=\"https:\/\/www.monapart.com\/magazine\/wp-content\/uploads\/2023\/02\/entrevista_monapart_beatriz_tormenta3_0.png 600w, https:\/\/www.monapart.com\/magazine\/wp-content\/uploads\/2023\/02\/entrevista_monapart_beatriz_tormenta3_0-300x214.png 300w\" sizes=\"auto, (max-width: 600px) 100vw, 600px\" \/><\/figure>\n\n\n\n<h5 class=\"wp-block-heading has-medium-font-size\"><strong>6. Si poguessis comprar-te qualsevol cosa ara mateix i emportar-te-la a casa, quina seria? Qualsevol cosa!<\/strong><\/h5>\n\n\n\n<p>Fa mesos que penso que m&#039;encantaria tenir un tigre de cer\u00e0mica per posar-lo al meu sal\u00f3.&nbsp;<\/p>\n\n\n\n<h5 class=\"wp-block-heading has-medium-font-size\"><strong>7. Un termini a casa sempre inclou\u2026<\/strong><\/h5>\n\n\n\n<p>Als meus amigues, kombutxes, pica-pica ric, i parlar durant hores.<\/p>\n\n\n\n<figure class=\"wp-block-image\"><img loading=\"lazy\" decoding=\"async\" width=\"600\" height=\"428\" src=\"https:\/\/www.monapart.com\/magazine\/wp-content\/uploads\/2023\/02\/entrevista_monapart_beatriz_tormenta5.png\" alt=\"Beatriz Tempesta: la bellesa despr\u00e9s de la c\u00e0mera | \" class=\"wp-image-1295\" title=\"entrevista_monapart_beatriz_tormenta5\" srcset=\"https:\/\/www.monapart.com\/magazine\/wp-content\/uploads\/2023\/02\/entrevista_monapart_beatriz_tormenta5.png 600w, https:\/\/www.monapart.com\/magazine\/wp-content\/uploads\/2023\/02\/entrevista_monapart_beatriz_tormenta5-300x214.png 300w\" sizes=\"auto, (max-width: 600px) 100vw, 600px\" \/><\/figure>\n\n\n\n<h5 class=\"wp-block-heading has-medium-font-size\"><strong>8. Tens algun plat estrella?<\/strong><\/h5>\n\n\n\n<p>Aqu\u00ed confesso que no s\u00f3c gens cuinetes, per\u00f2 les llenties em surten riqu\u00edssimes.<\/p>\n\n\n\n<h5 class=\"wp-block-heading has-medium-font-size\"><strong>9. Quin \u00e9s el teu lloc preferit a la teva ciutat? I a l&#039;estranger?<\/strong><\/h5>\n\n\n\n<p>La veritat que s\u00f3c una enamorada de Madrid en general. Em costa molt quedar-me amb un sol lloc favorit per\u00f2 si m&#039;he de mullar i dir-ne algun, \u00faltimament passo molt de temps per Chamber\u00ed i per Chueca i s\u00f3n clarament els meus barris favorits de Madrid.&nbsp;<\/p>\n\n\n\n<p>Pel que fa a l&#039;estranger, vaig amb molta freq\u00fc\u00e8ncia a Amsterdam i \u00e9s, despr\u00e9s de Madrid, la meva ciutat preferida sense dubtar-ho. En concret, m&#039;encanta perdre&#039;m pel barri de De Pijp i passejar pels seus carrerons.<\/p>\n\n\n\n<p>Harmonia, colors past\u00eds, art i bonic, aix\u00ed podr\u00edem descriure Beatriz Tormenta. Soci\u00f2loga de formaci\u00f3 i fot\u00f2grafa de professi\u00f3, sempre bolcada en tot all\u00f2 que envolta les persones. La seva passi\u00f3 per la fotografia, que es va iniciar com un projecte personal, l&#039;ha portat finalment a treballar per a marques com Offset Collage, Bryan Stepwise i Eastpark.<\/p>","protected":false},"excerpt":{"rendered":"<p>Beatriz Tormenta converteix la seva mirada en art: soci\u00f2loga de formaci\u00f3 i fot\u00f2grafa de professi\u00f3, retrata la bellesa que habita en all\u00f2 quotidi\u00e0. Entre colors past\u00eds, harmonia i sensibilitat, la c\u00e0mera captura persones i emocions amb naturalitat.<\/p>","protected":false},"author":3,"featured_media":1291,"comment_status":"closed","ping_status":"closed","sticky":false,"template":"","format":"standard","meta":{"_acf_changed":false,"footnotes":""},"categories":[2844,2845],"tags":[3224],"class_list":["post-1290","post","type-post","status-publish","format-standard","has-post-thumbnail","hentry","category-hogar","category-mi-monapart","tag-fotografia"],"acf":[],"_links":{"self":[{"href":"https:\/\/www.monapart.com\/magazine\/ca\/wp-json\/wp\/v2\/posts\/1290","targetHints":{"allow":["GET"]}}],"collection":[{"href":"https:\/\/www.monapart.com\/magazine\/ca\/wp-json\/wp\/v2\/posts"}],"about":[{"href":"https:\/\/www.monapart.com\/magazine\/ca\/wp-json\/wp\/v2\/types\/post"}],"author":[{"embeddable":true,"href":"https:\/\/www.monapart.com\/magazine\/ca\/wp-json\/wp\/v2\/users\/3"}],"replies":[{"embeddable":true,"href":"https:\/\/www.monapart.com\/magazine\/ca\/wp-json\/wp\/v2\/comments?post=1290"}],"version-history":[{"count":3,"href":"https:\/\/www.monapart.com\/magazine\/ca\/wp-json\/wp\/v2\/posts\/1290\/revisions"}],"predecessor-version":[{"id":19254,"href":"https:\/\/www.monapart.com\/magazine\/ca\/wp-json\/wp\/v2\/posts\/1290\/revisions\/19254"}],"wp:featuredmedia":[{"embeddable":true,"href":"https:\/\/www.monapart.com\/magazine\/ca\/wp-json\/wp\/v2\/media\/1291"}],"wp:attachment":[{"href":"https:\/\/www.monapart.com\/magazine\/ca\/wp-json\/wp\/v2\/media?parent=1290"}],"wp:term":[{"taxonomy":"category","embeddable":true,"href":"https:\/\/www.monapart.com\/magazine\/ca\/wp-json\/wp\/v2\/categories?post=1290"},{"taxonomy":"post_tag","embeddable":true,"href":"https:\/\/www.monapart.com\/magazine\/ca\/wp-json\/wp\/v2\/tags?post=1290"}],"curies":[{"name":"wp","href":"https:\/\/api.w.org\/{rel}","templated":true}]}}