{"id":1287,"date":"2023-01-27T13:29:23","date_gmt":"2023-01-27T12:29:23","guid":{"rendered":"https:\/\/www.monapart.com\/magazine\/?p=1287"},"modified":"2025-06-19T19:15:41","modified_gmt":"2025-06-19T17:15:41","slug":"la-captacio-com-mai-tho-han-explicat-a-barcelona","status":"publish","type":"post","link":"https:\/\/www.monapart.com\/magazine\/ca\/gente-real\/la-captacion-como-nunca-te-la-han-contado-en-barcelona","title":{"rendered":"La captaci\u00f3n como nunca te la han contado&#8230; en Barcelona"},"content":{"rendered":"<h1 class=\"wp-block-heading\">LA CAPTACI\u00d3 COM MAI TE L&#039;HAN COMPTAT\u2026 A BARCELONA<\/h1>\n\n\n\n<h2 class=\"wp-block-heading\">Jos\u00e9 Luis Echeverr\u00eda va impartir a m\u00e9s de 50 agents immobiliaris la nostra formaci\u00f3 m\u00e9s top per als temps que corren.<\/h2>\n\n\n<div class='post-info'>27 de gener de 2023 per <a href='https:\/\/www.monapart.com\/magazine\/ca\/autor\/monapart'>Monapart<\/a><\/div>\n\n\n\n<p><strong>L&#039;\u00faltima parada de la formaci\u00f3 #captandobajolalluvia va ser a Barcelona, en concret a Vil\u00b7la Ur\u00e0nia, un espai ideal on Jos\u00e9 Luis Echeverr\u00eda va poder impartir a m\u00e9s de 50 agents immobiliaris i col\u00b7legues una formaci\u00f3 que no pot venir millor en els temps que corren.<\/strong><\/p>\n\n\n\n<p>Hi van aprendre a:<\/p>\n\n\n\n<p>\u2013 Analitzar l&#039;embut de conversions. An\u00e0lisi passat per a la seva projecci\u00f3 futura.<\/p>\n\n\n\n<p>\u2013 Van veure el cat\u00e0leg de solucions per generar leads de propietaris.<\/p>\n\n\n\n<p>\u2013 Crear una planificaci\u00f3 anual.<\/p>\n\n\n\n<p>\u2013 Com domesticar l\u00b4agenda.<\/p>\n\n\n\n<p>En 2 hores de formaci\u00f3 van aprendre conceptes, idees, models i eines que desconeixien i que poden posar en pr\u00e0ctica immediatament. Sense embuts, sense introduccions interminables que no porten a res, sense pausa publicit\u00e0ria, sense v\u00eddeos motivacionals de farciment que heu vist mil vegades.<\/p>\n\n\n\n<figure class=\"wp-block-image\"><img loading=\"lazy\" decoding=\"async\" width=\"600\" height=\"428\" src=\"https:\/\/www.monapart.com\/magazine\/wp-content\/uploads\/2023\/01\/collage_formacion_captandobajolalluvia.png\" alt=\"LA CAPTACI\u00d3 COM MAI TE L&#039;HAN COMPTAT... A BARCELONA | Monapart \" class=\"wp-image-1288\" title=\"formacion_captandobajolapluja_barcelona\" srcset=\"https:\/\/www.monapart.com\/magazine\/wp-content\/uploads\/2023\/01\/collage_formacion_captandobajolalluvia.png 600w, https:\/\/www.monapart.com\/magazine\/wp-content\/uploads\/2023\/01\/collage_formacion_captandobajolalluvia-300x214.png 300w\" sizes=\"auto, (max-width: 600px) 100vw, 600px\" \/><\/figure>\n\n\n\n<p>Els assistents han dit:<\/p>\n\n\n\n<p>\u2013 \u00ab\u00datil, natural i amb pinzellades d?humor. Un altre tipus de formaci\u00f3 <strong>No pots perdre-te-la!\u00bb Jordi Valc\u00e1rcel<\/strong><\/p>\n\n\n\n<p>\u2013 \u00ab<strong>Un taller molt interessant on ens va fer pensar molt. <\/strong>\u00c9s incre\u00efble el poc suc que traiem de les \u201coportunitats de negoci\u201d que tenim davant i de la poca o nul\u00b7la visibilitat que tenim del nostre negoci. Sens dubte, temes a treballar! Gr\u00e0cies a Jos\u00e9 Luis ia tot el seu equip per la generositat.\u00bb&nbsp;<strong>Francesc Monllau<\/strong><\/p>\n\n\n\n<p>\u2013 \u00abEm va encantar la definici\u00f3 de PERSIST\u00c8NCIA ORGANITZADA i com Jos\u00e9 Luis ens ensenya com \u00e9s de vital modelar el nostre negoci i poder millorar dia a dia.&nbsp;<strong>Gr\u00e0cies Jos\u00e9 Luis i Gr\u00e0cies Monapart per donar-nos tant d&#039;on aprendre a ser millors<\/strong>.\u00bb&nbsp;<strong>Gregorio Est\u00e9vez<\/strong><\/p>\n\n\n\n<p>\u2013 \u00abL&#039;energia i seguretat amb qu\u00e8 el Sr. Echeverr\u00eda explicava que all\u00f2 que no es millora es degrada, posant <strong>exemples pr\u00e0ctics<\/strong>.\u00bb&nbsp;<strong>Gemma Solsona<\/strong><\/p>\n\n\n\n<p>\u2013 \u00abJos\u00e9 Luis Echeverr\u00eda motiva i crida l?acci\u00f3. La majoria del contingut \u00e9s molt interessant per a qualsevol professional de les vendes. En el meu cas <strong>vaig sortir del workshop amb un parell d&#039;idees que ja he comen\u00e7at a implementar.<\/strong> \u00a1Gr\u00e0cies Jos\u00e9 Luis i equip Monapart per l&#039;organitzaci\u00f3 de l&#039;esdeveniment i la c\u00e0lida acollida!\u00bb&nbsp;<strong>Olga Campoy<\/strong><\/p>\n\n\n\n<p>\u2013 \u00abM&#039;ha encantat la sessi\u00f3 de Jos\u00e9 Lu\u00eds perqu\u00e8 a m\u00e9s de ser s\u00faper pr\u00e0ctica, din\u00e0mica i estimulant es converteix en un recordatori, una estirada d&#039;orelles necess\u00e0ria, del que hem de fer perqu\u00e8 les coses surtin b\u00e9. S<strong>ales de la xerrada amb un munt de deures realitzables i senzills per posar en pr\u00e0ctica i aix\u00f2 \u00e9s el millor, que et recorda que tot dep\u00e8n d&#039;uns mateixos i dels seus bons h\u00e0bits!\u00bb Queta Xampeny<\/strong><\/p>\n\n\n\n<p>\u2013 \u00abJos\u00e9 Lu\u00eds \u00e9s altament din\u00e0mic, una font d\u00b4inspiraci\u00f3 i un professional que vol millorar el sector fent-nos millors, <strong>escoltar-lo si ets immobiliari \u00e9s obligatori!<\/strong>\u00bb&nbsp;<strong>David Oli<\/strong><\/p>\n\n\n\n<p><\/p>","protected":false},"excerpt":{"rendered":"<p>L&#039;\u00faltima parada de la formaci\u00f3 de captaci\u00f3 va ser a Barcelona, en concret a Vil\u00b7la Ur\u00e0nia, un espai ideal on Jos\u00e9 Luis Echeverr\u00eda va poder impartir m\u00e9s de 50 agents immobiliaris i col\u00b7legues una formaci\u00f3 que no pot venir millor en els temps que corren.<\/p>","protected":false},"author":3,"featured_media":1289,"comment_status":"closed","ping_status":"closed","sticky":false,"template":"","format":"standard","meta":{"_acf_changed":false,"footnotes":""},"categories":[2849,2850],"tags":[3248,2873],"class_list":["post-1287","post","type-post","status-publish","format-standard","has-post-thumbnail","hentry","category-gente-real","category-formacion-inmobiliaria","tag-formacion","tag-captacion"],"acf":[],"_links":{"self":[{"href":"https:\/\/www.monapart.com\/magazine\/ca\/wp-json\/wp\/v2\/posts\/1287","targetHints":{"allow":["GET"]}}],"collection":[{"href":"https:\/\/www.monapart.com\/magazine\/ca\/wp-json\/wp\/v2\/posts"}],"about":[{"href":"https:\/\/www.monapart.com\/magazine\/ca\/wp-json\/wp\/v2\/types\/post"}],"author":[{"embeddable":true,"href":"https:\/\/www.monapart.com\/magazine\/ca\/wp-json\/wp\/v2\/users\/3"}],"replies":[{"embeddable":true,"href":"https:\/\/www.monapart.com\/magazine\/ca\/wp-json\/wp\/v2\/comments?post=1287"}],"version-history":[{"count":1,"href":"https:\/\/www.monapart.com\/magazine\/ca\/wp-json\/wp\/v2\/posts\/1287\/revisions"}],"predecessor-version":[{"id":16862,"href":"https:\/\/www.monapart.com\/magazine\/ca\/wp-json\/wp\/v2\/posts\/1287\/revisions\/16862"}],"wp:featuredmedia":[{"embeddable":true,"href":"https:\/\/www.monapart.com\/magazine\/ca\/wp-json\/wp\/v2\/media\/1289"}],"wp:attachment":[{"href":"https:\/\/www.monapart.com\/magazine\/ca\/wp-json\/wp\/v2\/media?parent=1287"}],"wp:term":[{"taxonomy":"category","embeddable":true,"href":"https:\/\/www.monapart.com\/magazine\/ca\/wp-json\/wp\/v2\/categories?post=1287"},{"taxonomy":"post_tag","embeddable":true,"href":"https:\/\/www.monapart.com\/magazine\/ca\/wp-json\/wp\/v2\/tags?post=1287"}],"curies":[{"name":"wp","href":"https:\/\/api.w.org\/{rel}","templated":true}]}}