{"id":1280,"date":"2023-01-15T16:14:51","date_gmt":"2023-01-15T15:14:51","guid":{"rendered":"https:\/\/www.monapart.com\/magazine\/?p=1280"},"modified":"2025-06-20T12:39:23","modified_gmt":"2025-06-20T10:39:23","slug":"plantes-a-les-quals-els-agrada-el-fred-haver-ne-hi-ha","status":"publish","type":"post","link":"https:\/\/www.monapart.com\/magazine\/ca\/hogar\/plantas-a-las-que-les-gusta-el-frio-haberlas-haylas","title":{"rendered":"Plantes a qu\u00e8 els agrada el fred. Haver-les, n&#039;hi ha!"},"content":{"rendered":"<h1 class=\"wp-block-heading\">Plantes a qu\u00e8 els agrada el fred. Haver-les, n&#039;hi ha!<\/h1>\n\n\n\n<h2 class=\"wp-block-heading\">Us mostrem algunes plantes d&#039;hivern que podeu cultivar i com cuidar-les perqu\u00e8 aguantin tota la temporada.<\/h2>\n\n\n<div class='post-info'>15 de gener de 2023 per <a href='https:\/\/www.monapart.com\/magazine\/ca\/autor\/monapart'>Monapart<\/a><\/div>\n\n\n\n<p><\/p>\n\n\n\n<p>L\u00b4hivern pot ser un moment dif\u00edcil per als jardiners. Moltes <a href=\"https:\/\/www.monapart.com\/magazine\/ca\/mnprt_news_article\/hort-urba-sense-sol\/\">plantes<\/a> entren en hibernaci\u00f3 o lluiten per sobreviure a baixes temperatures. No obstant aix\u00f2, n&#039;hi ha algunes que llueixen precioses quan prem el fred i donen vida i color al teu jard\u00ed o balc\u00f3 durant aquests mesos laaargs i foscos. <\/p>\n\n\n\n<figure class=\"wp-block-image\"><img loading=\"lazy\" decoding=\"async\" width=\"600\" height=\"428\" src=\"https:\/\/www.monapart.com\/magazine\/wp-content\/uploads\/2023\/01\/plantas-de-invierno-para-dias-frios-monapart.png\" alt=\"Plantes d\u00b4hivern | Monapart \" class=\"wp-image-1281\" title=\"plantes-d&#039;hivern-per-dies-fris-monapart\" srcset=\"https:\/\/www.monapart.com\/magazine\/wp-content\/uploads\/2023\/01\/plantas-de-invierno-para-dias-frios-monapart.png 600w, https:\/\/www.monapart.com\/magazine\/wp-content\/uploads\/2023\/01\/plantas-de-invierno-para-dias-frios-monapart-300x214.png 300w\" sizes=\"auto, (max-width: 600px) 100vw, 600px\" \/><\/figure>\n\n\n\n<h5 class=\"wp-block-heading has-medium-font-size\">1. <a id=\"El\u00e9boros\"><\/a>El\u00e8bors<\/h5>\n\n\n\n<p><strong>Els el\u00e8bors<\/strong> s\u00f3n una fam\u00edlia de plantes perennes de floraci\u00f3 hivernal que afegeixen un impressionant toc de color als jardins m\u00e9s grisos i ombr\u00edvols. Tenen flors realment boniques de cinc p\u00e8tals en tons blancs, roses, malves, porpres i verds. Aquestes flors floreixen de desembre a mar\u00e7 (estem al moment perfecte!) i prefereixen s\u00f2ls humits amb molta mat\u00e8ria org\u00e0nica. Quan es tracta de parlar del <strong>cura de l&#039;el\u00e8bor<\/strong>, \u00e9s important protegir-ho dels vents hivernals plantant-ho en \u00e0rees protegides prop de parets o bardisses. Per tant, resguarda&#039;ls en algun raconet del teu balc\u00f3 o terrassa perqu\u00e8 no pateixin danys.<\/p>\n\n\n\n<figure class=\"wp-block-image\"><img loading=\"lazy\" decoding=\"async\" width=\"600\" height=\"428\" src=\"https:\/\/www.monapart.com\/magazine\/wp-content\/uploads\/2023\/01\/plantas-de-invierno-para-el-frio-herboro.png\" alt=\"Plantes d\u00b4hivern | Monapart \" class=\"wp-image-1282\" title=\"plantes-d&#039;hivern-per-el-fred-el\u00e8bor\" srcset=\"https:\/\/www.monapart.com\/magazine\/wp-content\/uploads\/2023\/01\/plantas-de-invierno-para-el-frio-herboro.png 600w, https:\/\/www.monapart.com\/magazine\/wp-content\/uploads\/2023\/01\/plantas-de-invierno-para-el-frio-herboro-300x214.png 300w\" sizes=\"auto, (max-width: 600px) 100vw, 600px\" \/><\/figure>\n\n\n\n<h5 class=\"wp-block-heading has-medium-font-size\">2. <a id=\"lavanda\"><\/a>Lavanda<\/h5>\n\n\n\n<p><strong>La lavanda<\/strong> \u00e9s coneguda per la seva bella aroma i el seu delicat to porpra, per\u00f2 sabies que tamb\u00e9 \u00e9s una gran planta per a climes m\u00e9s freds? Aquest resistent arbust tolera temperatures tan baixes com -26 \u00b0C (wow!), cosa que el converteix en el complement perfecte per a qualsevol jard\u00ed d&#039;hivern. A la lavanda li agrada la terra amb bon drenatge i ple sol, aix\u00ed que assegura&#039;t que rebi molt de sol quan la plantes. Pel que fa al <strong>cura de la lavanda<\/strong>, necessitar\u00e0 que la reguis regularment durant els per\u00edodes secs i talla les flors velles durant tota la temporada.<\/p>\n\n\n\n<h2 class=\"wp-block-heading\"><img decoding=\"async\" src=\"https:\/\/www.monapart.com\/magazine\/wp-content\/uploads\/2023\/01\/plantas-de-invierno-para-dias-frios-lavanda.png\" alt=\"plantes-d&#039;hivern-per-dies-fris-lavanda\"><\/h2>\n\n\n\n<h5 class=\"wp-block-heading has-medium-font-size\">3. <a id=\"col rizada ornamental y ciclamen\"><\/a>Col arrissada ornamental i ciclamen<\/h5>\n\n\n\n<p>Aquestes dues plantes s\u00f3n excel\u00b7lents opcions per afegir bellesa i color al vostre jard\u00ed d&#039;hivern! <strong>La col arrissada ornamental <\/strong>t\u00e9 fulles grans vorejades amb colors brillants com el rosa, el vermell o el blanc, mentre que <strong>el ciclamen<\/strong> t\u00e9 petites flors en tons rosa o blanc que es veuen impressionants contra el seu fullatge verd intens. Tant la col arrissada ornamental com el ciclamen prefereixen l&#039;ombra parcial, aix\u00ed que assegura&#039;t que rebin prou llum durant la temporada de creixement. Quan es tracta de cuidar aquestes plantes, mantingues la terra humida per\u00f2 no xopa i fertilitza cada poques setmanes amb un fertilitzant balancejat per obtenir millors resultats.<\/p>\n\n\n\n<figure class=\"wp-block-image\"><img decoding=\"async\" src=\"https:\/\/www.monapart.com\/magazine\/wp-content\/uploads\/2023\/01\/plantas-de-invierno-para-dias-frios-col-ornamental.png\" alt=\"Plantes d\u00b4hivern | Monapart \" title=\"plantes-d&#039;hivern-per-dies-fris-col-ornamental\"\/><\/figure>\n\n\n\n<h5 class=\"wp-block-heading has-medium-font-size\">4.&nbsp;<a id=\"jazm\u00edn\"><\/a>Gessam\u00ed<\/h5>\n\n\n\n<p><strong>El gessam\u00ed<\/strong> \u00e9s una de les plantes especials que poden florir fins i tot durant els mesos m\u00e9s freds. Les seves arom\u00e0tiques flors v\u00e9nen en tons blancs o grocs i fan olor incre\u00efblement b\u00e9. Pel que fa al<strong> cura del gessam\u00ed<\/strong>, aquesta planta prefereix llocs assolellats amb s\u00f2l que dreni b\u00e9, aix\u00ed que assegura&#039;t de proporcionar aquestes condicions quan la plantes a l&#039;aire lliure. El gessam\u00ed tamb\u00e9 ha de protegir-se dels forts vents que poden danyar les seves delicades tiges i p\u00e8tals.<\/p>\n\n\n\n<figure class=\"wp-block-image\"><img decoding=\"async\" src=\"https:\/\/www.monapart.com\/magazine\/wp-content\/uploads\/2023\/01\/plantas-de-invierno-para-dias-frios-jazmin.png\" alt=\"Plantes d\u00b4hivern | Monapart \" title=\"plantes-d&#039;hivern-per-dies-fris-gessam\u00ed\"\/><\/figure>\n\n\n\n<h5 class=\"wp-block-heading has-medium-font-size\">5.&nbsp;<a id=\"acebo e hibisco\"><\/a>Acebo i hibisc<\/h5>\n\n\n\n<p>Finalment, per\u00f2 no menys important, tenim el <strong>gr\u00e8vol i hibisc<\/strong>: dues opcions m\u00e9s per afegir un toc d&#039;alegria al teu jard\u00ed\/terrassa\/balc\u00f3 d&#039;hivern! El gr\u00e8vol t\u00e9 fulles perennes brillants que romanen verdes durant tot l&#039;any (i que pots aprofitar molt b\u00e9 per Nadal ;D), mentre que el hibisc t\u00e9 flors d&#039;aspecte ex\u00f2tic en tons de vermell o rosa que alegraran qualsevol dia trist. <\/p>\n\n\n\n<p>Tant el gr\u00e8vol com el hibisc prefereixen ple sol, aix\u00ed que assegura&#039;t que rebin prou llum solar quan els plantes a l&#039;aire lliure. Pel que fa a la cura, tant el gr\u00e8vol com el hibisc necessiten reg regular durant els per\u00edodes secs (no te n&#039;oblidis!), per\u00f2 massa aigua pot causar que l&#039;arrel es podreixi, aix\u00ed que v\u00e9s amb compte de no regar-les en exc\u00e9s! Recorda: all\u00f2 poc agrada i molt cansa.<\/p>\n\n\n\n<figure class=\"wp-block-image\"><img decoding=\"async\" src=\"https:\/\/www.monapart.com\/magazine\/wp-content\/uploads\/2023\/01\/plantas-de-invierno-para-dias-de-frio.png\" alt=\"Plantes d\u00b4hivern | Monapart \" title=\"plantes-d&#039;hivern-per-dies-de-fred\"\/><\/figure>\n\n\n\n<p><br>Si encara no est\u00e0s conven\u00e7ut de posar-te a plantar o d&#039;&#039;adoptar&#039; una planta per a la teva llar perqu\u00e8 fa fred i meh... et convidem que comprovis els <a href=\"\/magazine\/ca\/node\/4253\/\">beneficis de tenir plantes a casa teva<\/a> i quines s\u00f3n les m\u00e9s aptes per a primerencs. I si el que et demana el cos aquest hivern \u00e9s donar una mica de vida al teu jard\u00ed durant els mesos m\u00e9s freds, per qu\u00e8 no intentes plantar algunes plantes d&#039;hivern com les que t&#039;hem proposat anteriorment? <\/p>\n\n\n\n<p>El\u00e8bor, lavanda, col arrissada ornamental i ciclamen, gessam\u00ed, gr\u00e8vol i hibisc s\u00f3n excel\u00b7lents opcions que aportaran color i alegria als teus exteriors. Amb la cura adequada, com ara protegir-les dels vents forts o regar-les en exc\u00e9s, pots estar segur que aquestes plantes continuaran brindant alegria durant l&#039;estaci\u00f3 m\u00e9s freda. Aix\u00ed que no deixis que el fred t&#039;impedeixi gaudir de la jardineria!&nbsp;<\/p>\n\n\n\n<p><\/p>","protected":false},"excerpt":{"rendered":"<p>Plantas a las que les gusta el fr\u00edo. Haberlas, \u00a1haylas! Te mostramos algunas plantas de invierno que puedes cultivar y c\u00f3mo cuidarlas para que aguanten toda la temporada. El invierno puede ser un momento dif\u00edcil para los jardineros. Muchas plantas entran en hibernaci\u00f3n o luchan por sobrevivir a bajas temperaturas. Sin embargo, hay algunas que [&hellip;]<\/p>\n","protected":false},"author":3,"featured_media":1281,"comment_status":"closed","ping_status":"closed","sticky":false,"template":"","format":"standard","meta":{"_acf_changed":false,"footnotes":""},"categories":[2844,2848],"tags":[3247],"class_list":["post-1280","post","type-post","status-publish","format-standard","has-post-thumbnail","hentry","category-hogar","category-hogar-eco","tag-flores-y-plantas"],"acf":[],"_links":{"self":[{"href":"https:\/\/www.monapart.com\/magazine\/ca\/wp-json\/wp\/v2\/posts\/1280","targetHints":{"allow":["GET"]}}],"collection":[{"href":"https:\/\/www.monapart.com\/magazine\/ca\/wp-json\/wp\/v2\/posts"}],"about":[{"href":"https:\/\/www.monapart.com\/magazine\/ca\/wp-json\/wp\/v2\/types\/post"}],"author":[{"embeddable":true,"href":"https:\/\/www.monapart.com\/magazine\/ca\/wp-json\/wp\/v2\/users\/3"}],"replies":[{"embeddable":true,"href":"https:\/\/www.monapart.com\/magazine\/ca\/wp-json\/wp\/v2\/comments?post=1280"}],"version-history":[{"count":1,"href":"https:\/\/www.monapart.com\/magazine\/ca\/wp-json\/wp\/v2\/posts\/1280\/revisions"}],"predecessor-version":[{"id":17268,"href":"https:\/\/www.monapart.com\/magazine\/ca\/wp-json\/wp\/v2\/posts\/1280\/revisions\/17268"}],"wp:featuredmedia":[{"embeddable":true,"href":"https:\/\/www.monapart.com\/magazine\/ca\/wp-json\/wp\/v2\/media\/1281"}],"wp:attachment":[{"href":"https:\/\/www.monapart.com\/magazine\/ca\/wp-json\/wp\/v2\/media?parent=1280"}],"wp:term":[{"taxonomy":"category","embeddable":true,"href":"https:\/\/www.monapart.com\/magazine\/ca\/wp-json\/wp\/v2\/categories?post=1280"},{"taxonomy":"post_tag","embeddable":true,"href":"https:\/\/www.monapart.com\/magazine\/ca\/wp-json\/wp\/v2\/tags?post=1280"}],"curies":[{"name":"wp","href":"https:\/\/api.w.org\/{rel}","templated":true}]}}