{"id":1275,"date":"2023-01-10T16:28:05","date_gmt":"2023-01-10T15:28:05","guid":{"rendered":"https:\/\/www.monapart.com\/magazine\/?p=1275"},"modified":"2025-06-20T12:31:54","modified_gmt":"2025-06-20T10:31:54","slug":"nomad-coffee-pasion-pel-bon-cafe","status":"publish","type":"post","link":"https:\/\/www.monapart.com\/magazine\/ca\/hogar\/nomad-coffee-pasion-por-el-buen-cafe","title":{"rendered":"Nomad Coffee: Passi\u00f3 pel bon caf\u00e8"},"content":{"rendered":"<h1 class=\"wp-block-heading\">NOMEU COFFEE: PASSI\u00d3 PEL BON CAF\u00c8<\/h1>\n\n\n\n<h2 class=\"wp-block-heading\">Si no est\u00e0s prou despert per con\u00e8ixer m\u00e9s a fons Jordi i Nomad Coffee, no esperis m\u00e9s, prepara&#039;t un bon caf\u00e8 que comencem!<\/h2>\n\n\n<div class='post-info'>10 de gener de 2023 per <a href='https:\/\/www.monapart.com\/magazine\/ca\/autor\/monapart'>Monapart<\/a><\/div>\n\n\n\n<figure class=\"wp-block-image\"><img loading=\"lazy\" decoding=\"async\" width=\"600\" height=\"428\" src=\"https:\/\/www.monapart.com\/magazine\/wp-content\/uploads\/2023\/01\/entrevista-jordi-mestre-nomad-coffee-1.png\" alt=\"NOMEU COFFEE: PASSI\u00d3 PEL BON CAF\u00c8 | Monapart \" class=\"wp-image-1276\" title=\"entrevista-jordi-mestre-nomad-coffee-1\"\/><\/figure>\n\n\n\n<h3 class=\"wp-block-heading\">Jordi Mestre \u00e9s el responsable (al costat del seu gran equip de Nomad Coffee) que tots aconseguim funcionar als matins gr\u00e0cies als seus deliciosos caf\u00e8s torrats. Per\u00f2 no nom\u00e9s aix\u00f2, sin\u00f3 que any rere any han anat innovant i creixent, fins a crear Fruites Selectes, al qual a m\u00e9s de caf\u00e8 d&#039;especialitat van afegir pa, cuina, fruites i verdures de proximitat. <\/h3>\n\n\n\n<h5 class=\"wp-block-heading has-medium-font-size\"><strong>Parla&#039;ns de tu i de la teva feina. On va n\u00e9ixer la teva vocaci\u00f3? Algun primer record?<\/strong><\/h5>\n\n\n\n<p>Jo em volia dedicar al moble i vaig estudiar les carreres de disseny de mobiliari i restauraci\u00f3 i conservaci\u00f3 del moble (aquesta segona a Londres) on vaig descobrir l&#039;escena de caf\u00e8s d&#039;especialitat que havia entrat fort a la ciutat. All\u00e0 freq\u00fcentava algunes cafeteries i en acabar la universitat i despr\u00e9s d&#039;algunes pr\u00e0ctiques a diferents tallers de restauraci\u00f3 vaig decidir buscar feina a les cafeteries que em donaven bon rotllo.<\/p>\n\n\n\n<p>El meu primer record potent amb el caf\u00e8 \u00e9s un dia pluj\u00f3s. Vaig escapar-me a tastar un caf\u00e8 abans d&#039;entrar a treballar i el barista em va fer un caf\u00e8 que em va fer replantejar-me tot. Aquest caf\u00e8 no s&#039;assemblava gens a tot el que havia pres fins aleshores.<\/p>\n\n\n\n<h5 class=\"wp-block-heading has-medium-font-size\"><strong>Qu\u00e8 \u00e9s el que m\u00e9s et satisf\u00e0 de la teva feina? Alg\u00fa del que et sentis especialment orgull\u00f3s?<\/strong><\/h5>\n\n\n\n<p>L&#039;equip hum\u00e0 que compon NOMAD, com s\u00f3n de professionals i apassionats amb all\u00f2 que fan. El bons que s\u00f3n a la feina i el bon companys i companyes que s\u00f3n.<\/p>\n\n\n\n<figure class=\"wp-block-image\"><img loading=\"lazy\" decoding=\"async\" width=\"600\" height=\"428\" src=\"https:\/\/www.monapart.com\/magazine\/wp-content\/uploads\/2023\/01\/entrevista-jordi-mestre-nomad-coffee-5.png\" alt=\"NOMEU COFFEE: PASSI\u00d3 PEL BON CAF\u00c8 | Monapart \" class=\"wp-image-1277\" title=\"entrevista-jordi-mestre-nomad-coffee-5\" srcset=\"https:\/\/www.monapart.com\/magazine\/wp-content\/uploads\/2023\/01\/entrevista-jordi-mestre-nomad-coffee-5.png 600w, https:\/\/www.monapart.com\/magazine\/wp-content\/uploads\/2023\/01\/entrevista-jordi-mestre-nomad-coffee-5-300x214.png 300w\" sizes=\"auto, (max-width: 600px) 100vw, 600px\" \/><\/figure>\n\n\n\n<h5 class=\"wp-block-heading has-medium-font-size\"><strong>Com \u00e9s el teu proc\u00e9s creatiu? Quines s\u00f3n les fonts d&#039;inspiraci\u00f3? Alguna m\u00fasica especialment mentre treballes?<\/strong><\/h5>\n\n\n\n<p>Tinc la sort d&#039;envoltar-me d&#039;un entorn molt creatiu de dissenyadors i gent amb projectes gastron\u00f2mics molt interessants, aix\u00ed que en aquests temes em solen ajudar molt, especialment la meva parella i la Basora, que s&#039;encarrega de la direcci\u00f3 creativa de NOMAD.<\/p>\n\n\n\n<h5 class=\"wp-block-heading has-medium-font-size\"><strong>Color, llibre, pel\u00b7li i disc favorits. Per aquest ordre! ;D<\/strong><\/h5>\n\n\n\n<p>Blanc.<\/p>\n\n\n\n<p>De l&#039;\u00faltima cosa que he llegit em va encantar <em>Collado: La maledicci\u00f3 d\u00b4una casa de menjar<\/em>s.<\/p>\n\n\n\n<p><em>Els dilluns al Sol.<\/em>&nbsp;<\/p>\n\n\n\n<p>D\u00edficil escollir, per\u00f2 a casa sona molt N\u00faria Graham.<\/p>\n\n\n\n<figure class=\"wp-block-embed is-type-rich is-provider-spotify wp-block-embed-spotify wp-embed-aspect-21-9 wp-has-aspect-ratio\"><div class=\"wp-block-embed__wrapper\">\n<iframe title=\"Spotify Embed: Marjorie\" style=\"border-radius: 12px\" width=\"100%\" height=\"352\" frameborder=\"0\" allowfullscreen allow=\"autoplay; clipboard-write; encrypted-media; fullscreen; picture-in-picture\" loading=\"lazy\" src=\"https:\/\/open.spotify.com\/embed\/album\/2s6C8hw0nd7tcBDHVxFKA6?si=q630cLViTou2x1Xj_B5BjA&#038;utm_source=oembed\"><\/iframe>\n<\/div><\/figure>\n\n\n\n<h5 class=\"wp-block-heading has-medium-font-size\"><strong>\u00c9s casa teva reflex de qui ets? Explica&#039;ns a qu\u00e8 fa olor, el teu rac\u00f3 favorit, el teu objecte decoratiu o moble fetitxe, si atresores alguna col\u00b7lecci\u00f3\u2026 I si tens mascota, presenta&#039;ns-la!<\/strong><\/h5>\n\n\n\n<p>Casa meva \u00e9s el meu m\u00f3n, s\u00ed! Estimo arribar a casa i des de fa anys la comparteixo amb la meva parella i mare de Sim\u00f3, el nostre fill en com\u00fa des de fa una mica m\u00e9s de dos mesos. Aix\u00ed que darrerament fa olor de beb\u00e8 preci\u00f3s i dels vins de verdura i pollastre que preparem tant J\u00falia com jo.<\/p>\n\n\n\n<figure class=\"wp-block-image\"><img loading=\"lazy\" decoding=\"async\" width=\"600\" height=\"428\" src=\"https:\/\/www.monapart.com\/magazine\/wp-content\/uploads\/2023\/01\/entrevista-jordi-mestre-nomad-coffee-2.png\" alt=\"NOMEU COFFEE: PASSI\u00d3 PEL BON CAF\u00c8 | Monapart \" class=\"wp-image-1278\" title=\"entrevista-jordi-mestre-nomad-coffee-2\" srcset=\"https:\/\/www.monapart.com\/magazine\/wp-content\/uploads\/2023\/01\/entrevista-jordi-mestre-nomad-coffee-2.png 600w, https:\/\/www.monapart.com\/magazine\/wp-content\/uploads\/2023\/01\/entrevista-jordi-mestre-nomad-coffee-2-300x214.png 300w\" sizes=\"auto, (max-width: 600px) 100vw, 600px\" \/><\/figure>\n\n\n\n<p>El meu rac\u00f3 favorit \u00e9s la terrassa, abarrotada de testos antics i plantes de tota mena. Tenim for\u00e7a mobles antics, com per exemple un antic armari gegant de roba que ara usem per a tots els b\u00e0rtols de cuina.<\/p>\n\n\n\n<p>Fa dos o tres anys el meu pare em va endollar la col\u00b7lecci\u00f3 de licors de caf\u00e8 i tenim un munt, s\u00f3n ampolles precioses i m&#039;encanta la varietat d&#039;estils, mides etc.<\/p>\n\n\n\n<h5 class=\"wp-block-heading has-medium-font-size\"><strong>Si poguessis comprar-te qualsevol cosa ara mateix i emportar-te-la a casa, quina seria? Qualsevol cosa!<\/strong><\/h5>\n\n\n\n<p>Mmmhh\u2026 crec que l&#039;Ottoman del chaise longue dels Eames, la cadira la tinc, la vaig comprar per wallapop, ara nom\u00e9s em falta el reposapeus!<\/p>\n\n\n\n<h5 class=\"wp-block-heading has-medium-font-size\"><strong>Un pla a casa sempre inclou\u2026<\/strong><\/h5>\n\n\n\n<p>Vins naturals rics i variats.<\/p>\n\n\n\n<h5 class=\"wp-block-heading has-medium-font-size\"><strong>Tens algun plat estrella?<\/strong><\/h5>\n\n\n\n<p>No en tinc un. M&#039;encanta cuinar en general, encara que algunes coses em surten regulars. S\u00f2l cuinar arrossos, m&#039;agrada el repte amb els arrossos, aix\u00ed que no acostumo a repetir encara que s\u00ed agafo moltes idees del meu sogre que fa els millors arrossos que he provat mai.<\/p>\n\n\n\n<figure class=\"wp-block-image\"><img loading=\"lazy\" decoding=\"async\" width=\"600\" height=\"428\" src=\"https:\/\/www.monapart.com\/magazine\/wp-content\/uploads\/2023\/01\/entrevista-jordi-mestre-nomad-coffee-3.png\" alt=\"NOMEU COFFEE: PASSI\u00d3 PEL BON CAF\u00c8 | Monapart \" class=\"wp-image-1279\" title=\"entrevista-jordi-mestre-nomad-coffee-3\" srcset=\"https:\/\/www.monapart.com\/magazine\/wp-content\/uploads\/2023\/01\/entrevista-jordi-mestre-nomad-coffee-3.png 600w, https:\/\/www.monapart.com\/magazine\/wp-content\/uploads\/2023\/01\/entrevista-jordi-mestre-nomad-coffee-3-300x214.png 300w\" sizes=\"auto, (max-width: 600px) 100vw, 600px\" \/><\/figure>\n\n\n\n<h5 class=\"wp-block-heading has-medium-font-size\"><strong>Quin \u00e9s el teu lloc preferit a la teva ciutat? I a l&#039;estranger?<\/strong><\/h5>\n\n\n\n<p>El meu lloc preferit a Barcelona \u00e9s la nostra bonica casa, \u00e9s el meu parad\u00eds i amb la meva parella J\u00falia i el meu fill Sim\u00f3 no em puc imaginar un lloc millor.<\/p>\n\n\n\n<p>A l&#039;estranger no em quedaria amb un sol lloc, el m\u00f3n \u00e9s massa gran i he gaudit de llocs i moments m\u00e0gics a tots els continents.<\/p>\n\n\n\n<h3 class=\"wp-block-heading\">Jordi Mestre ha aconseguit que Nomad Coffee sigui molt m\u00e9s que una marca de caf\u00e8: \u00e9s una filosofia, un estil de vida i una comunitat apassionada per la qualitat i la innovaci\u00f3. Des del seu rac\u00f3 a Barcelona fins a cada tassa servida, la seva hist\u00f2ria \u00e9s una prova que la passi\u00f3 i la dedicaci\u00f3 poden transformar el que \u00e9s quotidi\u00e0 en una cosa extraordin\u00e0ria.<\/h3>\n\n\n\n<p><\/p>","protected":false},"excerpt":{"rendered":"<p>Si no est\u00e0s prou despert per con\u00e8ixer m\u00e9s a fons Jordi i Nomad Coffee, no esperis m\u00e9s, prepara&#039;t un bon caf\u00e8 que comencem!<\/p>","protected":false},"author":3,"featured_media":1276,"comment_status":"closed","ping_status":"closed","sticky":false,"template":"","format":"standard","meta":{"_acf_changed":false,"footnotes":""},"categories":[2844,2845],"tags":[3264],"class_list":["post-1275","post","type-post","status-publish","format-standard","has-post-thumbnail","hentry","category-hogar","category-mi-monapart","tag-alimentacion"],"acf":[],"_links":{"self":[{"href":"https:\/\/www.monapart.com\/magazine\/ca\/wp-json\/wp\/v2\/posts\/1275","targetHints":{"allow":["GET"]}}],"collection":[{"href":"https:\/\/www.monapart.com\/magazine\/ca\/wp-json\/wp\/v2\/posts"}],"about":[{"href":"https:\/\/www.monapart.com\/magazine\/ca\/wp-json\/wp\/v2\/types\/post"}],"author":[{"embeddable":true,"href":"https:\/\/www.monapart.com\/magazine\/ca\/wp-json\/wp\/v2\/users\/3"}],"replies":[{"embeddable":true,"href":"https:\/\/www.monapart.com\/magazine\/ca\/wp-json\/wp\/v2\/comments?post=1275"}],"version-history":[{"count":1,"href":"https:\/\/www.monapart.com\/magazine\/ca\/wp-json\/wp\/v2\/posts\/1275\/revisions"}],"predecessor-version":[{"id":16863,"href":"https:\/\/www.monapart.com\/magazine\/ca\/wp-json\/wp\/v2\/posts\/1275\/revisions\/16863"}],"wp:featuredmedia":[{"embeddable":true,"href":"https:\/\/www.monapart.com\/magazine\/ca\/wp-json\/wp\/v2\/media\/1276"}],"wp:attachment":[{"href":"https:\/\/www.monapart.com\/magazine\/ca\/wp-json\/wp\/v2\/media?parent=1275"}],"wp:term":[{"taxonomy":"category","embeddable":true,"href":"https:\/\/www.monapart.com\/magazine\/ca\/wp-json\/wp\/v2\/categories?post=1275"},{"taxonomy":"post_tag","embeddable":true,"href":"https:\/\/www.monapart.com\/magazine\/ca\/wp-json\/wp\/v2\/tags?post=1275"}],"curies":[{"name":"wp","href":"https:\/\/api.w.org\/{rel}","templated":true}]}}