{"id":1271,"date":"2022-12-14T13:57:30","date_gmt":"2022-12-14T12:57:30","guid":{"rendered":"https:\/\/www.monapart.com\/magazine\/?p=1271"},"modified":"2025-06-20T16:48:08","modified_gmt":"2025-06-20T14:48:08","slug":"contain-il%c2%b7luminacio-i-mobiliari-per-a-tota-una-vida","status":"publish","type":"post","link":"https:\/\/www.monapart.com\/magazine\/ca\/hogar\/contain-iluminacion-y-mobiliario-para-toda-una-vida","title":{"rendered":"Contain: il\u00b7luminaci\u00f3 i mobiliari per a tota una vida"},"content":{"rendered":"<h1 class=\"wp-block-heading\">Contain: il\u00b7luminaci\u00f3 i mobiliari per a tota una vida<\/h1>\n\n\n\n<h2 class=\"wp-block-heading\">La creativitat i la senzillesa creen una sinergia \u00fanica i genera una narrativa entre els materials utilitzats i les peces creades.<\/h2>\n\n\n<div class='post-info'>14 de desembre de 2022 per <a href='https:\/\/www.monapart.com\/magazine\/ca\/autor\/monapart'>Monapart<\/a><\/div>\n\n\n\n<figure class=\"wp-block-image\"><img loading=\"lazy\" decoding=\"async\" width=\"600\" height=\"428\" src=\"https:\/\/www.monapart.com\/magazine\/wp-content\/uploads\/2022\/12\/contain-entrevista-monapart-1.png\" alt=\"Contain: il\u00b7luminaci\u00f3 i mobiliari per a tota una vida | Monapart \" class=\"wp-image-1272\" title=\"contain-entrevista-monapart-1\" srcset=\"https:\/\/www.monapart.com\/magazine\/wp-content\/uploads\/2022\/12\/contain-entrevista-monapart-1.png 600w, https:\/\/www.monapart.com\/magazine\/wp-content\/uploads\/2022\/12\/contain-entrevista-monapart-1-300x214.png 300w\" sizes=\"auto, (max-width: 600px) 100vw, 600px\" \/><\/figure>\n\n\n\n<h3 class=\"wp-block-heading\">CONTAIN neix del desig de Joan i Maurici de crear alguna cosa junts. Cosa que, a m\u00e9s de bell, pugui traspassar generacions i perduri en el temps. Tots els objectes s\u00f3n fruit de la col\u00b7laboraci\u00f3 entre l&#039;estudi, els artesans locals i el sector industrial.<\/h3>\n\n\n\n<h5 class=\"wp-block-heading has-medium-font-size\"><strong>Parleu-nos de vosaltres i de la vostra feina. On va n\u00e9ixer la vostra vocaci\u00f3? Algun primer record?<\/strong><\/h5>\n\n\n\n<p>Maurici: va estudiar Disseny Industrial a la Universitat de Buenos Aires, Argentina. Abans de crear <a href=\"https:\/\/www.contain.es\/\" target=\"_blank\" rel=\"noreferrer noopener\">CONTAIN<\/a>, a Buenos Aires, Mauricio tenia el seu propi estudi de disseny i il\u00b7luminaci\u00f3, on dissenyava peces d&#039;il\u00b7luminaci\u00f3 per a marques com Veuve Clicquot, Campari i il\u00b7luminaci\u00f3 i mobiliari per a projectes d&#039;hoteleria i restauraci\u00f3.<\/p>\n\n\n\n<p>Juan: va estudiar Comunicaci\u00f3 Publicit\u00e0ria a la Universitat de Buenos Aires, Argentina. Abans de crear CONTAIN: va treballar com a creatiu publicitari en ag\u00e8ncies com Ogilvy o GREY, per a comptes com Coca-Cola, Audi o Volkswagen.<\/p>\n\n\n\n<p>Sempre somiem fer alguna cosa junts i \u00e9s aix\u00ed que una vegada mudats i establert a Mallorca neix CONTAIN, una marca d&#039;il\u00b7luminaci\u00f3 i mobiliari que representa el nostre estil de vida, vinculat al concepte de <em>slow design<\/em>, el qual busca democratitzar el disseny, estimular el consum de productes duradors i \u00fanics. Que durin una vida i que transcendeixin generacions, que alenteixin el nivell de consum i \u00fas.<\/p>\n\n\n\n<h5 class=\"wp-block-heading has-medium-font-size\"><strong>Qu\u00e8 \u00e9s el que m\u00e9s us satisf\u00e0 de la vostra feina? Alg\u00fa del que us sentiu especialment orgullosos?<\/strong><\/h5>\n\n\n\n<p>Veure el resultat i els clients feli\u00e7os \u00e9s sempre el m\u00e9s satisfactori. Aquest any hem col\u00b7locat llumin\u00e0ries en un store de Cartier dins la Casa Batll\u00f3, la qual cosa ens ha donat molt d&#039;orgull.<\/p>\n\n\n\n<h5 class=\"wp-block-heading has-medium-font-size\"><strong>Com \u00e9s el vostre proc\u00e9s creatiu? Quines s\u00f3n les vostres fonts d&#039;inspiraci\u00f3?<\/strong><\/h5>\n\n\n\n<p>El proc\u00e9s creatiu per a la creaci\u00f3 de les primeres peces va comen\u00e7ar amb el delineament de la nostra primera col\u00b7lecci\u00f3, en qu\u00e8 procurem una uni\u00f3 entre el disseny amb la tradici\u00f3, creant un di\u00e0leg amb els artesans de l&#039;illa, materialistes i ceramistes, per la qual cosa el proc\u00e9s creatiu sorgeix amb una necessitat. <\/p>\n\n\n\n<p>En voler treballar amb materials i obra de m\u00e0 local, no ens va quedar altra cosa que crear una sinergia entre aquests dos mons, entre la tradici\u00f3 que ens aportava l&#039;illa, els materials i els recursos, amb el disseny, la tecnologia i la visi\u00f3 que ten\u00edem. Es va donar de forma natural i vam aconseguir que tots dos mons convisquessin a la nova col\u00b7lecci\u00f3 sota una harmonia que ens encanta. <\/p>\n\n\n\n<p>Moltes vegades la tecnologia va ser la que va ajudar a reconvertir aquests materials en all\u00f2 que busc\u00e0vem i altres vegades van ser els materials i les seves caracter\u00edstiques morfol\u00f2giques el que ens van portar a crear determinades peces amb determinades caracter\u00edstiques.<\/p>\n\n\n\n<figure class=\"wp-block-image\"><img loading=\"lazy\" decoding=\"async\" width=\"600\" height=\"428\" src=\"https:\/\/www.monapart.com\/magazine\/wp-content\/uploads\/2022\/12\/contain-entrevista-monapart-4.png\" alt=\"Contain: il\u00b7luminaci\u00f3 i mobiliari per a tota una vida | Monapart \" class=\"wp-image-1273\" title=\"contain-entrevista-monapart-3\" srcset=\"https:\/\/www.monapart.com\/magazine\/wp-content\/uploads\/2022\/12\/contain-entrevista-monapart-4.png 600w, https:\/\/www.monapart.com\/magazine\/wp-content\/uploads\/2022\/12\/contain-entrevista-monapart-4-300x214.png 300w\" sizes=\"auto, (max-width: 600px) 100vw, 600px\" \/><\/figure>\n\n\n\n<h5 class=\"wp-block-heading has-medium-font-size\"><strong>Alguna m\u00fasica en especial mentre treballeu?<\/strong><\/h5>\n\n\n\n<p>Super variat! som 16 persones al taller, aix\u00ed que anem variant el DJ cada dia.<\/p>\n\n\n\n<h5 class=\"wp-block-heading has-medium-font-size\"><strong>Color, llibre, pel\u00b7li i disc favorits. Per aquest ordre! ;D<\/strong><\/h5>\n\n\n\n<p>Colors a casa: fusta, blanc, gris i negre.<br>Llibres: Buenos Aires: Art Deco i Racionalisme de Mimi B&#039;Ohm i Fabio Grementier, Vicent Van Duysen: Works i Warhol Live, m\u00fasica i dansa in Andy Warhol&#039;s Work de Stephane Aquin.<br>Disc favorit que sona molt: A Bigger Splash, Futur Splash.<\/p>\n\n\n\n<figure class=\"wp-block-embed is-type-rich is-provider-spotify wp-block-embed-spotify wp-embed-aspect-21-9 wp-has-aspect-ratio\"><div class=\"wp-block-embed__wrapper\">\n<iframe title=\"Spotify Embed: The Smiths\" style=\"border-radius: 12px\" width=\"100%\" height=\"352\" frameborder=\"0\" allowfullscreen allow=\"autoplay; clipboard-write; encrypted-media; fullscreen; picture-in-picture\" loading=\"lazy\" src=\"https:\/\/open.spotify.com\/embed\/album\/6cI1XoZsOhkyrCwtuI70CN?si=TFvyWDWmTZGneEJmtWXXAQ&#038;utm_source=oembed\"><\/iframe>\n<\/div><\/figure>\n\n\n\n<h5 class=\"wp-block-heading has-medium-font-size\"><strong>\u00c9s casa vostra reflex de qui sou? Expliqueu-nos a qu\u00e8 fa olor, el vostre rac\u00f3 favorit, el vostre objecte decoratiu o moble fetitxe, si atresoreu alguna col\u00b7lecci\u00f3\u2026 I si teniu mascota, presenteu-nos-la!<\/strong><\/h5>\n\n\n\n<p>S\u00ed, \u00e9s el nostre reflex al 100%, poques coses i que ens agraden molt.<\/p>\n\n\n\n<p>Fa olor a l&#039;aroma Fig d&#039;Aquin\u00e8sia, el rac\u00f3 favorit \u00e9s la terrassa.<\/p>\n\n\n\n<p>El nostre objectiu decoratiu favorit \u00e9s un banc realitzat amb olivera de l&#039;illa, i despr\u00e9s cremat amb foc, proc\u00e9s mitjan\u00e7ant el qual va quedar de color negre. El trobem en un antiquari de Pollen\u00e7a i \u00e9s sens dubte el nostre objecte preferit.<\/p>\n\n\n\n<p>Tenim dos gossos, apareixen a les fotos, Otto i Aldo.<\/p>\n\n\n\n<figure class=\"wp-block-image\"><img loading=\"lazy\" decoding=\"async\" width=\"600\" height=\"428\" src=\"https:\/\/www.monapart.com\/magazine\/wp-content\/uploads\/2022\/12\/contain-entrevista-monapart-2.png\" alt=\"Contain: il\u00b7luminaci\u00f3 i mobiliari per a tota una vida | Monapart \" class=\"wp-image-1274\" title=\"contain-entrevista-monapart-2\" srcset=\"https:\/\/www.monapart.com\/magazine\/wp-content\/uploads\/2022\/12\/contain-entrevista-monapart-2.png 600w, https:\/\/www.monapart.com\/magazine\/wp-content\/uploads\/2022\/12\/contain-entrevista-monapart-2-300x214.png 300w\" sizes=\"auto, (max-width: 600px) 100vw, 600px\" \/><\/figure>\n\n\n\n<h5 class=\"wp-block-heading has-medium-font-size\"><strong>Si pogueu comprar-vos qualsevol cosa ara mateix i emporteu-vos-la a casa, quina seria? Qualsevol cosa!<\/strong><\/h5>\n\n\n\n<p>Mmm res. Ja tenim a casa tot el que necessitem, menys \u00e9s m\u00e9s!<\/p>\n\n\n\n<h5 class=\"wp-block-heading has-medium-font-size\"><strong>Un pla a casa sempre inclou\u2026<\/strong><\/h5>\n\n\n\n<p>Cuinar, amics, bona m\u00fasica i vi!<\/p>\n\n\n\n<h5 class=\"wp-block-heading has-medium-font-size\"><strong>Tens algun plat estrella?<\/strong><\/h5>\n\n\n\n<p>Pollastre a la sal<\/p>\n\n\n\n<h5 class=\"wp-block-heading has-medium-font-size\"><strong>Quin \u00e9s el teu lloc preferit a la teva ciutat? I a l&#039;estranger?<\/strong><\/h5>\n\n\n\n<p>Tenim una caleta a 15 minuts de casa que ens transporta. Ens vam escapar despr\u00e9s de l&#039;oficina cada cop que podem. Un lloc a l&#039;estranger: La Patagonia.<\/p>\n\n\n\n<h3 class=\"wp-block-heading\">Amb una filosofia que advoca per l&#039;atemporalitat i l&#039;equilibri entre innovaci\u00f3 i artesania, Joan i Maurici han aconseguit crear un univers on la llum i el mobiliari transcendeixen all\u00f2 merament funcional per convertir-se en objectes amb \u00e0nima, destinats a perdurar i acompanyar tota una vida.<\/h3>\n\n\n\n<p><\/p>","protected":false},"excerpt":{"rendered":"<p>Contain: iluminaci\u00f3n y mobiliario para toda una vida La creatividad y la sencillez crean una sinergia \u00fanica y genera una narrativa entre los materiales utilizados y las piezas creadas. CONTAIN\u00a0nace del deseo de Juan y Mauricio de crear algo juntos. Algo que, adem\u00e1s de bello, pueda traspasar generaciones y perdure en el tiempo. Todos los [&hellip;]<\/p>\n","protected":false},"author":3,"featured_media":1272,"comment_status":"closed","ping_status":"closed","sticky":false,"template":"","format":"standard","meta":{"_acf_changed":false,"footnotes":""},"categories":[2844,2845],"tags":[3261,2881],"class_list":["post-1271","post","type-post","status-publish","format-standard","has-post-thumbnail","hentry","category-hogar","category-mi-monapart","tag-iluminacion","tag-mobiliario"],"acf":[],"_links":{"self":[{"href":"https:\/\/www.monapart.com\/magazine\/ca\/wp-json\/wp\/v2\/posts\/1271","targetHints":{"allow":["GET"]}}],"collection":[{"href":"https:\/\/www.monapart.com\/magazine\/ca\/wp-json\/wp\/v2\/posts"}],"about":[{"href":"https:\/\/www.monapart.com\/magazine\/ca\/wp-json\/wp\/v2\/types\/post"}],"author":[{"embeddable":true,"href":"https:\/\/www.monapart.com\/magazine\/ca\/wp-json\/wp\/v2\/users\/3"}],"replies":[{"embeddable":true,"href":"https:\/\/www.monapart.com\/magazine\/ca\/wp-json\/wp\/v2\/comments?post=1271"}],"version-history":[{"count":1,"href":"https:\/\/www.monapart.com\/magazine\/ca\/wp-json\/wp\/v2\/posts\/1271\/revisions"}],"predecessor-version":[{"id":17437,"href":"https:\/\/www.monapart.com\/magazine\/ca\/wp-json\/wp\/v2\/posts\/1271\/revisions\/17437"}],"wp:featuredmedia":[{"embeddable":true,"href":"https:\/\/www.monapart.com\/magazine\/ca\/wp-json\/wp\/v2\/media\/1272"}],"wp:attachment":[{"href":"https:\/\/www.monapart.com\/magazine\/ca\/wp-json\/wp\/v2\/media?parent=1271"}],"wp:term":[{"taxonomy":"category","embeddable":true,"href":"https:\/\/www.monapart.com\/magazine\/ca\/wp-json\/wp\/v2\/categories?post=1271"},{"taxonomy":"post_tag","embeddable":true,"href":"https:\/\/www.monapart.com\/magazine\/ca\/wp-json\/wp\/v2\/tags?post=1271"}],"curies":[{"name":"wp","href":"https:\/\/api.w.org\/{rel}","templated":true}]}}