{"id":126,"date":"2014-02-04T13:43:18","date_gmt":"2014-02-04T12:43:18","guid":{"rendered":"https:\/\/www.monapart.com\/magazine\/?p=126"},"modified":"2025-07-30T11:01:11","modified_gmt":"2025-07-30T09:01:11","slug":"sofar-sounds","status":"publish","type":"post","link":"https:\/\/www.monapart.com\/magazine\/ca\/hogar\/sofar-sounds","title":{"rendered":"Sofar Sounds"},"content":{"rendered":"<h1 class=\"wp-block-heading\">Sofar Sounds<\/h1>\n\n\n\n<h2 class=\"wp-block-heading\">Sofar Sounds \u00e9s un projecte musical internacional que aterra a Barcelona. Es tracta de concerts dom\u00e8stics secrets a casa privades, cada mes, per a mel\u00f2mans comodons que volen gaudir d&#039;un bon concert en directe sense aixecar-se del sof\u00e0.<\/h2>\n\n\n<div class='post-info'>4 de febrer de 2014 per <a href='https:\/\/www.monapart.com\/magazine\/ca\/autor\/monapart'>Monapart<\/a><\/div>\n\n\n\n<p><\/p>\n\n\n\n<figure class=\"wp-block-embed is-type-video is-provider-youtube wp-block-embed-youtube wp-embed-aspect-16-9 wp-has-aspect-ratio\"><div class=\"wp-block-embed__wrapper\">\n<iframe loading=\"lazy\" title=\"SOFAR SOUNDS\" width=\"500\" height=\"281\" src=\"https:\/\/www.youtube.com\/embed\/vxCUM96bxYc?feature=oembed\" frameborder=\"0\" allow=\"accelerometer; autoplay; clipboard-write; encrypted-media; gyroscope; picture-in-picture; web-share\" referrerpolicy=\"strict-origin-when-cross-origin\" allowfullscreen><\/iframe>\n<\/div><\/figure>\n\n\n\n<p>S\u00f3n les 20:30 i estem davant d&#039;un portal proper a l&#039;edifici de Correus de Via Laietana. Hem quedat amb Anna (Ibarzabal), una de les organitzadores de <strong><a href=\"https:\/\/www.facebook.com\/sofarbcn?fref=ts\" target=\"_blank\" rel=\"noreferrer noopener\">Sofar Barcelona<\/a><\/strong>, i al costat d&#039;ella penja un cartell que indica el lloc exacte del concert dom\u00e8stic al qual assistirem. No sabem quins m\u00fasics tocaran ni com ser\u00e0 el lloc, i aquest plus de misteri i emoci\u00f3 moooola.<\/p>\n\n\n\n<p>Agafem l&#039;ascensor i arribem a una preciosa vivenda de Med Apartments i com arribem d&#039;hora, tenim la sort de poder presenciar les proves de so. A l&#039;entrada ens rep Roberto (Esposito), tamb\u00e9 organitzador, que ens desvetlla el plat fort de la nit: <a href=\"http:\/\/misscarrussel.bandcamp.com\/album\/totes-les-coses-perennes-sones-2012\" target=\"_blank\" rel=\"noreferrer noopener\"><strong>Miss Carrussel<\/strong><\/a>, <a href=\"https:\/\/www.facebook.com\/lessueques\" target=\"_blank\" rel=\"noreferrer noopener\"><strong>Les Sueques<\/strong><\/a> i <a href=\"http:\/\/dasouza.bandcamp.com\/\" target=\"_blank\" rel=\"noreferrer noopener\"><strong>Da Souza<\/strong><\/a>, les tres bandes que amenitzaran la vetllada al sal\u00f3 de l&#039;apartament. Al costat de Roberto, Anna (Fern\u00e1ndez), Ainara (Mara\u00f1\u00f3n), Jordi (Isern) i Victoria (Niven) ultimen detalls: micros connectats, set lists correctes, llista de convidats, llums\u2026 De fons, Les Sueques afinen les guitarres mentre alguns <em>grupies<\/em> treuen fotos per compartir a <a href=\"http:\/\/instagram.com\/sofarsounds\" target=\"_blank\" rel=\"noreferrer noopener\">Instagram<\/a>. Es respira un ambient de nervis previ a qualsevol actuaci\u00f3. A poc a poc comen\u00e7a a arribar el p\u00fablic i en uns minuts el sal\u00f3 s&#039;omple de gom a gom.<\/p>\n\n\n\n<figure class=\"wp-block-image is-resized\"><img decoding=\"async\" src=\"https:\/\/www.monapart.com\/sites\/default\/files\/styles\/scale_960x960_\/public\/mediabrowser\/sofar-sounds_1.jpg?itok=JftSf-Im\" alt=\"Sofar Sounds | Monapart \" style=\"width:555px;height:auto\"\/><\/figure>\n\n\n\n<p>Vict\u00f2ria, que exerceix d&#039;amfitriona, ens explica la hist\u00f2ria de <strong><a href=\"http:\/\/sofarsounds.com\/#!\/landing\" target=\"_blank\" rel=\"noopener\">Sofar Sounds<\/a><\/strong> en comen\u00e7ar lactuaci\u00f3. <strong>Sounds For A Room<\/strong> (Sofar) va sorgir fa quatre anys quan dos amics londinencs van apostar per un nou concepte art\u00edstic. Farts dels concerts multitudinaris, van pensar en <strong>reunir m\u00fasics i p\u00fablic en entorns m\u00e9s \u00edntims<\/strong> on gaudir d\u00b4un concert d\u00b4una forma molt m\u00e9s personal i directa. I a m\u00e9s, tot s&#039;havia de fer per amor a l&#039;art. Ning\u00fa no cobra, l&#039;entrada \u00e9s gratu\u00efta i la cervesa i el pica-pica costen poc m\u00e9s d&#039;1\u20ac.<\/p>\n\n\n\n<figure class=\"wp-block-image is-resized\"><img decoding=\"async\" src=\"https:\/\/www.monapart.com\/sites\/default\/files\/styles\/scale_960x960_\/public\/mediabrowser\/sofar-sounds_2.jpg?itok=7vGCsY1l\" alt=\"Sofar Sounds | Monapart \" style=\"width:559px;height:auto\"\/><\/figure>\n\n\n\n<figure class=\"wp-block-image is-resized\"><img decoding=\"async\" src=\"https:\/\/www.monapart.com\/sites\/default\/files\/styles\/scale_960x960_\/public\/mediabrowser\/sofar-sounds_3.jpg?itok=tA10nDDm\" alt=\"Sofar Sounds | Monapart \" style=\"width:561px;height:auto\"\/><\/figure>\n\n\n\n<figure class=\"wp-block-image is-resized\"><img decoding=\"async\" src=\"https:\/\/www.monapart.com\/sites\/default\/files\/styles\/scale_960x960_\/public\/mediabrowser\/sofar-sounds_4.jpg?itok=6y0WUtyv\" alt=\"Sofar Sounds | Monapart \" style=\"width:563px;height:auto\"\/><\/figure>\n\n\n\n<p>La f\u00f3rmula va calar i es va estendre per 42 ciutats, i va arribar a Barcelona el mes de febrer passat. Totes les actuacions s&#039;anuncien mensualment i per assistir-hi cal estar inscrit al seu newsletter i apuntar-te via mail. Per\u00f2 nom\u00e9s els m\u00e9s r\u00e0pids aconsegueixen pla\u00e7a, ja que s&#039;assignen per ordre de recepci\u00f3, encara que sempre es d\u00f3na prioritat als \u201cnous\u201d. Ens diuen que \u00e9s addictiu i que qui assisteix a un Sofar, repeteix.<\/p>\n\n\n\n<p><\/p>\n\n\n\n<p><\/p>","protected":false},"excerpt":{"rendered":"<p>Sofar Sounds \u00e9s un projecte musical internacional que aterra a Barcelona. Es tracta de concerts dom\u00e8stics secrets a casa privades, cada mes, per a mel\u00f2mans comodons que volen gaudir d&#039;un bon concert en directe sense aixecar-se del sof\u00e0.<\/p>","protected":false},"author":3,"featured_media":127,"comment_status":"closed","ping_status":"closed","sticky":false,"template":"","format":"standard","meta":{"_acf_changed":false,"footnotes":""},"categories":[2844,2846],"tags":[2884],"class_list":["post-126","post","type-post","status-publish","format-standard","has-post-thumbnail","hentry","category-hogar","category-espacios-y-vida","tag-especiesdeespacios"],"acf":[],"_links":{"self":[{"href":"https:\/\/www.monapart.com\/magazine\/ca\/wp-json\/wp\/v2\/posts\/126","targetHints":{"allow":["GET"]}}],"collection":[{"href":"https:\/\/www.monapart.com\/magazine\/ca\/wp-json\/wp\/v2\/posts"}],"about":[{"href":"https:\/\/www.monapart.com\/magazine\/ca\/wp-json\/wp\/v2\/types\/post"}],"author":[{"embeddable":true,"href":"https:\/\/www.monapart.com\/magazine\/ca\/wp-json\/wp\/v2\/users\/3"}],"replies":[{"embeddable":true,"href":"https:\/\/www.monapart.com\/magazine\/ca\/wp-json\/wp\/v2\/comments?post=126"}],"version-history":[{"count":2,"href":"https:\/\/www.monapart.com\/magazine\/ca\/wp-json\/wp\/v2\/posts\/126\/revisions"}],"predecessor-version":[{"id":18393,"href":"https:\/\/www.monapart.com\/magazine\/ca\/wp-json\/wp\/v2\/posts\/126\/revisions\/18393"}],"wp:featuredmedia":[{"embeddable":true,"href":"https:\/\/www.monapart.com\/magazine\/ca\/wp-json\/wp\/v2\/media\/127"}],"wp:attachment":[{"href":"https:\/\/www.monapart.com\/magazine\/ca\/wp-json\/wp\/v2\/media?parent=126"}],"wp:term":[{"taxonomy":"category","embeddable":true,"href":"https:\/\/www.monapart.com\/magazine\/ca\/wp-json\/wp\/v2\/categories?post=126"},{"taxonomy":"post_tag","embeddable":true,"href":"https:\/\/www.monapart.com\/magazine\/ca\/wp-json\/wp\/v2\/tags?post=126"}],"curies":[{"name":"wp","href":"https:\/\/api.w.org\/{rel}","templated":true}]}}