{"id":1255,"date":"2022-11-19T15:44:57","date_gmt":"2022-11-19T14:44:57","guid":{"rendered":"https:\/\/www.monapart.com\/magazine\/?p=1255"},"modified":"2025-06-19T19:15:53","modified_gmt":"2025-06-19T17:15:53","slug":"la-captacio-com-mai-tho-han-explicat-en-valencia","status":"publish","type":"post","link":"https:\/\/www.monapart.com\/magazine\/ca\/gente-real\/la-captacion-como-nunca-te-la-han-contado-en-valencia","title":{"rendered":"La captaci\u00f3n como nunca te la han contado&#8230; En Valencia"},"content":{"rendered":"<h1 class=\"wp-block-heading\">LA CAPTACI\u00d3 COM MAI TE L&#039;HAN COMPTAT\u2026 A VAL\u00c8NCIA<\/h1>\n\n\n\n<h2 class=\"wp-block-heading\">Jos\u00e9 Luis Echeverr\u00eda ha compartit una formaci\u00f3 a Val\u00e8ncia per parlar de metodologies i eines aptes per domar agendes.<\/h2>\n\n\n<div class='post-info'>19 de novembre de 2022 per <a href='https:\/\/www.monapart.com\/magazine\/ca\/autor\/monapart'>Monapart<\/a><\/div>\n\n\n\n<p><\/p>\n\n\n\n<p>El passat 17 de novembre a Monapart vam fer les maletes i vam posar rumb a Val\u00e8ncia per impartir la nostra formaci\u00f3 #captandobajolapluja. La trobada va tenir lloc a l&#039;Hotel Hospes Palau de la Mar, on a m\u00e9s vam gaudir d&#039;un esmorzar que ens va donar l&#039;energia necess\u00e0ria per assimilar tot el que passaria una estona despr\u00e9s.<\/p>\n\n\n\n<p>En aquesta ocasi\u00f3, <a href=\"https:\/\/www.linkedin.com\/in\/jlecheverria\/\" target=\"_blank\" rel=\"noreferrer noopener\">Jos\u00e9 Luis Echeverr\u00eda<\/a> va oferir a m\u00e9s de 30 experts immobiliaris una formaci\u00f3 top sobre captaci\u00f3 perqu\u00e8 estiguin ben equipats aquest 2023.<\/p>\n\n\n\n<figure class=\"wp-block-image\"><img loading=\"lazy\" decoding=\"async\" width=\"600\" height=\"428\" src=\"https:\/\/www.monapart.com\/magazine\/wp-content\/uploads\/2022\/11\/la_captacion_como_nunca_te_la_han_contado_en_valencia_monapart.png\" alt=\"LA CAPTACI\u00d3 COM MAI TE L&#039;HAN COMPTAT... A VAL\u00c8NCIA | Monapart \" class=\"wp-image-1256\" title=\"la_captacion_com_mai_te_la_han_contado_en_valencia_monapart\" srcset=\"https:\/\/www.monapart.com\/magazine\/wp-content\/uploads\/2022\/11\/la_captacion_como_nunca_te_la_han_contado_en_valencia_monapart.png 600w, https:\/\/www.monapart.com\/magazine\/wp-content\/uploads\/2022\/11\/la_captacion_como_nunca_te_la_han_contado_en_valencia_monapart-300x214.png 300w\" sizes=\"auto, (max-width: 600px) 100vw, 600px\" \/><\/figure>\n\n\n\n<p>Una formaci\u00f3 de captaci\u00f3 que no t\u00e9 res a veure amb la resta de formacions, i els agents immobiliaris que l&#039;han viscuda ho fan saber aix\u00ed:<\/p>\n\n\n\n<ul class=\"wp-block-list\">\n<li>\u00abTaller pr\u00e0ctic de principi a fi, aporta molt m\u00e9s valor que les t\u00edpiques xerrades motivacionals de vendes.\u00bb \u00b7\u00a0<a href=\"https:\/\/www.linkedin.com\/in\/nievesarchilla\/\" target=\"_blank\" rel=\"noreferrer noopener\">Nieves Archilla Hidalgo<\/a><\/li>\n\n\n\n<li>\u00abDiferent, innovador com sempre ho fa Monapart. Una formaci\u00f3 de base essencial per a tot assessor immobiliari.\u00bb \u00b7\u00a0<a href=\"https:\/\/www.linkedin.com\/in\/mariottirodriguez\/\" target=\"_blank\" rel=\"noreferrer noopener\">MARIOTTI RODRIGUEZ<\/a><\/li>\n\n\n\n<li>\u00abMolt interessant i motivador per seguir endavant amb confian\u00e7a.\u00bb \u00b7 <a href=\"https:\/\/www.monapart.com\/magazine\/ca\/agentes\/manuel-velasco\/\" target=\"_blank\" rel=\"noreferrer noopener\">Manuel Velasco<\/a><\/li>\n\n\n\n<li>\u00abUn taller ubicat en un lloc meravell\u00f3s de Madrid; un ponent de 10 Jos\u00e9 Luis Echeverr\u00eda; un contingut conc\u00eds i pr\u00e0ctic. L&#039;equip de Monapart \u00e9s un encant. Gr\u00e0cies a tots i totes per la vostra feina.\u00bb \u00b7 Alexandra de Luis<\/li>\n\n\n\n<li>\u00abT\u00e8cnica per organitzar el teu temps i tenir \u00e8xit en el desenvolupament com a agent immobiliari.\u00bb \u00b7\u00a0<a href=\"https:\/\/www.monapart.com\/magazine\/ca\/agentes\/carlos-de-loresecha\/\" target=\"_blank\" rel=\"noreferrer noopener\">Carlos De Loresecha<\/a><\/li>\n<\/ul>\n\n\n\n<p>Milers de gr\u00e0cies a tots els assistents que ens vau acompanyar, estem segurs que captareu com mai i partireu la pana aquest 2023. Estem desitjant tornar!<\/p>","protected":false},"excerpt":{"rendered":"<p>Jos\u00e9 Luis Echeverr\u00eda ha compartido una formaci\u00f3n de captaci\u00f3n<br \/>\n en Valencia para hablar de metodolog\u00edas y herramientas aptas para domar agendas.<\/p>","protected":false},"author":3,"featured_media":1257,"comment_status":"closed","ping_status":"closed","sticky":false,"template":"","format":"standard","meta":{"_acf_changed":false,"footnotes":""},"categories":[2849,2850],"tags":[3248,2873],"class_list":["post-1255","post","type-post","status-publish","format-standard","has-post-thumbnail","hentry","category-gente-real","category-formacion-inmobiliaria","tag-formacion","tag-captacion"],"acf":[],"_links":{"self":[{"href":"https:\/\/www.monapart.com\/magazine\/ca\/wp-json\/wp\/v2\/posts\/1255","targetHints":{"allow":["GET"]}}],"collection":[{"href":"https:\/\/www.monapart.com\/magazine\/ca\/wp-json\/wp\/v2\/posts"}],"about":[{"href":"https:\/\/www.monapart.com\/magazine\/ca\/wp-json\/wp\/v2\/types\/post"}],"author":[{"embeddable":true,"href":"https:\/\/www.monapart.com\/magazine\/ca\/wp-json\/wp\/v2\/users\/3"}],"replies":[{"embeddable":true,"href":"https:\/\/www.monapart.com\/magazine\/ca\/wp-json\/wp\/v2\/comments?post=1255"}],"version-history":[{"count":1,"href":"https:\/\/www.monapart.com\/magazine\/ca\/wp-json\/wp\/v2\/posts\/1255\/revisions"}],"predecessor-version":[{"id":16865,"href":"https:\/\/www.monapart.com\/magazine\/ca\/wp-json\/wp\/v2\/posts\/1255\/revisions\/16865"}],"wp:featuredmedia":[{"embeddable":true,"href":"https:\/\/www.monapart.com\/magazine\/ca\/wp-json\/wp\/v2\/media\/1257"}],"wp:attachment":[{"href":"https:\/\/www.monapart.com\/magazine\/ca\/wp-json\/wp\/v2\/media?parent=1255"}],"wp:term":[{"taxonomy":"category","embeddable":true,"href":"https:\/\/www.monapart.com\/magazine\/ca\/wp-json\/wp\/v2\/categories?post=1255"},{"taxonomy":"post_tag","embeddable":true,"href":"https:\/\/www.monapart.com\/magazine\/ca\/wp-json\/wp\/v2\/tags?post=1255"}],"curies":[{"name":"wp","href":"https:\/\/api.w.org\/{rel}","templated":true}]}}