{"id":1249,"date":"2022-11-15T14:15:02","date_gmt":"2022-11-15T13:15:02","guid":{"rendered":"https:\/\/www.monapart.com\/magazine\/?p=1249"},"modified":"2025-03-27T10:11:53","modified_gmt":"2025-03-27T09:11:53","slug":"forma-arquitectura-on-neix-la-bellesa","status":"publish","type":"post","link":"https:\/\/www.monapart.com\/magazine\/ca\/hogar\/forma-arquitectura-donde-nace-la-belleza","title":{"rendered":"Forma arquitectura: on neix la bellesa"},"content":{"rendered":"<h1 class=\"wp-block-heading\">Forma arquitectura: on neix la bellesa<\/h1>\n\n\n\n<h2 class=\"wp-block-heading\">Crear espais amb identitat: larquitectura com a trobada entre est\u00e8tica, funcionalitat i emoci\u00f3.<\/h2>\n\n\n<div class='post-info'>15 de novembre de 2022 per <a href='https:\/\/www.monapart.com\/magazine\/ca\/autor\/monapart'>Monapart<\/a><\/div>\n\n\n\n<figure class=\"wp-block-image\"><img loading=\"lazy\" decoding=\"async\" width=\"600\" height=\"428\" src=\"https:\/\/www.monapart.com\/magazine\/wp-content\/uploads\/2022\/11\/entrevista_formaarquitectura_monapart.png\" alt=\"Forma arquitectura: on neix la bellesa Monapart \" class=\"wp-image-1250\" title=\"entrevista_formaarquitectura_monapart\" srcset=\"https:\/\/www.monapart.com\/magazine\/wp-content\/uploads\/2022\/11\/entrevista_formaarquitectura_monapart.png 600w, https:\/\/www.monapart.com\/magazine\/wp-content\/uploads\/2022\/11\/entrevista_formaarquitectura_monapart-300x214.png 300w\" sizes=\"auto, (max-width: 600px) 100vw, 600px\" \/><\/figure>\n\n\n\n<h3 class=\"wp-block-heading\">FORMA \u00e9s un estudi creatiu d&#039;arquitectura interior format per Adrian Elizalde i Oriol Bellido. Consideren el disseny com una part fonamental en el dia a dia. La seva missi\u00f3 \u00e9s que una reforma amb bon disseny en un proc\u00e9s transparent hauria d&#039;estar a l&#039;abast de tothom.<\/h3>\n\n\n\n<h5 class=\"wp-block-heading has-medium-font-size\"><strong>Adri\u00e0, parla&#039;ns de tu i de la teva feina. On va n\u00e9ixer la teva vocaci\u00f3? Algun primer record?<\/strong><\/h5>\n\n\n\n<p>S\u00f3c nascut a Barcelona, on he viscut la majoria de la meva vida. Aqu\u00ed he adquirit l?estil modernista i la passi\u00f3 pel passat. Parteix de la carrera d&#039;arquitectura la vaig cursar a Estocolm, on tamb\u00e9 vaig assimilar els conceptes del minimalisme c\u00e0lid. El primer record que tinc sobre la meva vocaci\u00f3 va ser als 16 anys. Sempre m&#039;havia atret la combinaci\u00f3 entre art i funcionalitat, per\u00f2 no em considerava ni un enginyer ni un artista, sin\u00f3 una combinaci\u00f3 de totes dues. Quan vaig haver d&#039;escollir carrera aquesta dualitat nom\u00e9s l&#039;aportava l&#039;arquitectura.<\/p>\n\n\n\n<h5 class=\"wp-block-heading has-medium-font-size\"><strong>Qu\u00e8 \u00e9s el que m\u00e9s et satisf\u00e0 de la teva feina? Alg\u00fa del que et sentis especialment orgull\u00f3s?<\/strong><\/h5>\n\n\n\n<p>Acabar un projecte i veure&#039;n el resultat \u00e9s el que m\u00e9s em satisf\u00e0. Pensar que hem constru\u00eft una llar on alg\u00fa viur\u00e0 molts moments de la vida.<\/p>\n\n\n\n<p>El m\u00e9s important va ser el primer perqu\u00e8 \u00e9s la primera vegada que sents aquesta sensaci\u00f3.<\/p>\n\n\n\n<figure class=\"wp-block-image\"><img loading=\"lazy\" decoding=\"async\" width=\"600\" height=\"428\" src=\"https:\/\/www.monapart.com\/magazine\/wp-content\/uploads\/2022\/11\/1_0.png\" alt=\"Forma arquitectura: on neix la bellesa Monapart \" class=\"wp-image-1251\" title=\"entrevista_forma_arquitectura_monapart_2\" srcset=\"https:\/\/www.monapart.com\/magazine\/wp-content\/uploads\/2022\/11\/1_0.png 600w, https:\/\/www.monapart.com\/magazine\/wp-content\/uploads\/2022\/11\/1_0-300x214.png 300w\" sizes=\"auto, (max-width: 600px) 100vw, 600px\" \/><\/figure>\n\n\n\n<h5 class=\"wp-block-heading has-medium-font-size\"><strong>Com \u00e9s el teu proc\u00e9s creatiu? Quines s\u00f3n les fonts d&#039;inspiraci\u00f3? Alguna m\u00fasica especialment mentre treballes?<\/strong><\/h5>\n\n\n\n<p>El nostre proc\u00e9s creatiu se centra en el client: qu\u00e8 li agrada, com \u00e9s, com viu, com voldria viure\u2026 La nostra proposta de valor sempre pret\u00e9n potenciar l&#039;usuari de l&#039;habitatge.<\/p>\n\n\n\n<p>Actualment la meva inspiraci\u00f3 s\u00f3n els blocs de disseny que acumulen diversitat de projectes i tend\u00e8ncies. La clau \u00e9s saber canalitzar tota la informaci\u00f3 i transformar-la en un projecte amb harmonia i amb sentit.<\/p>\n\n\n\n<h5 class=\"wp-block-heading has-medium-font-size\"><strong>Color, llibre, pel\u00b7li i disc favorits. Per aquest ordre! ;D<\/strong><\/h5>\n\n\n\n<p>Granat.<\/p>\n\n\n\n<p><em>La ciutat dels prodigi<\/em>s d&#039;Eduardo Mendoza.<\/p>\n\n\n\n<p><em>La taronja mec\u00e0nica<\/em>.<\/p>\n\n\n\n<p><em>Aftermath<\/em> de The Rolling Stones.<\/p>\n\n\n\n<figure class=\"wp-block-embed is-type-rich is-provider-spotify wp-block-embed-spotify wp-embed-aspect-21-9 wp-has-aspect-ratio\"><div class=\"wp-block-embed__wrapper\">\n<iframe title=\"Spotify Embed: Aftermath\" style=\"border-radius: 12px\" width=\"100%\" height=\"352\" frameborder=\"0\" allowfullscreen allow=\"autoplay; clipboard-write; encrypted-media; fullscreen; picture-in-picture\" loading=\"lazy\" src=\"https:\/\/open.spotify.com\/embed\/album\/72qrnM4yUNMDDlWiqKc8iY?si=1vUPVOlPRR2wkF2w2uy8aA&#038;utm_source=oembed\"><\/iframe>\n<\/div><\/figure>\n\n\n\n<h5 class=\"wp-block-heading has-medium-font-size\"><strong>\u00c9s casa teva reflex de qui ets? Explica&#039;ns a qu\u00e8 fa olor, el teu rac\u00f3 favorit, el teu objecte decoratiu o moble fetitxe, si atresores alguna col\u00b7lecci\u00f3\u2026 I si tens mascota, presenta&#039;ns-la!<\/strong><\/h5>\n\n\n\n<p>Casa meva \u00e9s totalment el reflex de qui s\u00f3c, una persona minimalista, \u00e9s a dir, espais amb molta llum, l\u00ednies simples per\u00f2 suggeridores, pocs objectes per\u00f2 de materials honestos i de qualitat.<\/p>\n\n\n\n<p>El moble que sempre vull a casa meva \u00e9s la l\u00e0mpada TMC de Miguel Mil\u00e0, acompanyada d&#039;una catifa al costat del sof\u00e0 que utilitzo per estirar-me i veure la tele, llegir o fer la migdiada!<\/p>\n\n\n\n<figure class=\"wp-block-image\"><img loading=\"lazy\" decoding=\"async\" width=\"600\" height=\"428\" src=\"https:\/\/www.monapart.com\/magazine\/wp-content\/uploads\/2022\/11\/2_0.png\" alt=\"Forma arquitectura: on neix la bellesa Monapart \" class=\"wp-image-1252\" title=\"entrevista_forma_arquitectura_monapart_3.\" srcset=\"https:\/\/www.monapart.com\/magazine\/wp-content\/uploads\/2022\/11\/2_0.png 600w, https:\/\/www.monapart.com\/magazine\/wp-content\/uploads\/2022\/11\/2_0-300x214.png 300w\" sizes=\"auto, (max-width: 600px) 100vw, 600px\" \/><\/figure>\n\n\n\n<h5 class=\"wp-block-heading has-medium-font-size\"><strong>Si poguessis comprar-te qualsevol cosa ara mateix i emportar-te-la a casa, quina seria? Qualsevol cosa!<\/strong><\/h5>\n\n\n\n<p>La millor cafetera del m\u00f3n.<\/p>\n\n\n\n<h5 class=\"wp-block-heading has-medium-font-size\"><strong>Un pla a casa sempre inclou\u2026<\/strong><\/h5>\n\n\n\n<p>Amics!<\/p>\n\n\n\n<h5 class=\"wp-block-heading has-medium-font-size\"><strong>Tens algun plat estrella?<\/strong><\/h5>\n\n\n\n<p>El que m\u00e9s m&#039;agrada \u00e9s el pernil ib\u00e8ric amb una copa de vi, per\u00f2 si he de dir un plat, les cocotxes de bacall\u00e0 al pil-pil.<\/p>\n\n\n\n<h5 class=\"wp-block-heading\"><strong>Quin \u00e9s el teu lloc preferit a la teva ciutat? I a l&#039;estranger?<\/strong><\/h5>\n\n\n\n<p>Un mirador a la muntanya del Tibidabo des d&#039;on es veu tot Barcelona.<\/p>\n\n\n\n<p>I a l&#039;estranger escull Williamsburg a Nova York, ja que vaig estar vivint durant un temps i em va ajudar a entendre moltes coses de mi mateix.<\/p>\n\n\n\n<h3 class=\"wp-block-heading\">Des de l&#039;ess\u00e8ncia del modernisme barcelon\u00ed fins a la calidesa del minimalisme escandinau, Adri\u00e1n Elizalde crea espais amb identitat, harmonia i sentit. La seva passi\u00f3 pel disseny es reflecteix a cada detall, des d&#039;un llum ic\u00f2nic fins al rac\u00f3 perfecte per compartir amb amics. Perqu\u00e8, al final, la bellesa en l&#039;arquitectura neix de la vida que s&#039;hi construeix.<\/h3>","protected":false},"excerpt":{"rendered":"<p>Crear espais amb identitat: larquitectura com a trobada entre est\u00e8tica, funcionalitat i emoci\u00f3.<\/p>","protected":false},"author":3,"featured_media":1250,"comment_status":"closed","ping_status":"closed","sticky":false,"template":"","format":"standard","meta":{"_acf_changed":true,"footnotes":""},"categories":[2844,2845],"tags":[2885,2870,2871],"class_list":["post-1249","post","type-post","status-publish","format-standard","has-post-thumbnail","hentry","category-hogar","category-mi-monapart","tag-arquitectura","tag-diseno","tag-interiorismo"],"acf":[],"_links":{"self":[{"href":"https:\/\/www.monapart.com\/magazine\/ca\/wp-json\/wp\/v2\/posts\/1249","targetHints":{"allow":["GET"]}}],"collection":[{"href":"https:\/\/www.monapart.com\/magazine\/ca\/wp-json\/wp\/v2\/posts"}],"about":[{"href":"https:\/\/www.monapart.com\/magazine\/ca\/wp-json\/wp\/v2\/types\/post"}],"author":[{"embeddable":true,"href":"https:\/\/www.monapart.com\/magazine\/ca\/wp-json\/wp\/v2\/users\/3"}],"replies":[{"embeddable":true,"href":"https:\/\/www.monapart.com\/magazine\/ca\/wp-json\/wp\/v2\/comments?post=1249"}],"version-history":[{"count":0,"href":"https:\/\/www.monapart.com\/magazine\/ca\/wp-json\/wp\/v2\/posts\/1249\/revisions"}],"wp:featuredmedia":[{"embeddable":true,"href":"https:\/\/www.monapart.com\/magazine\/ca\/wp-json\/wp\/v2\/media\/1250"}],"wp:attachment":[{"href":"https:\/\/www.monapart.com\/magazine\/ca\/wp-json\/wp\/v2\/media?parent=1249"}],"wp:term":[{"taxonomy":"category","embeddable":true,"href":"https:\/\/www.monapart.com\/magazine\/ca\/wp-json\/wp\/v2\/categories?post=1249"},{"taxonomy":"post_tag","embeddable":true,"href":"https:\/\/www.monapart.com\/magazine\/ca\/wp-json\/wp\/v2\/tags?post=1249"}],"curies":[{"name":"wp","href":"https:\/\/api.w.org\/{rel}","templated":true}]}}