{"id":1246,"date":"2022-10-24T16:49:51","date_gmt":"2022-10-24T14:49:51","guid":{"rendered":"https:\/\/www.monapart.com\/magazine\/?p=1246"},"modified":"2025-04-02T10:19:39","modified_gmt":"2025-04-02T08:19:39","slug":"la-captacio-com-mai-tho-han-explicat","status":"publish","type":"post","link":"https:\/\/www.monapart.com\/magazine\/ca\/gente-real\/la-captacion-como-nunca-te-la-han-contado","title":{"rendered":"La captaci\u00f3 com mai t&#039;ho han explicat"},"content":{"rendered":"<h1 class=\"wp-block-heading\">La captaci\u00f3 com mai t&#039;ho han explicat<\/h1>\n\n\n\n<h2 class=\"wp-block-heading\">M\u00e9s de 40 agents immobiliaris de Madrid podran comen\u00e7ar un 2023 espectacular gr\u00e0cies al taller que va oferir Jos\u00e9 Luis Echeverr\u00eda dijous passat a Madrid.<\/h2>\n\n\n<div class='post-info'>24 d&#039;octubre del 2022 per <a href='https:\/\/www.monapart.com\/magazine\/ca\/autor\/monapart'>Monapart<\/a><\/div>\n\n\n\n<p>Es va assistir a una formaci\u00f3 diferent, punky, provocadora i electritzant per a aquells agents amb l&#039;ambici\u00f3 de ser la seva millor versi\u00f3 i que volen comen\u00e7ar 2023 amb objectius, metodologia i eines aplicables des del minut zero i davant un proper any que, sense ser dolent, ser\u00e0 no tan bo.<\/p>\n\n\n\n<p>Durant unes hores es van poder aprendre conceptes, idees, models i eines que desconeixien i que podran aplicar de manera immediata. Sense embuts, sense introduccions interminables parlant-ne, sense pausa publicit\u00e0ria, sense v\u00eddeos motivacionals de farciment que heu vist mil vegades.<\/p>\n\n\n\n<p>Sense palla i al gra.<br>Curt i al peu.<br>Directe a la jugular.<\/p>\n\n\n\n<figure class=\"wp-block-image\"><img loading=\"lazy\" decoding=\"async\" width=\"600\" height=\"428\" src=\"https:\/\/www.monapart.com\/magazine\/wp-content\/uploads\/2022\/10\/formacion-capta-como-nunca-monapart.png\" alt=\"LA CAPTACI\u00d3 COM MAI TE L&#039;HAN COMPTAT | Monapart \" class=\"wp-image-1247\" title=\"formacio-la-captaci\u00f3-com-mai-abans-et-la-havien-contat\" srcset=\"https:\/\/www.monapart.com\/magazine\/wp-content\/uploads\/2022\/10\/formacion-capta-como-nunca-monapart.png 600w, https:\/\/www.monapart.com\/magazine\/wp-content\/uploads\/2022\/10\/formacion-capta-como-nunca-monapart-300x214.png 300w\" sizes=\"auto, (max-width: 600px) 100vw, 600px\" \/><\/figure>\n\n\n\n<p>Alguns dels nostres assistents ens han deixat algunes paraules sobre all\u00f2 viscut (i apr\u00e8s) que deixem just aqu\u00ed a baix:<\/p>\n\n\n\n<ul class=\"wp-block-list\">\n<li><em>Taller pr\u00e0ctic de principi a fi aporta molt m\u00e9s valor que les t\u00edpiques xerrades motivacionals de vendes.<\/em> \u00b7 <a href=\"https:\/\/www.monapart.com\/magazine\/ca\/agentes\/neus-arxilla\/\" target=\"_blank\" rel=\"noreferrer noopener\">Nieves Archilla<\/a><\/li>\n\n\n\n<li><em>Diferent, innovador com sempre ho fa Monapart. Una formaci\u00f3 de base essencial per a tot assessor immobiliari.<\/em> \u00b7 Mariotti Rodr\u00edguez&nbsp;<\/li>\n\n\n\n<li><em>Molt interessant i motivador per seguir endavant amb confian\u00e7a.<\/em> \u00b7 <a href=\"https:\/\/www.monapart.com\/magazine\/ca\/agentes\/manuel-velasco\/\" target=\"_blank\" rel=\"noreferrer noopener\">Manuel Velasco<\/a><\/li>\n\n\n\n<li><em>Un taller ubicat en un lloc meravell\u00f3s de Madrid; un ponent de 10 Jos\u00e9 Luis Echeverr\u00eda; un contingut conc\u00eds i pr\u00e0ctic. L&#039;equip de Monapart \u00e9s un encant. Gr\u00e0cies a tots i totes per la vostra feina. <\/em>\u00b7 Alexandra de Luis<\/li>\n\n\n\n<li><em>T\u00e8cnica per organitzar el teu temps i tenir \u00e8xit en el desenvolupament com a agent immobiliari.<\/em> \u00b7 <a href=\"https:\/\/www.monapart.com\/magazine\/ca\/agentes\/carlos-de-loresecha\/\" target=\"_blank\" rel=\"noreferrer noopener\">Carlos de Loresecha<\/a><\/li>\n<\/ul>\n\n\n\n<p>Milers de gr\u00e0cies a tots els assistents que ens vau acompanyar, estem segurs que captareu com mai i partireu la pana aquest 2023. Estem desitjant tornar!<\/p>","protected":false},"excerpt":{"rendered":"<p>M\u00e9s de 40 agents immobiliaris de Madrid podran comen\u00e7ar un 2023 espectacular gr\u00e0cies al taller de captaci\u00f3 que va oferir Jos\u00e9 Luis Echeverr\u00eda dijous passat a Madrid.<\/p>","protected":false},"author":3,"featured_media":1248,"comment_status":"closed","ping_status":"closed","sticky":false,"template":"","format":"standard","meta":{"_acf_changed":false,"footnotes":""},"categories":[2849,2850],"tags":[2873],"class_list":["post-1246","post","type-post","status-publish","format-standard","has-post-thumbnail","hentry","category-gente-real","category-formacion-inmobiliaria","tag-captacion"],"acf":[],"_links":{"self":[{"href":"https:\/\/www.monapart.com\/magazine\/ca\/wp-json\/wp\/v2\/posts\/1246","targetHints":{"allow":["GET"]}}],"collection":[{"href":"https:\/\/www.monapart.com\/magazine\/ca\/wp-json\/wp\/v2\/posts"}],"about":[{"href":"https:\/\/www.monapart.com\/magazine\/ca\/wp-json\/wp\/v2\/types\/post"}],"author":[{"embeddable":true,"href":"https:\/\/www.monapart.com\/magazine\/ca\/wp-json\/wp\/v2\/users\/3"}],"replies":[{"embeddable":true,"href":"https:\/\/www.monapart.com\/magazine\/ca\/wp-json\/wp\/v2\/comments?post=1246"}],"version-history":[{"count":1,"href":"https:\/\/www.monapart.com\/magazine\/ca\/wp-json\/wp\/v2\/posts\/1246\/revisions"}],"predecessor-version":[{"id":15788,"href":"https:\/\/www.monapart.com\/magazine\/ca\/wp-json\/wp\/v2\/posts\/1246\/revisions\/15788"}],"wp:featuredmedia":[{"embeddable":true,"href":"https:\/\/www.monapart.com\/magazine\/ca\/wp-json\/wp\/v2\/media\/1248"}],"wp:attachment":[{"href":"https:\/\/www.monapart.com\/magazine\/ca\/wp-json\/wp\/v2\/media?parent=1246"}],"wp:term":[{"taxonomy":"category","embeddable":true,"href":"https:\/\/www.monapart.com\/magazine\/ca\/wp-json\/wp\/v2\/categories?post=1246"},{"taxonomy":"post_tag","embeddable":true,"href":"https:\/\/www.monapart.com\/magazine\/ca\/wp-json\/wp\/v2\/tags?post=1246"}],"curies":[{"name":"wp","href":"https:\/\/api.w.org\/{rel}","templated":true}]}}